{"id":1050,"date":"2023-03-02T14:04:06","date_gmt":"2023-03-02T11:04:06","guid":{"rendered":"https:\/\/canaripress.com\/es\/?p=1050"},"modified":"2023-03-02T14:26:15","modified_gmt":"2023-03-02T11:26:15","slug":"marruecos-no-es-parte-en-el-conflicto-armado-entre-rusia-y-ucrania","status":"publish","type":"post","link":"https:\/\/canaripress.com\/es\/2023\/03\/02\/marruecos-no-es-parte-en-el-conflicto-armado-entre-rusia-y-ucrania\/","title":{"rendered":"Marruecos no es parte en el conflicto armado entre Rusia y Ucrania"},"content":{"rendered":"<div class=\"node-tpl-title\"><\/div>\n<p>&nbsp;<\/p>\n<div class=\"node-tpl-ville-accroche\"><span style=\"vertical-align: inherit;\"><span style=\"vertical-align: inherit;\">\u00a0El ministro de Asuntos Exteriores, Cooperaci\u00f3n Africana y Marroqu\u00edes Residentes en el Extranjero, Nasser Bourita, afirm\u00f3 este martes en Rabat que Marruecos \u00abno es parte en el conflicto armado entre Rusia y Ucrania\u00bb, subrayando que el Reino \u00abno ha participado y no participa , de ninguna forma, en este conflicto\u00bb.<\/span><\/span><\/div>\n<div class=\"node-wrapper-img-corps\">\n<div class=\"node-tpl-image-legende\">\n<div class=\"img\">\n<div class=\"field field-name-field-image field-type-image field-label-hidden\">\n<div class=\"field-items\">\n<div class=\"field-item even\"><\/div>\n<\/div>\n<\/div>\n<\/div>\n<\/div>\n<div class=\"node-tpl-corps\">\n<p><span style=\"vertical-align: inherit;\"><span style=\"vertical-align: inherit;\">En una conferencia de prensa conjunta con el viceministro federal austriaco de Asuntos Europeos e Internacionales, Peter Launsky, al t\u00e9rmino de sus conversaciones, el titular de Exteriores condiciona que Marruecos, como miembro de la comunidad internacional, trata este conflicto como una cuesti\u00f3n que afecta a la paz y la seguridad mundial, con sus importantes consecuencias en el plano economico y social.<\/span><\/span><\/p>\n<p><span style=\"vertical-align: inherit;\"><span style=\"vertical-align: inherit;\">El ministro sostuvo, en este sentido, que la posici\u00f3n del Reino sobre el conflicto ruso-ucraniano se basa en los principios de hicieron de la soberan\u00eda de los Estados y el respeto de la integridad territorial de los Estados miembros de la ONU, el arreglo pac\u00edfico de los conflictos, el apoyo a una pol\u00edtica de vecindad constructiva y el respeto de los principios del derecho internacional y de la Carta de las Naciones Unidas.<\/span><\/span><\/p>\n<p><span style=\"vertical-align: inherit;\"><span style=\"vertical-align: inherit;\">Sobre la base de esta posici\u00f3n, agreg\u00f3, \u00absiempre que hay una votaci\u00f3n en el seno de la ONU y de sus agencias especializadas, Marruecos se abstiene de votar salvo cuando la resoluci\u00f3n concierne a los principios de la Carta de la ONU ya los principios del derecho internacional y seg\u00fan los cuatro principios que defiende\u00bb.<\/span><\/span><\/p>\n<p><span style=\"vertical-align: inherit;\"><span style=\"vertical-align: inherit;\">A\u00f1adi\u00f3 que el Reino siempre voto a favor de estas resoluciones ya que tienen como objetivo preservar la integridad territorial de los Estados, adoptar modos pac\u00edficos para la resoluci\u00f3n de conflictos y son perfectamente conformes a la legalidad internacional ya las resoluciones de la ONU.<\/span><\/span><\/p>\n<p><span style=\"vertical-align: inherit;\"><span style=\"vertical-align: inherit;\">Bourita reafirm\u00f3, adem\u00e1s, que Marruecos manifiesta sus posiciones a trav\u00e9s de una votaci\u00f3n positiva cuando se trata de los principios del derecho internacional y de la Carta de la ONU, como fue el caso recientemente cuando el Reino vot\u00f3 a favor de una resoluci\u00f3n en armon\u00eda con su marco de referencia, es decir la Carta de la ONU, los principios del derecho internacional y las resoluciones de la legalidad internacional.<\/span><\/span><\/p>\n<\/div>\n<\/div>\n","protected":false},"excerpt":{"rendered":"<p>&nbsp; \u00a0El ministro de Asuntos Exteriores, Cooperaci\u00f3n Africana y Marroqu\u00edes Residentes en el Extranjero, Nasser Bourita, afirm\u00f3 este martes en Rabat que Marruecos \u00abno es parte en el conflicto armado entre Rusia y Ucrania\u00bb, subrayando que el Reino \u00abno ha participado y no participa , de ninguna forma, en este conflicto\u00bb. En una conferencia de &hellip;<\/p>\n","protected":false},"author":1,"featured_media":1051,"comment_status":"open","ping_status":"open","sticky":false,"template":"","format":"standard","meta":{"footnotes":""},"categories":[24],"tags":[],"class_list":["post-1050","post","type-post","status-publish","format-standard","has-post-thumbnail","hentry","category-politica"],"jetpack_featured_media_url":"https:\/\/canaripress.com\/es\/wp-content\/uploads\/sites\/2\/2023\/03\/Nasser-Bourita-900x600-1.jpg","_links":{"self":[{"href":"https:\/\/canaripress.com\/es\/wp-json\/wp\/v2\/posts\/1050","targetHints":{"allow":["GET"]}}],"collection":[{"href":"https:\/\/canaripress.com\/es\/wp-json\/wp\/v2\/posts"}],"about":[{"href":"https:\/\/canaripress.com\/es\/wp-json\/wp\/v2\/types\/post"}],"author":[{"embeddable":true,"href":"https:\/\/canaripress.com\/es\/wp-json\/wp\/v2\/users\/1"}],"replies":[{"embeddable":true,"href":"https:\/\/canaripress.com\/es\/wp-json\/wp\/v2\/comments?post=1050"}],"version-history":[{"count":2,"href":"https:\/\/canaripress.com\/es\/wp-json\/wp\/v2\/posts\/1050\/revisions"}],"predecessor-version":[{"id":1053,"href":"https:\/\/canaripress.com\/es\/wp-json\/wp\/v2\/posts\/1050\/revisions\/1053"}],"wp:featuredmedia":[{"embeddable":true,"href":"https:\/\/canaripress.com\/es\/wp-json\/wp\/v2\/media\/1051"}],"wp:attachment":[{"href":"https:\/\/canaripress.com\/es\/wp-json\/wp\/v2\/media?parent=1050"}],"wp:term":[{"taxonomy":"category","embeddable":true,"href":"https:\/\/canaripress.com\/es\/wp-json\/wp\/v2\/categories?post=1050"},{"taxonomy":"post_tag","embeddable":true,"href":"https:\/\/canaripress.com\/es\/wp-json\/wp\/v2\/tags?post=1050"}],"curies":[{"name":"wp","href":"https:\/\/api.w.org\/{rel}","templated":true}]}}