{"id":1054,"date":"2023-03-02T14:31:24","date_gmt":"2023-03-02T11:31:24","guid":{"rendered":"https:\/\/canaripress.com\/es\/?p=1054"},"modified":"2023-03-02T14:33:54","modified_gmt":"2023-03-02T11:33:54","slug":"laextranapostura-del-presidente-colombiano-sobre-marruecos-es-motivo-de-verguenzasegun-un-diario-colombiano","status":"publish","type":"post","link":"https:\/\/canaripress.com\/es\/2023\/03\/02\/laextranapostura-del-presidente-colombiano-sobre-marruecos-es-motivo-de-verguenzasegun-un-diario-colombiano\/","title":{"rendered":"La\u00bbextra\u00f1a\u00bbpostura del presidente colombiano sobre Marruecos es motivo de \u00abverg\u00fcenza\u00bbseg\u00fan un diario colombiano"},"content":{"rendered":"<div class=\"node-tpl-title\">\n<h2><img loading=\"lazy\" decoding=\"async\" src=\"https:\/\/www.mapnews.ma\/es\/sites\/default\/files\/styles\/corps_article_image\/public\/EL-TIEMPO-LOGO.jpg?itok=9VWr9dP-\" alt=\"\" width=\"450\" height=\"266\" \/><\/h2>\n<\/div>\n<div class=\"node-tpl-date-print\"><span class=\"printable-version go-right\"><a href=\"https:\/\/www.mapnews.ma\/es\/print\/111743\" target=\"_blanc\" rel=\"noopener\">\u00a0<i class=\"fa fa-print\"><\/i><\/a><\/span><\/div>\n<div class=\"node-tpl-ville-accroche\"><span style=\"vertical-align: inherit;\"><span style=\"vertical-align: inherit;\">Bogot\u00e1 &#8211; Las posiciones \u00abextra\u00f1as\u00bb adoptadas por el presidente colombiano frente a un pa\u00eds amigo como Marruecos son motivo de \u00abverg\u00fcenza\u00bb, afirm\u00f3 el diario colombiano El Tiempo, que calific\u00f3 al Reino de \u00absocio estrat\u00e9gico y privilegiado\u00bb en \u00c1frica.<\/span><\/span><\/div>\n<div class=\"node-wrapper-img-corps\">\n<div class=\"node-tpl-corps\">\n<p><span style=\"vertical-align: inherit;\"><span style=\"vertical-align: inherit;\">En una columna escrita por Andr\u00e9s Hurtado Garc\u00eda y publicada bajo el t\u00edtulo \u00abA Marruecos no se le trata as\u00ed\u00bb, el diario colombiano de gran tirada repasa la arriesgada decisi\u00f3n del presidente Gustavo Petro (izquierda), ex guerrillero desmovilizado.<\/span><\/span><\/p>\n<p><span style=\"vertical-align: inherit;\"><span style=\"vertical-align: inherit;\">\u00abApenas se hab\u00eda posesionado el 7 de agosto y parece que ten\u00eda prisa de actuar, no como presidente, sino como guerrillero, cuando el 10 de agosto, tres d\u00edas despu\u00e9s, le dio estatus de \u00abpa\u00eds\u00bb al Frente Polisario, movimiento separatista que no es reconocido por las grandes democracias del mundo y mucho menos por las Naciones Unidas\u00bb, se asombra el peri\u00f3dico.<\/span><\/span><\/p>\n<p><span style=\"vertical-align: inherit;\"><span style=\"vertical-align: inherit;\">Para Andr\u00e9s Hurtado, hay que reconocer que \u00abel Polisario atenta contra la soberan\u00eda y la integridad territorial de Marruecos\u00bb. <\/span><span style=\"vertical-align: inherit;\">\u00ab\u00bfQuerr\u00edamos que otros gobiernos o personas o entidades apoyaran p\u00fablicamente a Nicaragua en sus usos en detrimento de nuestra soberan\u00eda e integridad territorial? Eso es lo que est\u00e1 haciendo Petro con otro pa\u00eds amigo, pasando dram\u00e1ticamente por encima de la tradici\u00f3n colombiana de no inmiscuirse en los asuntos de otros pa\u00edses\u00bb, se pregunta.<\/span><\/span><\/p>\n<p><span style=\"vertical-align: inherit;\"><span style=\"vertical-align: inherit;\">El periodista tambi\u00e9n exclama sobre la insistencia del presidente, desde su llegada al poder, en ir por libre tanto interna como externamente. <\/span><span style=\"vertical-align: inherit;\">\u00abHay muchos colombianos que quieren ayudar al presidente, pero \u00e9l no colabora\u00bb, observa, se\u00f1alando que incluso podr\u00eda ir en contra de la instituci\u00f3n legislativa para lograr sus objetivos.<\/span><\/span><\/p>\n<p><span style=\"vertical-align: inherit;\"><span style=\"vertical-align: inherit;\">En este orden de ideas, el diario recuerda que el 19 de octubre del a\u00f1o pasado, el Senado de la Rep\u00fablica sucedi\u00f3 una \u00abdocumentada y contundente\u00bb resoluci\u00f3n contra el presidente Petro por atreverse a cometer \u00abeste monumental y reprochable insulto contra un gran aliado y amigo\u00bb, como lo califica el Senado.<\/span><\/span><\/p>\n<p><span style=\"vertical-align: inherit;\"><span style=\"vertical-align: inherit;\">De los 108 senadores, 63 firmaron la resoluci\u00f3n, incluidos los partidos de la coalici\u00f3n liderada por Petro: Partido Liberal, Partido Conservador, Partido de la U, Alianza Verde, Cambio Radical, Mira, Colombia Justa Libre, Centro Democr\u00e1tico, Liga de L\u00edderes Anticorrupci\u00f3n .<\/span><\/span><\/p>\n<p><span style=\"vertical-align: inherit;\"><span style=\"vertical-align: inherit;\">Roy Barreras, presidente del Senado, ante el n\u00famero de senadores que quer\u00edan intervenir para condenar la actitud del Presidente, lleg\u00f3 al extremo de quitarles la palabra, lament\u00f3 el autor del art\u00edculo.<\/span><\/span><\/p>\n<p><span style=\"vertical-align: inherit;\"><span style=\"vertical-align: inherit;\">\u00abFrancamente, nos averg\u00fcenzan estas extra\u00f1as decisiones gubernamentales y nos preguntamos: si Petro trata as\u00ed a sus amigos, \u00bfc\u00f3mo tratar\u00e1 a sus enemigos?\u00bb, se pregunta.<\/span><\/span><\/p>\n<p><span style=\"vertical-align: inherit;\"><span style=\"vertical-align: inherit;\">\u00abLos senadores de la Rep\u00fablica de Colombia, abajo firmantes, manifestamos nuestro profundo rechazo y total desacuerdo con la posici\u00f3n adoptada el 10 de agosto de 2022 por el Ministerio de Relaciones Exteriores (&#8230;) En estos \u00faltimos a\u00f1os las relaciones entre Colombia y Marruecos han alcanzado un nivel \u00f3ptimo y jam\u00e1s visto&#8230; A nivel bilateral el alto nivel de las relaciones entre nuestros dos pa\u00edses se ha convertido en hechos concretos y sumamente mejoradas para nuestras dos naciones. , acad\u00e9micos y humanos, gracias a los acuerdos firmados entre Bogot\u00e1 y Rabat\u00bb, lee lee en pasajes de la resoluci\u00f3n rese\u00f1ada por El Tiempo.<\/span><\/span><\/p>\n<p><span style=\"vertical-align: inherit;\"><span style=\"vertical-align: inherit;\">\u00abEste pa\u00eds africano \u2013siguen diciendo los senadores\u2013 representa para Colombia un socio estrat\u00e9gico y privilegiado en \u00c1frica y en el mundo \u00e1rabe dado su liderazgo y reconocimiento a nivel regional, continental y mundial\u00bb, recuerda el periodista, pregunt\u00e1ndose si, al leer esto, Petro ten\u00eda raz\u00f3n al privar a Colombia de \u00abun pa\u00eds tan importante\u00bb.<\/span><\/span><\/p>\n<p><span style=\"vertical-align: inherit;\"><span style=\"vertical-align: inherit;\">\u00abEl hecho de que Marruecos sea el \u00fanico pa\u00eds que no exige visado a los africanos colombianos, y que sea aliado de Colombia en sus relaciones con \u00c1frica, agrava tanto la situaci\u00f3n que resulta escandalosa\u00bb, afirma Andr\u00e9s Hurtado.<\/span><\/span><\/p>\n<\/div>\n<\/div>\n","protected":false},"excerpt":{"rendered":"<p>\u00a0 Bogot\u00e1 &#8211; Las posiciones \u00abextra\u00f1as\u00bb adoptadas por el presidente colombiano frente a un pa\u00eds amigo como Marruecos son motivo de \u00abverg\u00fcenza\u00bb, afirm\u00f3 el diario colombiano El Tiempo, que calific\u00f3 al Reino de \u00absocio estrat\u00e9gico y privilegiado\u00bb en \u00c1frica. En una columna escrita por Andr\u00e9s Hurtado Garc\u00eda y publicada bajo el t\u00edtulo \u00abA Marruecos no &hellip;<\/p>\n","protected":false},"author":1,"featured_media":1058,"comment_status":"open","ping_status":"open","sticky":false,"template":"","format":"standard","meta":{"footnotes":""},"categories":[24],"tags":[],"class_list":["post-1054","post","type-post","status-publish","format-standard","has-post-thumbnail","hentry","category-politica"],"jetpack_featured_media_url":"https:\/\/canaripress.com\/es\/wp-content\/uploads\/sites\/2\/2023\/03\/NUEVO_LOGO_DE_EL_TIEMPO_HD.jpg","_links":{"self":[{"href":"https:\/\/canaripress.com\/es\/wp-json\/wp\/v2\/posts\/1054","targetHints":{"allow":["GET"]}}],"collection":[{"href":"https:\/\/canaripress.com\/es\/wp-json\/wp\/v2\/posts"}],"about":[{"href":"https:\/\/canaripress.com\/es\/wp-json\/wp\/v2\/types\/post"}],"author":[{"embeddable":true,"href":"https:\/\/canaripress.com\/es\/wp-json\/wp\/v2\/users\/1"}],"replies":[{"embeddable":true,"href":"https:\/\/canaripress.com\/es\/wp-json\/wp\/v2\/comments?post=1054"}],"version-history":[{"count":2,"href":"https:\/\/canaripress.com\/es\/wp-json\/wp\/v2\/posts\/1054\/revisions"}],"predecessor-version":[{"id":1059,"href":"https:\/\/canaripress.com\/es\/wp-json\/wp\/v2\/posts\/1054\/revisions\/1059"}],"wp:featuredmedia":[{"embeddable":true,"href":"https:\/\/canaripress.com\/es\/wp-json\/wp\/v2\/media\/1058"}],"wp:attachment":[{"href":"https:\/\/canaripress.com\/es\/wp-json\/wp\/v2\/media?parent=1054"}],"wp:term":[{"taxonomy":"category","embeddable":true,"href":"https:\/\/canaripress.com\/es\/wp-json\/wp\/v2\/categories?post=1054"},{"taxonomy":"post_tag","embeddable":true,"href":"https:\/\/canaripress.com\/es\/wp-json\/wp\/v2\/tags?post=1054"}],"curies":[{"name":"wp","href":"https:\/\/api.w.org\/{rel}","templated":true}]}}