{"id":1060,"date":"2023-03-02T14:47:25","date_gmt":"2023-03-02T11:47:25","guid":{"rendered":"https:\/\/canaripress.com\/es\/?p=1060"},"modified":"2023-03-02T14:47:25","modified_gmt":"2023-03-02T11:47:25","slug":"rabat-la17asesion-plenaria-de-la-asamblea-parlamentaria-del-mediterraneo","status":"publish","type":"post","link":"https:\/\/canaripress.com\/es\/2023\/03\/02\/rabat-la17asesion-plenaria-de-la-asamblea-parlamentaria-del-mediterraneo\/","title":{"rendered":"Rabat :la17\u00aasesi\u00f3n plenaria de la Asamblea Parlamentaria del Mediterr\u00e1neo"},"content":{"rendered":"<div class=\"node-tpl-title\">\n<h2><\/h2>\n<\/div>\n<div class=\"node-tpl-ville-accroche\">\u00a0Los trabajos de la 17\u00aa sesi\u00f3n de la Asamblea Parlamentaria del Mediterr\u00e1neo (APM) se inauguraron, el mi\u00e9rcoles, en la sede de la C\u00e1mara de Consejeros.<\/div>\n<div class=\"node-wrapper-img-corps\">\n<div class=\"node-tpl-image-legende\">\n<div class=\"img\">\n<div class=\"field field-name-field-image field-type-image field-label-hidden\">\n<div class=\"field-items\">\n<div class=\"field-item even\"><\/div>\n<\/div>\n<\/div>\n<\/div>\n<\/div>\n<div class=\"node-tpl-corps\">\n<p>Esta importante sesi\u00f3n aborda diversas cuestiones y temas de actualidad en la agenda de esta organizaci\u00f3n parlamentaria, a trav\u00e9s de recomendaciones y resoluciones elaboradas en el marco de las comisiones permanentes especializadas de la APM, en particular las relacionadas con las cuestiones de \u00abinmigraci\u00f3n\u00bb, \u00abseguridad y terrorismo\u00bb, \u00abcrimen organizado y trata de seres humanos\u00bb, \u00abdesarrollos geopol\u00edticos y securitarios en la regi\u00f3n\u00bb, \u00abcrisis financiera y econ\u00f3mica\u00bb, \u00abinteligencia artificial\u00bb, \u00abeficacia energ\u00e9tica\u00bb, \u00abseguridad h\u00eddrica\u00bb y \u00abprotecci\u00f3n del medio marino\u00bb.<\/p>\n<p>Esta sesi\u00f3n, que se celebra en un turbulento contexto regional marcado por desaf\u00edos multidimensionales, contar\u00e1 con la participaci\u00f3n de m\u00e1s de 200 personalidades de 20 pa\u00edses y organizaciones regionales e internacionales, adem\u00e1s de actores de la sociedad civil y del sector econ\u00f3mico.<\/p>\n<p>Tambi\u00e9n se presentar\u00e1n los trabajos de la comisi\u00f3n permanente sobre \u00abla cooperaci\u00f3n pol\u00edtica y cuestiones securitarias\u00bb, \u00abdi\u00e1logo entre civilizaciones y derechos humanos\u00bb, as\u00ed como sobre \u00abcooperaci\u00f3n econ\u00f3mica, social y medioambiental\u00bb, adem\u00e1s de las pr\u00f3ximas actividades de la plataforma econ\u00f3mica de la APM tras el Foro de Marrakech, celebrado los d\u00edas 7 y 8 de diciembre.<\/p>\n<p>Los trabajos de esta 17\u00aa sesi\u00f3n tambi\u00e9n estar\u00e1n marcados por la elecci\u00f3n del nuevo presidente de la Asamblea Parlamentaria del Mediterr\u00e1neo, para el periodo 2023-2024.<\/p>\n<\/div>\n<\/div>\n","protected":false},"excerpt":{"rendered":"<p>\u00a0Los trabajos de la 17\u00aa sesi\u00f3n de la Asamblea Parlamentaria del Mediterr\u00e1neo (APM) se inauguraron, el mi\u00e9rcoles, en la sede de la C\u00e1mara de Consejeros. Esta importante sesi\u00f3n aborda diversas cuestiones y temas de actualidad en la agenda de esta organizaci\u00f3n parlamentaria, a trav\u00e9s de recomendaciones y resoluciones elaboradas en el marco de las comisiones &hellip;<\/p>\n","protected":false},"author":1,"featured_media":1061,"comment_status":"open","ping_status":"open","sticky":false,"template":"","format":"standard","meta":{"footnotes":""},"categories":[24],"tags":[],"class_list":["post-1060","post","type-post","status-publish","format-standard","has-post-thumbnail","hentry","category-politica"],"jetpack_featured_media_url":"https:\/\/canaripress.com\/es\/wp-content\/uploads\/sites\/2\/2023\/03\/APM1_0.jpg","_links":{"self":[{"href":"https:\/\/canaripress.com\/es\/wp-json\/wp\/v2\/posts\/1060","targetHints":{"allow":["GET"]}}],"collection":[{"href":"https:\/\/canaripress.com\/es\/wp-json\/wp\/v2\/posts"}],"about":[{"href":"https:\/\/canaripress.com\/es\/wp-json\/wp\/v2\/types\/post"}],"author":[{"embeddable":true,"href":"https:\/\/canaripress.com\/es\/wp-json\/wp\/v2\/users\/1"}],"replies":[{"embeddable":true,"href":"https:\/\/canaripress.com\/es\/wp-json\/wp\/v2\/comments?post=1060"}],"version-history":[{"count":2,"href":"https:\/\/canaripress.com\/es\/wp-json\/wp\/v2\/posts\/1060\/revisions"}],"predecessor-version":[{"id":1063,"href":"https:\/\/canaripress.com\/es\/wp-json\/wp\/v2\/posts\/1060\/revisions\/1063"}],"wp:featuredmedia":[{"embeddable":true,"href":"https:\/\/canaripress.com\/es\/wp-json\/wp\/v2\/media\/1061"}],"wp:attachment":[{"href":"https:\/\/canaripress.com\/es\/wp-json\/wp\/v2\/media?parent=1060"}],"wp:term":[{"taxonomy":"category","embeddable":true,"href":"https:\/\/canaripress.com\/es\/wp-json\/wp\/v2\/categories?post=1060"},{"taxonomy":"post_tag","embeddable":true,"href":"https:\/\/canaripress.com\/es\/wp-json\/wp\/v2\/tags?post=1060"}],"curies":[{"name":"wp","href":"https:\/\/api.w.org\/{rel}","templated":true}]}}