{"id":1064,"date":"2023-03-04T21:18:58","date_gmt":"2023-03-04T18:18:58","guid":{"rendered":"https:\/\/canaripress.com\/es\/?p=1064"},"modified":"2023-03-04T21:32:19","modified_gmt":"2023-03-04T18:32:19","slug":"1064","status":"publish","type":"post","link":"https:\/\/canaripress.com\/es\/2023\/03\/04\/1064\/","title":{"rendered":"Las iniciativas de desarrollo de Marruecos en favor de \u00c1frica destacadas en la Conferencia del Foro Parlamentario de los PMD en Doha"},"content":{"rendered":"<div class=\"node-tpl-title\">\n<h2><span style=\"vertical-align: inherit;\"><span style=\"vertical-align: inherit;\"><span style=\"vertical-align: inherit;\"><span style=\"vertical-align: inherit;\">Las iniciativas de desarrollo de Marruecos en favor de \u00c1frica destacadas en la Conferencia del Foro Parlamentario de los PMD en Doha<\/span><\/span><\/span><\/span><\/h2>\n<\/div>\n<p>&nbsp;<\/p>\n<div class=\"node-tpl-ville-accroche\"><span style=\"vertical-align: inherit;\"><span style=\"vertical-align: inherit;\"><span style=\"vertical-align: inherit;\"><span style=\"vertical-align: inherit;\">\u00a0Las iniciativas llevadas a cabo por el Reino de Marruecos en beneficio de los Pa\u00edses Menos Desarrollados (PMD), especialmente en el continente africano en el marco de la cooperaci\u00f3n Sur-Sur, fueron destacadas, este s\u00e1bado en Doha.<\/span><\/span><\/span><\/span><\/div>\n<div class=\"node-wrapper-img-corps\">\n<div class=\"node-tpl-image-legende\">\n<div class=\"img\">\n<div class=\"field field-name-field-image field-type-image field-label-hidden\">\n<div class=\"field-items\">\n<div class=\"field-item even\"><\/div>\n<\/div>\n<\/div>\n<\/div>\n<\/div>\n<div class=\"node-tpl-corps\">\n<p class=\"rtejustify\"><span style=\"vertical-align: inherit;\"><span style=\"vertical-align: inherit;\"><span style=\"vertical-align: inherit;\"><span style=\"vertical-align: inherit;\">Estas iniciativas se llevaron a cabo mediante la adopci\u00f3n de una visi\u00f3n a largo plazo basada en las virtudes de la cooperaci\u00f3n Sur-Sur y la necesidad del desarrollo humano en el establecimiento de v\u00ednculos econ\u00f3micos equitativos, justos y equilibrados, resaltaron la vicepresidenta de la C\u00e1mara de Representantes, Khadija Zoumi, que participa con el vicepresidente segundo de la C\u00e1mara de Consejeros, Ahmed Akhchichine, en los trabajos del foro parlamentario de la Conferencia de las Naciones Unidas sobre los Pa\u00edses Menos Desarrollados (PMD).<\/span><\/span><\/span><\/span><\/p>\n<p class=\"rtejustify\"><span style=\"vertical-align: inherit;\"><span style=\"vertical-align: inherit;\"><span style=\"vertical-align: inherit;\"><span style=\"vertical-align: inherit;\">Durante una sesi\u00f3n de intercambio de alto nivel al margen de este foro organizado en colaboraci\u00f3n entre la Uni\u00f3n Interparlamentaria y el Consejo de la Shura de Qatar, Zoumi subray\u00f3 que Marruecos ha contribuido a varias iniciativas en favor de los pa\u00edses africanos, entre ellas la condonaci\u00f3n de la deuda de algunos pa\u00edses menos adelantados y la exenci\u00f3n total de sus productos de los derechos de aduana a la hora de entrar en el mercado marroqu\u00ed.<\/span><\/span><\/span><\/span><\/p>\n<p class=\"rtejustify\"><span style=\"vertical-align: inherit;\"><span style=\"vertical-align: inherit;\"><span style=\"vertical-align: inherit;\"><span style=\"vertical-align: inherit;\">Por otra parte, Marruecos prosigue sus esfuerzos para reforzar los lazos de cooperaci\u00f3n con los socios africanos, en particular trabajando para concluir un acuerdo con la Uni\u00f3n Econ\u00f3mica y Monetaria de \u00c1frica Occidental y para adherirse a la Comunidad de Estados Sahelosaharianos, puede que antes de subrayar que las oportunidades derivadas de la cooperaci\u00f3n tripartita basada en la orientaci\u00f3n de los fondos de ayuda internacional hacia proyectos de infraestructuras que ser\u00e1n realizados por empresas marroqu\u00edes, podr\u00edan constituir puntos de apoyo para intensificar las relaciones econ\u00f3micas de Marruecos con los pa\u00edses menos desarrollados del continente.<\/span><\/span><\/span><\/span><\/p>\n<p class=\"rtejustify\"><span style=\"vertical-align: inherit;\"><span style=\"vertical-align: inherit;\">Adem\u00e1s, Zoumi insisti\u00f3 en la necesidad de reforzar la cooperaci\u00f3n internacional para desarrollar y aplicar pol\u00edticas industriales din\u00e1micas, se\u00f1alando que estas pol\u00edticas deber\u00edan promover, en particular, el desarrollo de empresas emergentes en los l\u00edmites de la industria manufacturera, la agricultura y los servicios por diversos medios, incluido el aumento de la eficacia de la organizaci\u00f3n del comercio, la agricultura y los servicios a trav\u00e9s de diversos medios, en particular mediante el aumento de la inversi\u00f3n extranjera y los flujos de capitales.<\/span><\/span><\/p>\n<p class=\"rtejustify\"><span style=\"vertical-align: inherit;\"><span style=\"vertical-align: inherit;\">Llam\u00f3, asimismo, a reducir los niveles insostenibles de deuda, exacerbados por la pandemia de Covid-19, mediante el establecimiento de un doble mecanismo de reestructuraci\u00f3n y cancelaci\u00f3n de dichas deudas, que incluye a los acreedores del sector p\u00fablico y privado.<\/span><\/span><\/p>\n<p class=\"rtejustify\"><span style=\"vertical-align: inherit;\"><span style=\"vertical-align: inherit;\"><span style=\"vertical-align: inherit;\"><span style=\"vertical-align: inherit;\">Los PMD, por su parte, deben poner fin gradualmente a su excesiva dependencia de la ayuda aumentando el uso de sus recursos, dijo, y agreg\u00f3 que los PMD necesitan ser econ\u00f3micamente m\u00e1s aut\u00f3nomos y aumentar su resiliencia a los choques.<\/span><\/span><\/span><\/span><\/p>\n<\/div>\n<\/div>\n","protected":false},"excerpt":{"rendered":"<p>Las iniciativas de desarrollo de Marruecos en favor de \u00c1frica destacadas en la Conferencia del Foro Parlamentario de los PMD en Doha &nbsp; \u00a0Las iniciativas llevadas a cabo por el Reino de Marruecos en beneficio de los Pa\u00edses Menos Desarrollados (PMD), especialmente en el continente africano en el marco de la cooperaci\u00f3n Sur-Sur, fueron destacadas, &hellip;<\/p>\n","protected":false},"author":1,"featured_media":1065,"comment_status":"open","ping_status":"open","sticky":false,"template":"","format":"standard","meta":{"footnotes":""},"categories":[24],"tags":[],"class_list":["post-1064","post","type-post","status-publish","format-standard","has-post-thumbnail","hentry","category-politica"],"jetpack_featured_media_url":"https:\/\/canaripress.com\/es\/wp-content\/uploads\/sites\/2\/2023\/03\/letra-y-significado-del-himno-de-marruecos-655x368-1.jpg","_links":{"self":[{"href":"https:\/\/canaripress.com\/es\/wp-json\/wp\/v2\/posts\/1064","targetHints":{"allow":["GET"]}}],"collection":[{"href":"https:\/\/canaripress.com\/es\/wp-json\/wp\/v2\/posts"}],"about":[{"href":"https:\/\/canaripress.com\/es\/wp-json\/wp\/v2\/types\/post"}],"author":[{"embeddable":true,"href":"https:\/\/canaripress.com\/es\/wp-json\/wp\/v2\/users\/1"}],"replies":[{"embeddable":true,"href":"https:\/\/canaripress.com\/es\/wp-json\/wp\/v2\/comments?post=1064"}],"version-history":[{"count":4,"href":"https:\/\/canaripress.com\/es\/wp-json\/wp\/v2\/posts\/1064\/revisions"}],"predecessor-version":[{"id":1067,"href":"https:\/\/canaripress.com\/es\/wp-json\/wp\/v2\/posts\/1064\/revisions\/1067"}],"wp:featuredmedia":[{"embeddable":true,"href":"https:\/\/canaripress.com\/es\/wp-json\/wp\/v2\/media\/1065"}],"wp:attachment":[{"href":"https:\/\/canaripress.com\/es\/wp-json\/wp\/v2\/media?parent=1064"}],"wp:term":[{"taxonomy":"category","embeddable":true,"href":"https:\/\/canaripress.com\/es\/wp-json\/wp\/v2\/categories?post=1064"},{"taxonomy":"post_tag","embeddable":true,"href":"https:\/\/canaripress.com\/es\/wp-json\/wp\/v2\/tags?post=1064"}],"curies":[{"name":"wp","href":"https:\/\/api.w.org\/{rel}","templated":true}]}}