{"id":1070,"date":"2023-03-04T22:09:49","date_gmt":"2023-03-04T19:09:49","guid":{"rendered":"https:\/\/canaripress.com\/es\/?p=1070"},"modified":"2023-03-04T22:09:49","modified_gmt":"2023-03-04T19:09:49","slug":"mulet-pregunta-por-la-venta-a-marruecos-del-submarino-tramontana-por-un-euro","status":"publish","type":"post","link":"https:\/\/canaripress.com\/es\/2023\/03\/04\/mulet-pregunta-por-la-venta-a-marruecos-del-submarino-tramontana-por-un-euro\/","title":{"rendered":"Mulet pregunta por la venta a Marruecos del submarino Tramontana \u00abpor un euro\u00bb"},"content":{"rendered":"<div class=\"entry-header\">\n<h2 class=\"jeg_post_subtitle\">El Gobierno ha respondido que \u00abno le consta la existencia de ning\u00fan elemento que respalde la veracidad de la informaci\u00f3n\u00bb sobre la venta del submarino<\/h2>\n<div class=\"jeg_meta_container\">\n<div class=\"jeg_post_meta jeg_post_meta_2\">\n<div class=\"jeg_meta_date\"><\/div>\n<div class=\"meta_right\"><\/div>\n<\/div>\n<\/div>\n<\/div>\n<div class=\"row\">\n<div class=\"jeg_main_content col-md-8\">\n<div class=\"jeg_inner_content\">\n<div class=\"jeg_featured featured_image \">\n<div class=\"thumbnail-container animate-lazy\"><img loading=\"lazy\" decoding=\"async\" class=\"attachment-jnews-featured-750 size-jnews-featured-750 wp-post-image lazyautosizes lazyloaded\" src=\"https:\/\/elfarodeceuta.es\/wp-content\/uploads\/2023\/03\/submarino-tramontana-armada-750x500.jpg\" sizes=\"auto, 750px\" srcset=\"https:\/\/elfarodeceuta.es\/wp-content\/uploads\/2023\/03\/submarino-tramontana-armada-750x500.jpg 750w, https:\/\/elfarodeceuta.es\/wp-content\/uploads\/2023\/03\/submarino-tramontana-armada-450x300.jpg 450w, https:\/\/elfarodeceuta.es\/wp-content\/uploads\/2023\/03\/submarino-tramontana-armada-650x433.jpg 650w, https:\/\/elfarodeceuta.es\/wp-content\/uploads\/2023\/03\/submarino-tramontana-armada-768x512.jpg 768w, https:\/\/elfarodeceuta.es\/wp-content\/uploads\/2023\/03\/submarino-tramontana-armada.jpg 1013w\" alt=\"submarino-tramontana-armada\" width=\"750\" height=\"500\" data-full-width=\"1013\" data-full-height=\"675\" data-src=\"https:\/\/elfarodeceuta.es\/wp-content\/uploads\/2023\/03\/submarino-tramontana-armada-750x500.jpg\" data-srcset=\"https:\/\/elfarodeceuta.es\/wp-content\/uploads\/2023\/03\/submarino-tramontana-armada-750x500.jpg 750w, https:\/\/elfarodeceuta.es\/wp-content\/uploads\/2023\/03\/submarino-tramontana-armada-450x300.jpg 450w, https:\/\/elfarodeceuta.es\/wp-content\/uploads\/2023\/03\/submarino-tramontana-armada-650x433.jpg 650w, https:\/\/elfarodeceuta.es\/wp-content\/uploads\/2023\/03\/submarino-tramontana-armada-768x512.jpg 768w, https:\/\/elfarodeceuta.es\/wp-content\/uploads\/2023\/03\/submarino-tramontana-armada.jpg 1013w\" data-sizes=\"auto\" data-expand=\"700\" \/><\/div>\n<p class=\"wp-caption-text\">\n<\/div>\n<div class=\"entry-content no-share\">\n<div class=\"content-inner \">\nEl senador de Comprom\u00eds, Carles Mulet, ha preguntado al Gobierno de Espa\u00f1a por la venta a Marruecos del m\u00edtico submarino Tramontana de la Armada \u00abpor un euro\u00bb. Mulet se basa en una publicaci\u00f3n online para llevar a la C\u00e1mara Baja una pregunta sobre esta venta como \u00abpaso previo a la construcci\u00f3n y venta de tres modernos submarinos S-80+ (plus) para la Marina Real Marroqu\u00ed\u00bb.<\/p>\n<p>\u00abEn el d\u00eda de hoy se ha hecho p\u00fablica la intenci\u00f3n oficial de Marruecos de dotarse con el submarino espa\u00f1ol Tramontana (S- 74) como paso previo a la compra de tres modernos submarinos S- 80+ (plus) de \u00faltima generaci\u00f3n, dotados de propulsi\u00f3n AIP y equipados con torpedos, misiles antibuque y misiles de crucero de largo alcance, con los que la naci\u00f3n alauita reforzar\u00e1 de manera cre\u00edble su poder de disuasi\u00f3n y defensa en la estrat\u00e9gica \u00e1rea del Estrecho de Gibraltar\u00bb, recoge el senador en su pregunta.<\/p>\n<div class=\"gvgyknk gvgyknk-137\">\n<div class=\"gvgyknk-single avgyknk-692\"><ins id=\"revive-1-3\" data-revive-zoneid=\"29\" data-revive-id=\"c253e74bb19875deedbd3f3e84a4988c\" data-revive-seq=\"3\" data-revive-loaded=\"1\"><\/p>\n<div id=\"beacon_4db6afa43c\"><\/div>\n<p><\/ins><\/div>\n<\/div>\n<p>Por ello, Carles Mulet ped\u00eda por escrito informaci\u00f3n sobre \u00abqu\u00e9 garant\u00edas tiene el Gobierno de Espa\u00f1a de que todo este material no va a ser usado por el r\u00e9gimen marroqu\u00ed contra los intereses espa\u00f1oles\u00bb ya que, bajo su opini\u00f3n, \u00abla adquisici\u00f3n del Tramontana por parte de Marruecos permitir\u00e1 plantar la semilla de la nueva fuerza submarina del pa\u00eds magreb\u00ed\u00bb.<\/p>\n<p>Seg\u00fan la informaci\u00f3n de la que se hac\u00eda eco el senador, el submarino ser\u00eda vendido a Marruecos por el simb\u00f3lico precio de un euro, \u00abhaciendo p\u00fablico as\u00ed las excelentes relaciones bilaterales entre nuestro pa\u00eds y la naci\u00f3n hermana norteafricana\u00bb.<\/p>\n<p>\u00abMarruecos ya hab\u00eda planeado la adquisici\u00f3n de submarinos para que operen desde la Base Naval de Alcazaseguir, localidad cercana a Ceuta, despu\u00e9s de que Argelia comprase dos modernos submarinos Kilo 636M diesel- el\u00e9ctricos a Rusia, que se suman a otros cuatro submarinos Kilo operativos m\u00e1s antiguos\u00bb, ha continuado en su exposici\u00f3n.<\/p>\n<p>Una pregunta a la que el Gobierno ha respondido que \u00abno le consta la existencia de ning\u00fan elemento que respalde la veracidad de la informaci\u00f3n\u00bb de la noticia sobre la venta del submarino.<\/p>\n<\/div>\n<\/div>\n<\/div>\n<\/div>\n<\/div>\n","protected":false},"excerpt":{"rendered":"<p>El Gobierno ha respondido que \u00abno le consta la existencia de ning\u00fan elemento que respalde la veracidad de la informaci\u00f3n\u00bb sobre la venta del submarino El senador de Comprom\u00eds, Carles Mulet, ha preguntado al Gobierno de Espa\u00f1a por la venta a Marruecos del m\u00edtico submarino Tramontana de la Armada \u00abpor un euro\u00bb. Mulet se basa &hellip;<\/p>\n","protected":false},"author":1,"featured_media":1071,"comment_status":"open","ping_status":"open","sticky":false,"template":"","format":"standard","meta":{"footnotes":""},"categories":[24],"tags":[],"class_list":["post-1070","post","type-post","status-publish","format-standard","has-post-thumbnail","hentry","category-politica"],"jetpack_featured_media_url":"https:\/\/canaripress.com\/es\/wp-content\/uploads\/sites\/2\/2023\/03\/submarino-tramontana-armada.jpg","_links":{"self":[{"href":"https:\/\/canaripress.com\/es\/wp-json\/wp\/v2\/posts\/1070","targetHints":{"allow":["GET"]}}],"collection":[{"href":"https:\/\/canaripress.com\/es\/wp-json\/wp\/v2\/posts"}],"about":[{"href":"https:\/\/canaripress.com\/es\/wp-json\/wp\/v2\/types\/post"}],"author":[{"embeddable":true,"href":"https:\/\/canaripress.com\/es\/wp-json\/wp\/v2\/users\/1"}],"replies":[{"embeddable":true,"href":"https:\/\/canaripress.com\/es\/wp-json\/wp\/v2\/comments?post=1070"}],"version-history":[{"count":1,"href":"https:\/\/canaripress.com\/es\/wp-json\/wp\/v2\/posts\/1070\/revisions"}],"predecessor-version":[{"id":1072,"href":"https:\/\/canaripress.com\/es\/wp-json\/wp\/v2\/posts\/1070\/revisions\/1072"}],"wp:featuredmedia":[{"embeddable":true,"href":"https:\/\/canaripress.com\/es\/wp-json\/wp\/v2\/media\/1071"}],"wp:attachment":[{"href":"https:\/\/canaripress.com\/es\/wp-json\/wp\/v2\/media?parent=1070"}],"wp:term":[{"taxonomy":"category","embeddable":true,"href":"https:\/\/canaripress.com\/es\/wp-json\/wp\/v2\/categories?post=1070"},{"taxonomy":"post_tag","embeddable":true,"href":"https:\/\/canaripress.com\/es\/wp-json\/wp\/v2\/tags?post=1070"}],"curies":[{"name":"wp","href":"https:\/\/api.w.org\/{rel}","templated":true}]}}