{"id":1073,"date":"2023-03-05T19:12:53","date_gmt":"2023-03-05T16:12:53","guid":{"rendered":"https:\/\/canaripress.com\/es\/?p=1073"},"modified":"2023-03-05T19:12:53","modified_gmt":"2023-03-05T16:12:53","slug":"15-miembros-de-la-asamblea-general-del-parlamento-andino-reiteran-su-posicion-a-favor-de-la-integridad-territorial-del-reino-y-de-la-iniciativa-de-autonomia","status":"publish","type":"post","link":"https:\/\/canaripress.com\/es\/2023\/03\/05\/15-miembros-de-la-asamblea-general-del-parlamento-andino-reiteran-su-posicion-a-favor-de-la-integridad-territorial-del-reino-y-de-la-iniciativa-de-autonomia\/","title":{"rendered":"15 miembros de la Asamblea General del Parlamento Andino reiteran su posici\u00f3n a favor de la integridad territorial del Reino y de la iniciativa de autonom\u00eda"},"content":{"rendered":"<div class=\"node-tpl-ville-accroche\">&#8211; Quince (15) miembros de la Asamblea General del Parlamento Andino, entre los 25 miembros de este \u00f3rgano constitucional, reiteraron, en una petici\u00f3n dirigida a la presidenta de este Parlamento, su firme posici\u00f3n de apoyo a la integridad territorial del Reino de Marruecos y a la iniciativa de autonom\u00eda como soluci\u00f3n al conflicto sobre la cuesti\u00f3n del Sahara marroqu\u00ed.<\/div>\n<div class=\"node-wrapper-img-corps\">\n<div class=\"node-tpl-image-legende\">\n<div class=\"img\">\n<div class=\"field field-name-field-image field-type-image field-label-hidden\">\n<div class=\"field-items\">\n<div class=\"field-item even\"><\/div>\n<\/div>\n<\/div>\n<\/div>\n<\/div>\n<div class=\"node-tpl-corps\">\n<p class=\"rtejustify\">En esta declaraci\u00f3n-petici\u00f3n dirigida al parlamento marroqu\u00ed, estos parlamentarios expresaron su llamamiento a \u00abpromover la paz y la estabilidad, y a considerar el di\u00e1logo civilizado como la mejor v\u00eda para alcanzar los consensos necesarios que conduzcan a un clima de paz real y duradera\u00bb.<\/p>\n<p class=\"rtejustify\">La petici\u00f3n recuerda que la Asamblea General del Parlamento Andino hab\u00eda celebrado una sesi\u00f3n en la ciudad de Laay\u00fan, en el S\u00e1hara marroqu\u00ed, el 4 de julio de 2022, con la participaci\u00f3n del Parlamento marroqu\u00ed representado por los Presidentes de la C\u00e1mara de Representantes y de la C\u00e1mara de Consejeros, durante la cual se adopt\u00f3 una posici\u00f3n a favor del di\u00e1logo pol\u00edtico y de la cooperaci\u00f3n parlamentaria.<\/p>\n<p class=\"rtejustify\">Durante esta sesi\u00f3n, a\u00f1adi\u00f3 la misma fuente, los parlamentarios andinos que se informaron de la situaci\u00f3n sobre el terreno constataron, en su visita a los proyectos de desarrollo socioecon\u00f3mico y las instalaciones educativas y m\u00e9dicas, \u00abla paz, la estabilidad y el desarrollo que prevalecen en la regi\u00f3n\u00bb.<\/p>\n<p class=\"rtejustify\">En el mismo contexto, se destac\u00f3 que las sucesivas visitas de los parlamentarios andinos al Reino de Marruecos les han permitido conocer los proyectos de reformas emprendidos, el desarrollo socioecon\u00f3mico, as\u00ed como el respeto de los derechos humanos, que hacen del Reino un polo de vanguardia en su entorno regional y una puerta de entrada de los pa\u00edses andinos y latinoamericanos hacia \u00c1frica y el mundo \u00e1rabe.<\/p>\n<p class=\"rtejustify\">La petici\u00f3n recuerda, en este contexto, la \u00faltima resoluci\u00f3n oficial adoptada por el Parlamento Andino el 27 de octubre de 2022 en Bucaramanga, Colombia, en que una mayor\u00eda de sus miembros hab\u00edan votado a favor de una resoluci\u00f3n que apoya la soberan\u00eda pol\u00edtica, la unidad nacional y la integridad territorial de los Estados soberanos reconocidos por las Naciones Unidas, expresando su apoyo al plan marroqu\u00ed de autonom\u00eda como soluci\u00f3n realista, seria y cre\u00edble a este diferendo regional en el marco de las resoluciones de las Naciones Unidas.<\/p>\n<p class=\"rtejustify\">En este sentido, la petici\u00f3n llama a la presidenta del Parlamento Andino para que cumpla con el contenido del acuerdo firmado con el Parlamento marroqu\u00ed y vuelva a invitar a sus representantes a asistir a las sesiones de la Asamblea General, tal y como ha ocurrido con los anteriores presidentes del Parlamento Andino desde la firma del acuerdo de adhesi\u00f3n de Marruecos como miembro observador y socio avanzado de esta instancia parlamentaria.<\/p>\n<p class=\"rtejustify\">El parlamento marroqu\u00ed precis\u00f3 que la actual presidenta del Parlamento Andino intent\u00f3 implicar al supuesto \u00abConsejo Nacional Saharaui\u00bb como miembro observador del Parlamento Andino. Tras el fracaso de su intento tras el rechazo de la mayor\u00eda de los miembros de la Asamblea, la presidenta del Parlamento Andino decidi\u00f3 no invitar al Parlamento marroqu\u00ed, contrariamente a lo que estipula el acuerdo firmado entre las dos instituciones legislativas.<\/p>\n<p class=\"rtejustify\">Se\u00f1al\u00f3 que tras el fracaso de todos estos intentos, la actual presidenta trat\u00f3 de inducir a error a los participantes en la 17\u00aa sesi\u00f3n de la Uni\u00f3n de Consejos de Estados Miembros de la Organizaci\u00f3n de Cooperaci\u00f3n Isl\u00e1mica, celebrada recientemente en Argelia, diciendo que el Parlamento Andino apoya las mentiras e ilusiones del pa\u00eds que alberga la fantasmal rasd, asegurando que \u00abesta petici\u00f3n se produjo tras el comunicado de la Comisi\u00f3n de Pol\u00edtica Exterior, Relaciones Internacionales y Diplomacia Parlamentaria en el Parlamento Andino para desenmascarar los intentos desesperados de la Presidenta y demostrar que se expresa en nombre de una minor\u00eda de miembros\u00bb.<\/p>\n<p class=\"rtejustify\">En este sentido, el Parlamento marroqu\u00ed record\u00f3 que tres de los cinco miembros del pa\u00eds de la actual presidenta del Parlamento Andino (Rep\u00fablica de Colombia) son firmantes de esta petici\u00f3n, y tres de los cinco miembros de la mesa ejecutiva tambi\u00e9n lo son y rechazan sus declaraciones. Lo mismo ocurre tambi\u00e9n en la Comisi\u00f3n de Asuntos Exteriores, donde tres de los cinco miembros han firmado una declaraci\u00f3n que confirma su apoyo a la unidad y soberan\u00eda territorial del Reino de Marruecos sobre todas sus tierras, y de los 25 miembros de la Asamblea General, 15 rechazan las declaraciones de la Presidenta y reafirman su apoyo al Reino de Marruecos y a su iniciativa de autonom\u00eda en las provincias del sur bajo soberan\u00eda marroqu\u00ed.<\/p>\n<p class=\"rtejustify\">Los presidentes de las dos c\u00e1maras del Parlamento marroqu\u00ed elogiaron los \u00abencomiables esfuerzos y el alto esp\u00edritu patri\u00f3tico\u00bb mostrados por sus representantes en el Parlamento Andino.<\/p>\n<p class=\"rtejustify\">Marruecos est\u00e1 representado en el Parlamento Andino por los diputados Fatine El Ghali, Mohammed Benjelloun Touimi (C\u00e1mara de Representantes) y el consejero Abdelkader Salama (C\u00e1mara de Consejeros).<\/p>\n<\/div>\n<\/div>\n","protected":false},"excerpt":{"rendered":"<p>&#8211; Quince (15) miembros de la Asamblea General del Parlamento Andino, entre los 25 miembros de este \u00f3rgano constitucional, reiteraron, en una petici\u00f3n dirigida a la presidenta de este Parlamento, su firme posici\u00f3n de apoyo a la integridad territorial del Reino de Marruecos y a la iniciativa de autonom\u00eda como soluci\u00f3n al conflicto sobre la &hellip;<\/p>\n","protected":false},"author":1,"featured_media":1074,"comment_status":"open","ping_status":"open","sticky":false,"template":"","format":"standard","meta":{"footnotes":""},"categories":[24],"tags":[],"class_list":["post-1073","post","type-post","status-publish","format-standard","has-post-thumbnail","hentry","category-politica"],"jetpack_featured_media_url":"https:\/\/canaripress.com\/es\/wp-content\/uploads\/sites\/2\/2023\/03\/Diseo_sin_ttulo_6.png","_links":{"self":[{"href":"https:\/\/canaripress.com\/es\/wp-json\/wp\/v2\/posts\/1073","targetHints":{"allow":["GET"]}}],"collection":[{"href":"https:\/\/canaripress.com\/es\/wp-json\/wp\/v2\/posts"}],"about":[{"href":"https:\/\/canaripress.com\/es\/wp-json\/wp\/v2\/types\/post"}],"author":[{"embeddable":true,"href":"https:\/\/canaripress.com\/es\/wp-json\/wp\/v2\/users\/1"}],"replies":[{"embeddable":true,"href":"https:\/\/canaripress.com\/es\/wp-json\/wp\/v2\/comments?post=1073"}],"version-history":[{"count":2,"href":"https:\/\/canaripress.com\/es\/wp-json\/wp\/v2\/posts\/1073\/revisions"}],"predecessor-version":[{"id":1076,"href":"https:\/\/canaripress.com\/es\/wp-json\/wp\/v2\/posts\/1073\/revisions\/1076"}],"wp:featuredmedia":[{"embeddable":true,"href":"https:\/\/canaripress.com\/es\/wp-json\/wp\/v2\/media\/1074"}],"wp:attachment":[{"href":"https:\/\/canaripress.com\/es\/wp-json\/wp\/v2\/media?parent=1073"}],"wp:term":[{"taxonomy":"category","embeddable":true,"href":"https:\/\/canaripress.com\/es\/wp-json\/wp\/v2\/categories?post=1073"},{"taxonomy":"post_tag","embeddable":true,"href":"https:\/\/canaripress.com\/es\/wp-json\/wp\/v2\/tags?post=1073"}],"curies":[{"name":"wp","href":"https:\/\/api.w.org\/{rel}","templated":true}]}}