{"id":1077,"date":"2023-03-05T20:51:33","date_gmt":"2023-03-05T17:51:33","guid":{"rendered":"https:\/\/canaripress.com\/es\/?p=1077"},"modified":"2023-03-05T20:51:33","modified_gmt":"2023-03-05T17:51:33","slug":"marruecos-y-la-union-europea-consolidan-su-prosperidad-compartida-titula-una-agencia-de-noticias-argentina","status":"publish","type":"post","link":"https:\/\/canaripress.com\/es\/2023\/03\/05\/marruecos-y-la-union-europea-consolidan-su-prosperidad-compartida-titula-una-agencia-de-noticias-argentina\/","title":{"rendered":"Marruecos y la Uni\u00f3n Europea consolidan su \u00abprosperidad compartida\u00bb, titula una agencia de noticias argentina"},"content":{"rendered":"<div class=\"node-tpl-title\">\n<h2>Marruecos y la Uni\u00f3n Europea consolidan su \u00abprosperidad compartida\u00bb, titula una agencia de noticias argentina<\/h2>\n<\/div>\n<div class=\"node-tpl-date-print\"><span class=\"printable-version go-right\"><a href=\"https:\/\/www.mapnews.ma\/es\/print\/111831\" target=\"_blanc\" rel=\"noopener\">\u00a0<i class=\"fa fa-print\"><\/i><\/a><\/span><\/div>\n<div class=\"node-tpl-ville-accroche\">Buenos Aires &#8211; Marruecos y la Uni\u00f3n Europea no dejan de consolidar su \u00abprosperidad compartida\u00bb, a trav\u00e9s de un nuevo paquete de acuerdos por valor de 500 millones de euros, concluidos durante la visita al Reino del comisario europeo de Pol\u00edtica de Vecindad y Ampliaci\u00f3n, Oliver V\u00e1rhelyi, escribe la agencia de noticias argentina \u00ab Alternative Press Agency \u00bb.<\/div>\n<div class=\"node-wrapper-img-corps\">\n<div class=\"node-tpl-image-legende\">\n<div class=\"img\">\n<div class=\"field field-name-field-image field-type-image field-label-hidden\">\n<div class=\"field-items\">\n<div class=\"field-item even\"><\/div>\n<\/div>\n<\/div>\n<\/div>\n<\/div>\n<div class=\"node-tpl-corps\">\n<p class=\"rtejustify\">El medio argentino considera que la UE reconoce, as\u00ed, el valor de Marruecos como \u00bb socio estrat\u00e9gico y puerta europea al \u00c1frica\u00bb, y a\u00f1ade que en la regi\u00f3n, el Reino es \u00bb la \u00fanica democracia estable, con una econom\u00eda en expansi\u00f3n y con valores humanitarios compartidos con las democracias europeas\u00bb.<\/p>\n<p class=\"rtejustify\">La agencia argentina, que recuerda que \u00aba despecho de las oscuras maquinaciones e intrigas de corto vuelo montadas por algunos sectores del Parlamento Europeo\u00bb, Rabat y Bruselas refuerzan sus \u201cfluidos v\u00ednculos\u201d y la visita de Oliver V\u00e1rhelyi constituye un ejemplo m\u00e1s del \u201cmecanismo de cooperaci\u00f3n y consulta permanente construido entre ambas partes\u201d.<\/p>\n<p class=\"rtejustify\">\u201cEn tan solo dos meses de 2023, agrega la misma funete, la tendencia se reafirma. En el mes de enero arrib\u00f3 el Alto Representante de la Uni\u00f3n Europea para Asuntos Exteriores y Pol\u00edtica de Seguridad y vicepresidente de la Comisi\u00f3n Europea, Joseph Borrell y ahora lo hace el comisionado para la Pol\u00edtica de Vecindad y Ampliaci\u00f3n, en su segunda visita a Marruecos en menos de un a\u00f1o\u201d.<\/p>\n<p class=\"rtejustify\">Para Alternative Press Agency, \u00ab la presencia continua de altos funcionarios europeos en Marruecos constituye una clara evidencia de la relevancia que la Uni\u00f3n Europea otorga a sus v\u00ednculos con Rabat\u201d.<\/p>\n<p class=\"rtejustify\">Detalla sobre el programa de la visita de tres d\u00edas del Comisario europeo al Reino, sus reuniones con altos responsables marroqu\u00edes y el contenido de los programas de cooperaci\u00f3n entre ambas partes destinados a \u00abimpulsar el desarrollo y modernizaci\u00f3n de Marruecos y apoyarlo en sus esfuerzos por controlar la migraci\u00f3n irregular en el Norte de \u00c1frica\u00bb.<\/p>\n<p class=\"rtejustify\">Despu\u00e9s, el medio argentino detalla los objetivos perseguidos por el programa \u00abKarama\u00bb de apoyo a la protecci\u00f3n social en Marruecos, el programa de apoyo a la reforma de la administraci\u00f3n p\u00fablica, el programa de apoyo a la gesti\u00f3n de los flujos migratorios, el programa Tierra Verde y el programa de apoyo a la inclusi\u00f3n financiera.<\/p>\n<p class=\"rtejustify\">El reciente incremento en las relaciones de cooperaci\u00f3n entre Marruecos y la Uni\u00f3n Europea, acompa\u00f1a el relanzamiento de las relaciones bilaterales entre Marruecos y Espa\u00f1a, se\u00f1ala Alternative Press Agency, para subrayar que \u201clos lazos de mayor sinton\u00eda y cooperaci\u00f3n entre Rabat y Madrid surgen a partir de la fraternal amistad entre los reyes Mohammed VI y Felipe VI, que permiti\u00f3 a ambos gobiernos consolidar una asociaci\u00f3n estrat\u00e9gica bilateral y alcanzar una hoja de ruta clara y realista, que beneficia los intereses de dos pueblos unidos por la geograf\u00eda y la historia\u201d.<\/p>\n<\/div>\n<\/div>\n","protected":false},"excerpt":{"rendered":"<p>Marruecos y la Uni\u00f3n Europea consolidan su \u00abprosperidad compartida\u00bb, titula una agencia de noticias argentina \u00a0 Buenos Aires &#8211; Marruecos y la Uni\u00f3n Europea no dejan de consolidar su \u00abprosperidad compartida\u00bb, a trav\u00e9s de un nuevo paquete de acuerdos por valor de 500 millones de euros, concluidos durante la visita al Reino del comisario europeo &hellip;<\/p>\n","protected":false},"author":1,"featured_media":1078,"comment_status":"open","ping_status":"open","sticky":false,"template":"","format":"standard","meta":{"footnotes":""},"categories":[24],"tags":[],"class_list":["post-1077","post","type-post","status-publish","format-standard","has-post-thumbnail","hentry","category-politica"],"jetpack_featured_media_url":"https:\/\/canaripress.com\/es\/wp-content\/uploads\/sites\/2\/2023\/03\/shutterstock_1875077167.webp","_links":{"self":[{"href":"https:\/\/canaripress.com\/es\/wp-json\/wp\/v2\/posts\/1077","targetHints":{"allow":["GET"]}}],"collection":[{"href":"https:\/\/canaripress.com\/es\/wp-json\/wp\/v2\/posts"}],"about":[{"href":"https:\/\/canaripress.com\/es\/wp-json\/wp\/v2\/types\/post"}],"author":[{"embeddable":true,"href":"https:\/\/canaripress.com\/es\/wp-json\/wp\/v2\/users\/1"}],"replies":[{"embeddable":true,"href":"https:\/\/canaripress.com\/es\/wp-json\/wp\/v2\/comments?post=1077"}],"version-history":[{"count":2,"href":"https:\/\/canaripress.com\/es\/wp-json\/wp\/v2\/posts\/1077\/revisions"}],"predecessor-version":[{"id":1080,"href":"https:\/\/canaripress.com\/es\/wp-json\/wp\/v2\/posts\/1077\/revisions\/1080"}],"wp:featuredmedia":[{"embeddable":true,"href":"https:\/\/canaripress.com\/es\/wp-json\/wp\/v2\/media\/1078"}],"wp:attachment":[{"href":"https:\/\/canaripress.com\/es\/wp-json\/wp\/v2\/media?parent=1077"}],"wp:term":[{"taxonomy":"category","embeddable":true,"href":"https:\/\/canaripress.com\/es\/wp-json\/wp\/v2\/categories?post=1077"},{"taxonomy":"post_tag","embeddable":true,"href":"https:\/\/canaripress.com\/es\/wp-json\/wp\/v2\/tags?post=1077"}],"curies":[{"name":"wp","href":"https:\/\/api.w.org\/{rel}","templated":true}]}}