{"id":1086,"date":"2023-03-06T20:33:50","date_gmt":"2023-03-06T17:33:50","guid":{"rendered":"https:\/\/canaripress.com\/es\/?p=1086"},"modified":"2023-03-06T20:33:50","modified_gmt":"2023-03-06T17:33:50","slug":"dia-internacional-de-la-mujer-recital-literario-el-miercoles-en-el-instituto-cervantes-de-rabat","status":"publish","type":"post","link":"https:\/\/canaripress.com\/es\/2023\/03\/06\/dia-internacional-de-la-mujer-recital-literario-el-miercoles-en-el-instituto-cervantes-de-rabat\/","title":{"rendered":"D\u00eda internacional de la mujer: recital literario el mi\u00e9rcoles en el Instituto Cervantes de Rabat"},"content":{"rendered":"<div class=\"node-tpl-title\">\n<h2><\/h2>\n<\/div>\n<p>&nbsp;<\/p>\n<div class=\"node-tpl-ville-accroche\">El Instituto Cervantes de Rabat organiza, el mi\u00e9rcoles a las 18h30 en su sede, un recital literario con motivo de la celebraci\u00f3n del d\u00eda internacional de la mujer.<\/div>\n<div class=\"node-wrapper-img-corps\">\n<div class=\"node-tpl-image-legende\">\n<div class=\"img\">\n<div class=\"field field-name-field-image field-type-image field-label-hidden\">\n<div class=\"field-items\">\n<div class=\"field-item even\"><\/div>\n<\/div>\n<\/div>\n<\/div>\n<\/div>\n<div class=\"node-tpl-corps\">\n<p>Esta cita cultura estar\u00e1 marcada por una lectura biling\u00fce, en lenguas \u00e1rabe y espa\u00f1ola, de los versos m\u00e1s conocidos de cinco poetisas espa\u00f1olas y marroqu\u00edes de las dos orillas del Mediterr\u00e1neo, indica el Instituto en un comunicado.<\/p>\n<p>Se trata de las poetas espa\u00f1olas Mar\u00eda Rosal Nadales y Ana Rossetti, y sus compa\u00f1eras marroqu\u00edes, Ouidad Benmousa, Iman El Khattabi y Touria Majdouline, destaca la misma fuente.<\/p>\n<p>Las poes\u00edas de todas ellas aparecen, entre otras, en la antolog\u00eda Mar de Albor\u00e1n, que fue recientemente publicada para dar visibilidad a la poes\u00eda contempor\u00e1nea andaluza y marroqu\u00ed, concluye el comunicado.<\/p>\n<\/div>\n<\/div>\n","protected":false},"excerpt":{"rendered":"<p>&nbsp; El Instituto Cervantes de Rabat organiza, el mi\u00e9rcoles a las 18h30 en su sede, un recital literario con motivo de la celebraci\u00f3n del d\u00eda internacional de la mujer. Esta cita cultura estar\u00e1 marcada por una lectura biling\u00fce, en lenguas \u00e1rabe y espa\u00f1ola, de los versos m\u00e1s conocidos de cinco poetisas espa\u00f1olas y marroqu\u00edes de &hellip;<\/p>\n","protected":false},"author":1,"featured_media":1087,"comment_status":"open","ping_status":"open","sticky":false,"template":"","format":"standard","meta":{"footnotes":""},"categories":[24],"tags":[],"class_list":["post-1086","post","type-post","status-publish","format-standard","has-post-thumbnail","hentry","category-politica"],"jetpack_featured_media_url":"https:\/\/canaripress.com\/es\/wp-content\/uploads\/sites\/2\/2023\/03\/telechargement.png","_links":{"self":[{"href":"https:\/\/canaripress.com\/es\/wp-json\/wp\/v2\/posts\/1086","targetHints":{"allow":["GET"]}}],"collection":[{"href":"https:\/\/canaripress.com\/es\/wp-json\/wp\/v2\/posts"}],"about":[{"href":"https:\/\/canaripress.com\/es\/wp-json\/wp\/v2\/types\/post"}],"author":[{"embeddable":true,"href":"https:\/\/canaripress.com\/es\/wp-json\/wp\/v2\/users\/1"}],"replies":[{"embeddable":true,"href":"https:\/\/canaripress.com\/es\/wp-json\/wp\/v2\/comments?post=1086"}],"version-history":[{"count":2,"href":"https:\/\/canaripress.com\/es\/wp-json\/wp\/v2\/posts\/1086\/revisions"}],"predecessor-version":[{"id":1089,"href":"https:\/\/canaripress.com\/es\/wp-json\/wp\/v2\/posts\/1086\/revisions\/1089"}],"wp:featuredmedia":[{"embeddable":true,"href":"https:\/\/canaripress.com\/es\/wp-json\/wp\/v2\/media\/1087"}],"wp:attachment":[{"href":"https:\/\/canaripress.com\/es\/wp-json\/wp\/v2\/media?parent=1086"}],"wp:term":[{"taxonomy":"category","embeddable":true,"href":"https:\/\/canaripress.com\/es\/wp-json\/wp\/v2\/categories?post=1086"},{"taxonomy":"post_tag","embeddable":true,"href":"https:\/\/canaripress.com\/es\/wp-json\/wp\/v2\/tags?post=1086"}],"curies":[{"name":"wp","href":"https:\/\/api.w.org\/{rel}","templated":true}]}}