{"id":1090,"date":"2023-03-06T20:51:31","date_gmt":"2023-03-06T17:51:31","guid":{"rendered":"https:\/\/canaripress.com\/es\/?p=1090"},"modified":"2023-03-06T20:51:31","modified_gmt":"2023-03-06T17:51:31","slug":"la-visita-del-comisario-europeo-de-vecindad-refleja-la-solidez-del-partenariado-marruecos-ue-experta-norteamericana","status":"publish","type":"post","link":"https:\/\/canaripress.com\/es\/2023\/03\/06\/la-visita-del-comisario-europeo-de-vecindad-refleja-la-solidez-del-partenariado-marruecos-ue-experta-norteamericana\/","title":{"rendered":"La visita del comisario europeo de Vecindad refleja la solidez del partenariado Marruecos-UE (Experta norteamericana)"},"content":{"rendered":"<div class=\"node-tpl-title\">\n<h2><\/h2>\n<\/div>\n<div class=\"node-tpl-ville-accroche\">\u00a0La visita de trabajo que ha realizado a Rabat el comisario europeo de Pol\u00edtica de Vecindad y Ampliaci\u00f3n, Oliv\u00e9r V\u00e1rhelyi, refleja la solidez de la cooperaci\u00f3n y el partenariado que une a Marruecos y la Uni\u00f3n Europea (UE), subray\u00f3 la experta norteamericana en relaciones internacionales, Irina Tsukerman.<\/div>\n<div class=\"node-wrapper-img-corps\">\n<div class=\"node-tpl-image-legende\">\n<div class=\"img\">\n<div class=\"field field-name-field-image field-type-image field-label-hidden\">\n<div class=\"field-items\">\n<div class=\"field-item even\"><\/div>\n<\/div>\n<\/div>\n<\/div>\n<\/div>\n<div class=\"node-tpl-corps\">\n<p>Esta din\u00e1mica virtuosa de cooperaci\u00f3n se refleja en \u00e1mbitos de alto valor a\u00f1adido como la transici\u00f3n hacia las energ\u00edas renovables, la digitalizaci\u00f3n de las econom\u00edas, la innovaci\u00f3n y la transferencia de tecnolog\u00eda, as\u00ed como las inversiones p\u00fablicas y privadas, indic\u00f3 Tsukerman en declaraciones a la MAP.<\/p>\n<p>La experta se\u00f1al\u00f3 que las dos partes, en el marco de una asociaci\u00f3n equilibrada, pueden capitalizar sus relaciones privilegiadas para ampliar el alcance de su cooperaci\u00f3n, en particular en el marco del proyecto de gasoducto Nigeria-Marruecos, o en los \u00e1mbitos de la transici\u00f3n digital, la educaci\u00f3n y la producci\u00f3n de hidr\u00f3geno verde, entre otros.<\/p>\n<p>Igualmente, destac\u00f3 la experta, esta s\u00f3lida asociaci\u00f3n derrota a las \u00abfuerzas mal\u00e9volas\u00bb que tratan de socavar el potencial de las florecientes relaciones comerciales y pol\u00edticas entre Marruecos y sus numerosos socios de la UE.<\/p>\n<\/div>\n<\/div>\n","protected":false},"excerpt":{"rendered":"<p>\u00a0La visita de trabajo que ha realizado a Rabat el comisario europeo de Pol\u00edtica de Vecindad y Ampliaci\u00f3n, Oliv\u00e9r V\u00e1rhelyi, refleja la solidez de la cooperaci\u00f3n y el partenariado que une a Marruecos y la Uni\u00f3n Europea (UE), subray\u00f3 la experta norteamericana en relaciones internacionales, Irina Tsukerman. Esta din\u00e1mica virtuosa de cooperaci\u00f3n se refleja en &hellip;<\/p>\n","protected":false},"author":1,"featured_media":1091,"comment_status":"open","ping_status":"open","sticky":false,"template":"","format":"standard","meta":{"footnotes":""},"categories":[24],"tags":[],"class_list":["post-1090","post","type-post","status-publish","format-standard","has-post-thumbnail","hentry","category-politica"],"jetpack_featured_media_url":"https:\/\/canaripress.com\/es\/wp-content\/uploads\/sites\/2\/2023\/03\/MG_4146.jpg","_links":{"self":[{"href":"https:\/\/canaripress.com\/es\/wp-json\/wp\/v2\/posts\/1090","targetHints":{"allow":["GET"]}}],"collection":[{"href":"https:\/\/canaripress.com\/es\/wp-json\/wp\/v2\/posts"}],"about":[{"href":"https:\/\/canaripress.com\/es\/wp-json\/wp\/v2\/types\/post"}],"author":[{"embeddable":true,"href":"https:\/\/canaripress.com\/es\/wp-json\/wp\/v2\/users\/1"}],"replies":[{"embeddable":true,"href":"https:\/\/canaripress.com\/es\/wp-json\/wp\/v2\/comments?post=1090"}],"version-history":[{"count":2,"href":"https:\/\/canaripress.com\/es\/wp-json\/wp\/v2\/posts\/1090\/revisions"}],"predecessor-version":[{"id":1093,"href":"https:\/\/canaripress.com\/es\/wp-json\/wp\/v2\/posts\/1090\/revisions\/1093"}],"wp:featuredmedia":[{"embeddable":true,"href":"https:\/\/canaripress.com\/es\/wp-json\/wp\/v2\/media\/1091"}],"wp:attachment":[{"href":"https:\/\/canaripress.com\/es\/wp-json\/wp\/v2\/media?parent=1090"}],"wp:term":[{"taxonomy":"category","embeddable":true,"href":"https:\/\/canaripress.com\/es\/wp-json\/wp\/v2\/categories?post=1090"},{"taxonomy":"post_tag","embeddable":true,"href":"https:\/\/canaripress.com\/es\/wp-json\/wp\/v2\/tags?post=1090"}],"curies":[{"name":"wp","href":"https:\/\/api.w.org\/{rel}","templated":true}]}}