{"id":1097,"date":"2023-03-07T02:19:04","date_gmt":"2023-03-06T23:19:04","guid":{"rendered":"https:\/\/canaripress.com\/es\/?p=1097"},"modified":"2023-03-07T02:19:04","modified_gmt":"2023-03-06T23:19:04","slug":"los-campamentos-de-tinduf-ilustran-perfectamente-las-violaciones-de-derechos-humanos-en-zonas-de-conflicto-conferencia-2","status":"publish","type":"post","link":"https:\/\/canaripress.com\/es\/2023\/03\/07\/los-campamentos-de-tinduf-ilustran-perfectamente-las-violaciones-de-derechos-humanos-en-zonas-de-conflicto-conferencia-2\/","title":{"rendered":"Los campamentos de Tinduf ilustran perfectamente las violaciones de derechos humanos en zonas de conflicto (conferencia)"},"content":{"rendered":"<div class=\"node-tpl-title\"><\/div>\n<div class=\"node-tpl-date-print\"><\/div>\n<div class=\"node-tpl-ville-accroche\">Activistas de derechos humanos subrayaron, este lunes en Ginebra, que los campamentos de Tinduf, en el sur de Argelia, son un ejemplo perfecto de las pr\u00e1cticas degradantes y de las violaciones de los derechos humanos en las zonas de conflicto, de las que son v\u00edctimas principalmente las mujeres y los ni\u00f1os.<\/div>\n<div class=\"node-wrapper-img-corps\">\n<div class=\"node-tpl-image-legende\">\n<div class=\"img\">\n<div class=\"field field-name-field-image field-type-image field-label-hidden\">\n<div class=\"field-items\">\n<div class=\"field-item even\"><\/div>\n<\/div>\n<\/div>\n<\/div>\n<\/div>\n<div class=\"node-tpl-corps\">\n<p>En una conferencia organizada por iniciativa de la Organizaci\u00f3n Africa Culture sobre \u00abViolaciones de los derechos humanos, trata de seres humanos y explotaci\u00f3n de mujeres y ni\u00f1os en zonas de conflicto\u00bb, los intervinientes se\u00f1alaron la precaria situaci\u00f3n de las mujeres y los ni\u00f1os de estos campamentos, que se enfrentan tanto a los abusos del \u00abpolisario\u00bb como a la negligencia del pa\u00eds anfitri\u00f3n, Argelia.<\/p>\n<p>Elisa Pav\u00f3n, coordinadora de la plataforma \u00abLa libertad es su derecho\u00bb, dio un conmovedor testimonio sobre la situaci\u00f3n de las mujeres y sus hijos en los campamentos, basado en 12 a\u00f1os de experiencia investigando la lacra del tr\u00e1fico de seres humanos.<\/p>\n<p>La triste conclusi\u00f3n es que la explotaci\u00f3n de los ni\u00f1os est\u00e1 en el coraz\u00f3n de las pr\u00e1cticas del \u00abPolisario\u00bb, que hace prevalecer la ley del silencio en lo que respecta a su reclutamiento, dijo, se\u00f1alando que estos ni\u00f1os son v\u00edctimas de la propaganda pol\u00edtica del \u00abPolisario\u00bb, que les incita al odio.<\/p>\n<p>Por su parte, la activista italiana Giorgia Botera expres\u00f3 su preocupaci\u00f3n por las violaciones de la integridad f\u00edsica y moral de las mujeres, los ni\u00f1os y todas las personas secuestradas en los campamentos de Tinduf, denunciando en particular el matrimonio forzado de las j\u00f3venes y sus repercusiones sobre su salud.<\/p>\n<p>El mundo no puede seguir ignorando estos hechos, subray\u00f3, y llamando a crear los mecanismos mediterr\u00e1neos para poner fin a estas violaciones.<\/p>\n<p>Por su parte, el presidente de Africa Culture, Lamine Dianko, se\u00f1al\u00f3 que los conflictos exacerban la vulnerabilidad y favorecen los abusos, pidiendo que se d\u00e9 prioridad a las mujeres y los ni\u00f1os como las categor\u00edas m\u00e1s vulnerables.<\/p>\n<p>El reclutamiento de ni\u00f1os es una pr\u00e1ctica habitual en las zonas de conflicto y las partes interesadas deben denunciar estas pr\u00e1cticas que contravienen los convenios internacionales y los derechos humanos, prosigui\u00f3.<\/p>\n<p>La presidenta del Observatorio Internacional para la Paz y los Derechos Humanos (IOPDHR), Aicha Douihi, se\u00f1al\u00f3 que a pesar del rechazo un\u00e1nime al reclutamiento de ni\u00f1os, el \u00abPolisario\u00bb intenta, desde la creaci\u00f3n de los campamentos de Tinduf, prohibir a los ni\u00f1os que contin\u00faen su escolarizaci\u00f3n, para orientarlos hacia actividades militares, violando disposiciones de la Convenci\u00f3n sobre los Derechos del Ni\u00f1o.<\/p>\n<p>A\u00f1adi\u00f3 que, para obtener m\u00e1s ayuda, el \u00abPolisario\u00bb velar por aumentar el n\u00famero de personas en los campamentos prohibiendo a las mujeres la planificaci\u00f3n familiar, deplorando el hecho de que estas mismas mujeres se vean luego obligadas a entregar a sus hijos al \u00abPolisario\u00bb para que puedan ser enviados a Sudam\u00e9rica durante largos per\u00edodos.<\/p>\n<p>Este encuentro, moderado por la activista Mina Laghzal, denunci\u00f3 la pol\u00edtica de silencio ante las violaciones que se producen en los campamentos, y pidi\u00f3 que se respete el derecho internacional de los derechos humanos y abolir estas pr\u00e1cticas en las zonas de conflicto.<\/p>\n<\/div>\n<\/div>\n","protected":false},"excerpt":{"rendered":"<p>Activistas de derechos humanos subrayaron, este lunes en Ginebra, que los campamentos de Tinduf, en el sur de Argelia, son un ejemplo perfecto de las pr\u00e1cticas degradantes y de las violaciones de los derechos humanos en las zonas de conflicto, de las que son v\u00edctimas principalmente las mujeres y los ni\u00f1os. En una conferencia organizada &hellip;<\/p>\n","protected":false},"author":1,"featured_media":1095,"comment_status":"open","ping_status":"open","sticky":false,"template":"","format":"standard","meta":{"footnotes":""},"categories":[24],"tags":[],"class_list":["post-1097","post","type-post","status-publish","format-standard","has-post-thumbnail","hentry","category-politica"],"jetpack_featured_media_url":"https:\/\/canaripress.com\/es\/wp-content\/uploads\/sites\/2\/2023\/03\/campamentos-tinduf-argelia-sahara-agresion-asadedh.jpg","_links":{"self":[{"href":"https:\/\/canaripress.com\/es\/wp-json\/wp\/v2\/posts\/1097","targetHints":{"allow":["GET"]}}],"collection":[{"href":"https:\/\/canaripress.com\/es\/wp-json\/wp\/v2\/posts"}],"about":[{"href":"https:\/\/canaripress.com\/es\/wp-json\/wp\/v2\/types\/post"}],"author":[{"embeddable":true,"href":"https:\/\/canaripress.com\/es\/wp-json\/wp\/v2\/users\/1"}],"replies":[{"embeddable":true,"href":"https:\/\/canaripress.com\/es\/wp-json\/wp\/v2\/comments?post=1097"}],"version-history":[{"count":2,"href":"https:\/\/canaripress.com\/es\/wp-json\/wp\/v2\/posts\/1097\/revisions"}],"predecessor-version":[{"id":1099,"href":"https:\/\/canaripress.com\/es\/wp-json\/wp\/v2\/posts\/1097\/revisions\/1099"}],"wp:featuredmedia":[{"embeddable":true,"href":"https:\/\/canaripress.com\/es\/wp-json\/wp\/v2\/media\/1095"}],"wp:attachment":[{"href":"https:\/\/canaripress.com\/es\/wp-json\/wp\/v2\/media?parent=1097"}],"wp:term":[{"taxonomy":"category","embeddable":true,"href":"https:\/\/canaripress.com\/es\/wp-json\/wp\/v2\/categories?post=1097"},{"taxonomy":"post_tag","embeddable":true,"href":"https:\/\/canaripress.com\/es\/wp-json\/wp\/v2\/tags?post=1097"}],"curies":[{"name":"wp","href":"https:\/\/api.w.org\/{rel}","templated":true}]}}