{"id":1104,"date":"2023-03-07T19:03:22","date_gmt":"2023-03-07T16:03:22","guid":{"rendered":"https:\/\/canaripress.com\/es\/?p=1104"},"modified":"2023-03-07T19:03:22","modified_gmt":"2023-03-07T16:03:22","slug":"las-maniobras-de-argelia-e-iran-una-amenaza-creciente-para-la-estabilidad-en-el-norte-de-africa-y-el-sahel-medios-espanoles","status":"publish","type":"post","link":"https:\/\/canaripress.com\/es\/2023\/03\/07\/las-maniobras-de-argelia-e-iran-una-amenaza-creciente-para-la-estabilidad-en-el-norte-de-africa-y-el-sahel-medios-espanoles\/","title":{"rendered":"Las maniobras de Argelia e Ir\u00e1n, una amenaza creciente para la estabilidad en el norte de \u00c1frica y el Sahel (Medios espa\u00f1oles)"},"content":{"rendered":"<div class=\"node-tpl-title\"><\/div>\n<p>&nbsp;<\/p>\n<div class=\"node-tpl-ville-accroche\">\u00a0Medios de comunicaci\u00f3n espa\u00f1oles han arrojado luz sobre el papel desestabilizador de los reg\u00edmenes argelino e iran\u00ed en el norte de \u00c1frica y la regi\u00f3n del Sahel, en un turbulento contexto internacional marcado por la guerra de Ucrania.<\/div>\n<div class=\"node-wrapper-img-corps\">\n<div class=\"node-tpl-image-legende\">\n<div class=\"img\">\n<div class=\"field field-name-field-image field-type-image field-label-hidden\">\n<div class=\"field-items\">\n<div class=\"field-item even\"><\/div>\n<\/div>\n<\/div>\n<\/div>\n<\/div>\n<div class=\"node-tpl-corps\">\n<p>Esta situaci\u00f3n es fuente de gran preocupaci\u00f3n para Estados Unidos y Europa, que constatan el contraste entre Marruecos, que se consolida como \u00absocio fiable\u00bb en \u00c1frica, y Argelia, que prosigue su empresa desestabilizadora en toda la regi\u00f3n, subrayan.<\/p>\n<p>En este sentido, la revista \u00bbAtalayar\u00bb destac\u00f3 la importancia de la visita realizada este fin de semana a Marruecos por el jefe del Estado Mayor de las Fuerzas Armadas de Estados Unidos, el general de cuerpo de ej\u00e9rcito Mark Milley, a la cabeza de una importante delegaci\u00f3n.<\/p>\n<p>Esta visita de alto nivel a Marruecos es una fuerte se\u00f1al al poder del general Said Chengriha en Argelia, a los mul\u00e1s iran\u00edes y a Hezbol\u00e1 liban\u00e9s, cuyas maniobras representan una amenaza creciente para la estabilidad en el norte de \u00c1frica y en el Sahel, escribi\u00f3 el martes la revista espa\u00f1ola especializada en asuntos del Magreb.<\/p>\n<p>Para hacer frente a estas maniobras, Marruecos se afirma cada vez m\u00e1s como \u00abel gran socio\u00bb de Estados Unidos en \u00c1frica, se\u00f1ala \u00abAtalayar\u00bb.<\/p>\n<p>En la misma l\u00ednea, la agencia de prensa espa\u00f1ola Servimedia subraya la responsabilidad del eje Argel-Teher\u00e1n en la desestabilizaci\u00f3n de la zona del Sahel y el S\u00e1hara.<\/p>\n<p>El r\u00e9gimen argelino recibir\u00eda de Ir\u00e1n un importante suministro de aviones no tripulados, que ir\u00edan directamente a las milicias del polisario, afirma la agencia espa\u00f1ola, citando un estudio del Instituto Coordenadas de gobernanza y econom\u00eda aplicada, un prestigioso think tank espa\u00f1ol.<\/p>\n<p>Ir\u00e1n, que act\u00faa del mismo modo suministrando al grupo terrorista Hezbol\u00e1, pretende establecer su rama m\u00e1s radical en el Sahel y el S\u00e1hara, necesitando el apoyo del estamento militar argelino, a\u00f1adi\u00f3 la misma fuente.<\/p>\n<p>Para luchar contra los planes orquestados por Argelia e Ir\u00e1n en la regi\u00f3n, las potencias occidentales est\u00e1n llamadas a anticiparse al previsible desastre reforzando las relaciones con los pocos socios fiables de la regi\u00f3n, como Marruecos, argument\u00f3 el vicepresidente del Instituto Coordenadas, Jes\u00fas S\u00e1nchez Lamb\u00e1s, citado por \u00abServimedia\u00bb.<\/p>\n<\/div>\n<\/div>\n","protected":false},"excerpt":{"rendered":"<p>&nbsp; \u00a0Medios de comunicaci\u00f3n espa\u00f1oles han arrojado luz sobre el papel desestabilizador de los reg\u00edmenes argelino e iran\u00ed en el norte de \u00c1frica y la regi\u00f3n del Sahel, en un turbulento contexto internacional marcado por la guerra de Ucrania. Esta situaci\u00f3n es fuente de gran preocupaci\u00f3n para Estados Unidos y Europa, que constatan el contraste &hellip;<\/p>\n","protected":false},"author":1,"featured_media":1105,"comment_status":"open","ping_status":"open","sticky":false,"template":"","format":"standard","meta":{"footnotes":""},"categories":[24],"tags":[],"class_list":["post-1104","post","type-post","status-publish","format-standard","has-post-thumbnail","hentry","category-politica"],"jetpack_featured_media_url":"https:\/\/canaripress.com\/es\/wp-content\/uploads\/sites\/2\/2023\/03\/zrFv-iKH_400x400.png","_links":{"self":[{"href":"https:\/\/canaripress.com\/es\/wp-json\/wp\/v2\/posts\/1104","targetHints":{"allow":["GET"]}}],"collection":[{"href":"https:\/\/canaripress.com\/es\/wp-json\/wp\/v2\/posts"}],"about":[{"href":"https:\/\/canaripress.com\/es\/wp-json\/wp\/v2\/types\/post"}],"author":[{"embeddable":true,"href":"https:\/\/canaripress.com\/es\/wp-json\/wp\/v2\/users\/1"}],"replies":[{"embeddable":true,"href":"https:\/\/canaripress.com\/es\/wp-json\/wp\/v2\/comments?post=1104"}],"version-history":[{"count":2,"href":"https:\/\/canaripress.com\/es\/wp-json\/wp\/v2\/posts\/1104\/revisions"}],"predecessor-version":[{"id":1107,"href":"https:\/\/canaripress.com\/es\/wp-json\/wp\/v2\/posts\/1104\/revisions\/1107"}],"wp:featuredmedia":[{"embeddable":true,"href":"https:\/\/canaripress.com\/es\/wp-json\/wp\/v2\/media\/1105"}],"wp:attachment":[{"href":"https:\/\/canaripress.com\/es\/wp-json\/wp\/v2\/media?parent=1104"}],"wp:term":[{"taxonomy":"category","embeddable":true,"href":"https:\/\/canaripress.com\/es\/wp-json\/wp\/v2\/categories?post=1104"},{"taxonomy":"post_tag","embeddable":true,"href":"https:\/\/canaripress.com\/es\/wp-json\/wp\/v2\/tags?post=1104"}],"curies":[{"name":"wp","href":"https:\/\/api.w.org\/{rel}","templated":true}]}}