{"id":1108,"date":"2023-03-07T19:13:22","date_gmt":"2023-03-07T16:13:22","guid":{"rendered":"https:\/\/canaripress.com\/es\/?p=1108"},"modified":"2023-03-07T19:13:22","modified_gmt":"2023-03-07T16:13:22","slug":"sahara-marroqui-medios-de-comunicacion-italianos-destacan-el-apoyo-de-austria-al-plan-de-autonomia","status":"publish","type":"post","link":"https:\/\/canaripress.com\/es\/2023\/03\/07\/sahara-marroqui-medios-de-comunicacion-italianos-destacan-el-apoyo-de-austria-al-plan-de-autonomia\/","title":{"rendered":"S\u00e1hara marroqu\u00ed: medios de comunicaci\u00f3n italianos destacan el apoyo de Austria al plan de autonom\u00eda"},"content":{"rendered":"<div class=\"node-tpl-title\"><\/div>\n<p>&nbsp;<\/p>\n<div class=\"node-tpl-ville-accroche\">\u00a0Varios medios de comunicaci\u00f3n italianos han destacado el creciente apoyo en Europa al plan de autonom\u00eda presentado por Marruecos para la resoluci\u00f3n del conflicto del S\u00e1hara marroqu\u00ed, haci\u00e9ndose eco del apoyo de Austria a la iniciativa marroqu\u00ed.<\/div>\n<div class=\"node-wrapper-img-corps\">\n<div class=\"node-tpl-image-legende\">\n<div class=\"img\">\n<div class=\"field field-name-field-image field-type-image field-label-hidden\">\n<div class=\"field-items\">\n<div class=\"field-item even\"><\/div>\n<\/div>\n<\/div>\n<\/div>\n<\/div>\n<div class=\"node-tpl-corps\">\n<p>Citando la declaraci\u00f3n conjunta, adoptada al t\u00e9rmino de una reuni\u00f3n en Rabat entre el jefe del gobierno, Aziz Akhannouch, y el canciller federal austriaco, Karl Nehammer, la agencia de prensa italiana \u00abLapresse.it\u00bb informa que Austria considera el plan de autonom\u00eda, presentado por Marruecos en 2007, como una soluci\u00f3n aceptada por todas las partes.<\/p>\n<p>Austria ha afirmado su apoyo a los esfuerzos del Enviado Personal del Secretario General de la ONU para el S\u00e1hara, Staffan de Mistura, y a sus esfuerzos para continuar el proceso pol\u00edtico encaminado a lograr \u00abuna soluci\u00f3n justa y duradera, pol\u00edtica y mutuamente aceptable\u00bb, se\u00f1ala, por su parte, la agencia de noticias \u00abNova\u00bb.<\/p>\n<p>El diario digital italiano \u00abInside Over\u00bb precisa, en cuanto a \u00e9l, que, con la postura expresada por Austria, son ya 13 los pa\u00edses de la UE que apoyan el plan de autonom\u00eda marroqu\u00ed, entre ellos Espa\u00f1a, Alemania, Pa\u00edses Bajos, Chipre, Luxemburgo, Hungr\u00eda, Ruman\u00eda y Portugal.<\/p>\n<p>Muchos otros pa\u00edses africanos, \u00e1rabes y asi\u00e1ticos, as\u00ed como Estados Unidos, reconocen la plena soberan\u00eda de Marruecos sobre su S\u00e1hara, informa el peri\u00f3dico electr\u00f3nico \u00abInformazione.it\u00bb.<\/p>\n<p>A\u00f1adi\u00f3 que, en se\u00f1al de reconocimiento, m\u00e1s de 30 pa\u00edses han abierto representaciones consulares en las provincias del sur del Reino.<\/p>\n<\/div>\n<\/div>\n","protected":false},"excerpt":{"rendered":"<p>&nbsp; \u00a0Varios medios de comunicaci\u00f3n italianos han destacado el creciente apoyo en Europa al plan de autonom\u00eda presentado por Marruecos para la resoluci\u00f3n del conflicto del S\u00e1hara marroqu\u00ed, haci\u00e9ndose eco del apoyo de Austria a la iniciativa marroqu\u00ed. Citando la declaraci\u00f3n conjunta, adoptada al t\u00e9rmino de una reuni\u00f3n en Rabat entre el jefe del gobierno, &hellip;<\/p>\n","protected":false},"author":1,"featured_media":1109,"comment_status":"open","ping_status":"open","sticky":false,"template":"","format":"standard","meta":{"footnotes":""},"categories":[24],"tags":[],"class_list":["post-1108","post","type-post","status-publish","format-standard","has-post-thumbnail","hentry","category-politica"],"jetpack_featured_media_url":"https:\/\/canaripress.com\/es\/wp-content\/uploads\/sites\/2\/2023\/03\/telechargement.jpg","_links":{"self":[{"href":"https:\/\/canaripress.com\/es\/wp-json\/wp\/v2\/posts\/1108","targetHints":{"allow":["GET"]}}],"collection":[{"href":"https:\/\/canaripress.com\/es\/wp-json\/wp\/v2\/posts"}],"about":[{"href":"https:\/\/canaripress.com\/es\/wp-json\/wp\/v2\/types\/post"}],"author":[{"embeddable":true,"href":"https:\/\/canaripress.com\/es\/wp-json\/wp\/v2\/users\/1"}],"replies":[{"embeddable":true,"href":"https:\/\/canaripress.com\/es\/wp-json\/wp\/v2\/comments?post=1108"}],"version-history":[{"count":2,"href":"https:\/\/canaripress.com\/es\/wp-json\/wp\/v2\/posts\/1108\/revisions"}],"predecessor-version":[{"id":1111,"href":"https:\/\/canaripress.com\/es\/wp-json\/wp\/v2\/posts\/1108\/revisions\/1111"}],"wp:featuredmedia":[{"embeddable":true,"href":"https:\/\/canaripress.com\/es\/wp-json\/wp\/v2\/media\/1109"}],"wp:attachment":[{"href":"https:\/\/canaripress.com\/es\/wp-json\/wp\/v2\/media?parent=1108"}],"wp:term":[{"taxonomy":"category","embeddable":true,"href":"https:\/\/canaripress.com\/es\/wp-json\/wp\/v2\/categories?post=1108"},{"taxonomy":"post_tag","embeddable":true,"href":"https:\/\/canaripress.com\/es\/wp-json\/wp\/v2\/tags?post=1108"}],"curies":[{"name":"wp","href":"https:\/\/api.w.org\/{rel}","templated":true}]}}