{"id":1113,"date":"2023-03-08T02:14:48","date_gmt":"2023-03-07T23:14:48","guid":{"rendered":"https:\/\/canaripress.com\/es\/?p=1113"},"modified":"2023-03-08T02:14:48","modified_gmt":"2023-03-07T23:14:48","slug":"el-presidente-macron-no-conoce-bien-o-no-le-interesa-conocer-las-caracteristicas-del-nuevo-marruecos","status":"publish","type":"post","link":"https:\/\/canaripress.com\/es\/2023\/03\/08\/el-presidente-macron-no-conoce-bien-o-no-le-interesa-conocer-las-caracteristicas-del-nuevo-marruecos\/","title":{"rendered":"El presidente Macron no conoce bien o no le interesa conocer las caracter\u00edsticas del nuevo Marruecos"},"content":{"rendered":"<div class=\"node-tpl-title\">\n<h2><\/h2>\n<\/div>\n<div class=\"node-tpl-ville-accroche\">El escritor-periodista Tala\u00e2 Saoud Al Atlassi, estim\u00f3 que el presidente franc\u00e9s Emmanuel Macron, en su estrategia de pol\u00edtica exterior, no conoce bien o no le interesa conocer las especificidades del Marruecos de hoy, se\u00f1alando que el Reino busca ahora establecer colaboraciones de mutuo beneficio.<\/div>\n<div class=\"node-wrapper-img-corps\">\n<div class=\"node-tpl-image-legende\">\n<div class=\"img\">\n<div class=\"field field-name-field-image field-type-image field-label-hidden\">\n<div class=\"field-items\">\n<div class=\"field-item even\"><\/div>\n<\/div>\n<\/div>\n<\/div>\n<\/div>\n<div class=\"node-tpl-corps\">\n<p class=\"rtejustify\">\u00bbSi Sr. Macron no estuviera desfasado con la historia de Marruecos y la de las relaciones de Francia con el Reino, y si no estuviera en un estado de ignorancia de la geograf\u00eda pol\u00edtica, en particular en lo que respecta a Marruecos y m\u00e1s generalmente \u00c1frica, entonces habr\u00eda dado un paso decisivo en la buena direcci\u00f3n en favor de las relaciones entre Francia y Marruecos yendo m\u00e1s all\u00e1 del apoyo de su pa\u00eds al plan de autonom\u00eda en el S\u00e1hara marroqu\u00ed hasta el punto de reconocer clara y oficialmente la marroquinidad del S\u00e1hara\u00bb, subraya en una columna publicada este martes por el sitio web de noticias \u00abMachahid 24\u00bb, bajo el t\u00edtulo \u00abMacron en desfase con la historia y la geograf\u00eda\u00bb.<\/p>\n<p class=\"rtejustify\">\u00abDe este modo, tendr\u00e1 el m\u00e9rito de seguir el creciente movimiento a favor de Marruecos para una soluci\u00f3n pac\u00edfica del conflicto que opone a Marruecos y Argelia en defensa de su leg\u00edtimo derecho, y as\u00ed implicarse al lado de Marruecos en su proceso de desarrollo, prometedor y abierto a la cooperaci\u00f3n y a la asociaci\u00f3n con los amigos del Reino, especialmente aquellos con los que mantiene relaciones tradicionales. Francia saldr\u00e1 ganando con Marruecos y m\u00e1s all\u00e1, en \u00c1frica\u00bb, escribi\u00f3.<\/p>\n<p class=\"rtejustify\">Tras indicar que Marruecos mantiene su apego a desarrollar y profundizar sus relaciones con Francia, se\u00f1al\u00f3, no obstante, que la defensa de la soberan\u00eda de la voluntad pol\u00edtica es primordial en las relaciones exteriores, de acuerdo con la visi\u00f3n sabia de SM el Rey Mohammed VI.<\/p>\n<p class=\"rtejustify\">A este respecto, se\u00f1ala que el Soberano vela por diversificar estas relaciones y equilibrarlas, forzando el respeto tanto de Washington como de Mosc\u00fa, antes de a\u00f1adir que este equilibrio lo consagra SM el Rey abri\u00e9ndose a otros actores con influencia econ\u00f3mica y pol\u00edtica diversa, como China, Jap\u00f3n, India y Turqu\u00eda.<\/p>\n<p class=\"rtejustify\">Adem\u00e1s, el columnista menciona tambi\u00e9n el apego de SM el Rey Mohammed VI a la diversificaci\u00f3n de las relaciones del Reino en el mundo \u00e1rabe, \u00c1frica, Asia y Am\u00e9rica Latina.<\/p>\n<p class=\"rtejustify\">\u201cSe trata de un enfoque basado en la solidez del modelo pol\u00edtico y socioecon\u00f3mico marroqu\u00ed que permite al Reino dominar sus orientaciones, trazar serenamente su camino y establecer voluntariamente y con conocimiento de causa sus relaciones exteriores\u00bb, afirm\u00f3.<\/p>\n<p class=\"rtejustify\">Concluy\u00f3 subrayando que \u00abes por ello que Marruecos exige hoy asociaciones en las que todos ganen, rechazando categ\u00f3ricamente cualquier relaci\u00f3n de sentido \u00fanico\u00bb.<\/p>\n<\/div>\n<\/div>\n","protected":false},"excerpt":{"rendered":"<p>El escritor-periodista Tala\u00e2 Saoud Al Atlassi, estim\u00f3 que el presidente franc\u00e9s Emmanuel Macron, en su estrategia de pol\u00edtica exterior, no conoce bien o no le interesa conocer las especificidades del Marruecos de hoy, se\u00f1alando que el Reino busca ahora establecer colaboraciones de mutuo beneficio. \u00bbSi Sr. Macron no estuviera desfasado con la historia de Marruecos &hellip;<\/p>\n","protected":false},"author":1,"featured_media":1116,"comment_status":"open","ping_status":"open","sticky":false,"template":"","format":"standard","meta":{"footnotes":""},"categories":[24],"tags":[],"class_list":["post-1113","post","type-post","status-publish","format-standard","has-post-thumbnail","hentry","category-politica"],"jetpack_featured_media_url":"https:\/\/canaripress.com\/es\/wp-content\/uploads\/sites\/2\/2023\/03\/fotonoticia_20230228143720_1200.jpg","_links":{"self":[{"href":"https:\/\/canaripress.com\/es\/wp-json\/wp\/v2\/posts\/1113","targetHints":{"allow":["GET"]}}],"collection":[{"href":"https:\/\/canaripress.com\/es\/wp-json\/wp\/v2\/posts"}],"about":[{"href":"https:\/\/canaripress.com\/es\/wp-json\/wp\/v2\/types\/post"}],"author":[{"embeddable":true,"href":"https:\/\/canaripress.com\/es\/wp-json\/wp\/v2\/users\/1"}],"replies":[{"embeddable":true,"href":"https:\/\/canaripress.com\/es\/wp-json\/wp\/v2\/comments?post=1113"}],"version-history":[{"count":2,"href":"https:\/\/canaripress.com\/es\/wp-json\/wp\/v2\/posts\/1113\/revisions"}],"predecessor-version":[{"id":1118,"href":"https:\/\/canaripress.com\/es\/wp-json\/wp\/v2\/posts\/1113\/revisions\/1118"}],"wp:featuredmedia":[{"embeddable":true,"href":"https:\/\/canaripress.com\/es\/wp-json\/wp\/v2\/media\/1116"}],"wp:attachment":[{"href":"https:\/\/canaripress.com\/es\/wp-json\/wp\/v2\/media?parent=1113"}],"wp:term":[{"taxonomy":"category","embeddable":true,"href":"https:\/\/canaripress.com\/es\/wp-json\/wp\/v2\/categories?post=1113"},{"taxonomy":"post_tag","embeddable":true,"href":"https:\/\/canaripress.com\/es\/wp-json\/wp\/v2\/tags?post=1113"}],"curies":[{"name":"wp","href":"https:\/\/api.w.org\/{rel}","templated":true}]}}