{"id":1124,"date":"2023-03-08T20:20:57","date_gmt":"2023-03-08T17:20:57","guid":{"rendered":"https:\/\/canaripress.com\/es\/?p=1124"},"modified":"2023-03-08T20:28:03","modified_gmt":"2023-03-08T17:28:03","slug":"1124","status":"publish","type":"post","link":"https:\/\/canaripress.com\/es\/2023\/03\/08\/1124\/","title":{"rendered":"La delegaci\u00f3n de marruecos desmiente las alegaciones falaces de Argelia"},"content":{"rendered":"<div class=\"node-tpl-title\">\n<h2><\/h2>\n<\/div>\n<div class=\"node-tpl-ville-accroche\"><span style=\"vertical-align: inherit;\"><span style=\"vertical-align: inherit;\"><span style=\"vertical-align: inherit;\"><span style=\"vertical-align: inherit;\">\u00a0La delegaci\u00f3n de marruecos ante el Consejo de Derechos Humanos (CDH) desminti\u00f3, el mi\u00e9rcoles en Ginebra, las alegaciones falaces de Argelia, denunciando su pol\u00edtica de huida hacia adelante, a trav\u00e9s de la instrumentalizaci\u00f3n de las exigencias de los derechos humanos.<\/span><\/span><\/span><\/span><\/div>\n<div class=\"node-wrapper-img-corps\">\n<div class=\"node-tpl-image-legende\">\n<div class=\"img\">\n<div class=\"field field-name-field-image field-type-image field-label-hidden\">\n<div class=\"field-items\">\n<div class=\"field-item even\"><\/div>\n<\/div>\n<\/div>\n<\/div>\n<\/div>\n<div class=\"node-tpl-corps\">\n<p><span style=\"vertical-align: inherit;\"><span style=\"vertical-align: inherit;\"><span style=\"vertical-align: inherit;\"><span style=\"vertical-align: inherit;\">Ejerciendo su derecho de r\u00e9plica en el marco de la 52\u00aa sesi\u00f3n del Consejo de Derechos Humanos, la delegaci\u00f3n de Marruecos subray\u00f3 el burdo car\u00e1cter pol\u00edtico de una declaraci\u00f3n hecha por un grupo aislado de pa\u00edses a petici\u00f3n de Argelia.<\/span><\/span><\/span><\/span><\/p>\n<p><span style=\"vertical-align: inherit;\"><span style=\"vertical-align: inherit;\"><span style=\"vertical-align: inherit;\"><span style=\"vertical-align: inherit;\">Si hay una lecci\u00f3n que aprender de este enfoque pol\u00edtico motivado, es que el representante del r\u00e9gimen argelino no est\u00e1 claramente dispuesto a cambiar su temperamento a pesar de que su pa\u00eds es ahora miembro del Consejo de Derechos Humanos, dijo la delegaci\u00f3n, observando que Argelia sigue prestando toda su atenci\u00f3n a objetivos puramente pol\u00edticos, que \u00abdividen y sirven para crear pol\u00e9micas vanas e in\u00fatiles\u00bb.<\/span><\/span><\/span><\/span><\/p>\n<p><span style=\"vertical-align: inherit;\"><span style=\"vertical-align: inherit;\"><span style=\"vertical-align: inherit;\"><span style=\"vertical-align: inherit;\">La delegaci\u00f3n marroqu\u00ed subray\u00f3 que la declaraci\u00f3n instigada por el representante del r\u00e9gimen argelino es un tejido de mentiras, con una lectura truncada y falsa de las resoluciones del Consejo de Seguridad, que Argelia se niega a aplicar, como parte implicada en primer lugar en la creaci\u00f3n y el mantenimiento del diferendo regional sobre el S\u00e1hara.<\/span><\/span><\/span><\/span><\/p>\n<p><span style=\"vertical-align: inherit;\"><span style=\"vertical-align: inherit;\">De m\u00e1s de 150 delegaciones, la delegaci\u00f3n argentina es la \u00fanica que menciona este tema, revelando as\u00ed a la comunidad internacional sus intenciones inconfesadas y su duplicidad que ya no enga\u00f1a a nadie, sostuvo la delegaci\u00f3n marroqu\u00ed, cuestionando c\u00f3mo un nuevo pa\u00eds miembro del Consejo de Derechos Humanos se permite, desde el principio de su mandato, disolver la Liga Argentina de Defensa de Derechos Humanos, sin su conocimiento, y sin siquiera un juicio.<\/span><\/span><\/p>\n<p><span style=\"vertical-align: inherit;\"><span style=\"vertical-align: inherit;\">La delegaci\u00f3n marroqu\u00ed afirm\u00f3 que la huida hacia adelante y las alegaciones falaces e infundadas no pueden ocultar la vergonzosa realidad de las violaciones masivas de los derechos humanos en Argelia, interrogando al representante del r\u00e9gimen argelino sobre dos cuestiones que revelan la verdadera cara de este pa\u00eds.<\/span><\/span><\/p>\n<p><span style=\"vertical-align: inherit;\"><span style=\"vertical-align: inherit;\"><span style=\"vertical-align: inherit;\"><span style=\"vertical-align: inherit;\">Por \u00faltimo, la delegaci\u00f3n marroqu\u00ed invit\u00f3 a su hom\u00f3loga argelina a abstenerse de cualquier t\u00e1ctica manipuladora ya implicarse m\u00e1s en los trabajos del Consejo, con el fin de cumplir plenamente su papel de miembro, en lugar de hacer del Reino de Marruecos su \u00fanico punto del orden del d\u00eda.<\/span><\/span><\/span><\/span><\/p>\n<\/div>\n<\/div>\n","protected":false},"excerpt":{"rendered":"<p>\u00a0La delegaci\u00f3n de marruecos ante el Consejo de Derechos Humanos (CDH) desminti\u00f3, el mi\u00e9rcoles en Ginebra, las alegaciones falaces de Argelia, denunciando su pol\u00edtica de huida hacia adelante, a trav\u00e9s de la instrumentalizaci\u00f3n de las exigencias de los derechos humanos. Ejerciendo su derecho de r\u00e9plica en el marco de la 52\u00aa sesi\u00f3n del Consejo de &hellip;<\/p>\n","protected":false},"author":1,"featured_media":1125,"comment_status":"open","ping_status":"open","sticky":false,"template":"","format":"standard","meta":{"footnotes":""},"categories":[24],"tags":[],"class_list":["post-1124","post","type-post","status-publish","format-standard","has-post-thumbnail","hentry","category-politica"],"jetpack_featured_media_url":"https:\/\/canaripress.com\/es\/wp-content\/uploads\/sites\/2\/2023\/03\/majlis-7o9ou9-inssan.webp","_links":{"self":[{"href":"https:\/\/canaripress.com\/es\/wp-json\/wp\/v2\/posts\/1124","targetHints":{"allow":["GET"]}}],"collection":[{"href":"https:\/\/canaripress.com\/es\/wp-json\/wp\/v2\/posts"}],"about":[{"href":"https:\/\/canaripress.com\/es\/wp-json\/wp\/v2\/types\/post"}],"author":[{"embeddable":true,"href":"https:\/\/canaripress.com\/es\/wp-json\/wp\/v2\/users\/1"}],"replies":[{"embeddable":true,"href":"https:\/\/canaripress.com\/es\/wp-json\/wp\/v2\/comments?post=1124"}],"version-history":[{"count":4,"href":"https:\/\/canaripress.com\/es\/wp-json\/wp\/v2\/posts\/1124\/revisions"}],"predecessor-version":[{"id":1129,"href":"https:\/\/canaripress.com\/es\/wp-json\/wp\/v2\/posts\/1124\/revisions\/1129"}],"wp:featuredmedia":[{"embeddable":true,"href":"https:\/\/canaripress.com\/es\/wp-json\/wp\/v2\/media\/1125"}],"wp:attachment":[{"href":"https:\/\/canaripress.com\/es\/wp-json\/wp\/v2\/media?parent=1124"}],"wp:term":[{"taxonomy":"category","embeddable":true,"href":"https:\/\/canaripress.com\/es\/wp-json\/wp\/v2\/categories?post=1124"},{"taxonomy":"post_tag","embeddable":true,"href":"https:\/\/canaripress.com\/es\/wp-json\/wp\/v2\/tags?post=1124"}],"curies":[{"name":"wp","href":"https:\/\/api.w.org\/{rel}","templated":true}]}}