{"id":1130,"date":"2023-03-08T20:32:48","date_gmt":"2023-03-08T17:32:48","guid":{"rendered":"https:\/\/canaripress.com\/es\/?p=1130"},"modified":"2023-03-08T20:32:48","modified_gmt":"2023-03-08T17:32:48","slug":"el-comite-ministerial-arabe-encargado-de-iran-reitera-su-solidaridad-con-marruecos-frente-a-la-injerencia-irani-en-los-asuntos-internos-del-reino","status":"publish","type":"post","link":"https:\/\/canaripress.com\/es\/2023\/03\/08\/el-comite-ministerial-arabe-encargado-de-iran-reitera-su-solidaridad-con-marruecos-frente-a-la-injerencia-irani-en-los-asuntos-internos-del-reino\/","title":{"rendered":"El Comit\u00e9 ministerial \u00e1rabe encargado de Ir\u00e1n reitera su solidaridad con Marruecos frente a la injerencia iran\u00ed en los asuntos internos del Reino"},"content":{"rendered":"<div class=\"node-tpl-title\">\n<h2><\/h2>\n<\/div>\n<div class=\"node-tpl-ville-accroche\">El Comit\u00e9 ministerial \u00e1rabe encargado de Ir\u00e1n reiter\u00f3 su solidaridad con el Reino de Marruecos frente a la injerencia del r\u00e9gimen iran\u00ed y de su aliado \u00abHezbol\u00e1\u00bb en los asuntos internos del Reino.<\/div>\n<div class=\"node-wrapper-img-corps\">\n<div class=\"node-tpl-image-legende\">\n<div class=\"img\">\n<div class=\"field field-name-field-image field-type-image field-label-hidden\">\n<div class=\"field-items\">\n<div class=\"field-item even\"><\/div>\n<\/div>\n<\/div>\n<\/div>\n<\/div>\n<div class=\"node-tpl-corps\">\n<p>En un comunicado emitido con ocasi\u00f3n de su reuni\u00f3n en El Cairo, el comit\u00e9 afirma que el armamento y el entrenamiento por parte de Ir\u00e1n de elementos separatistas del frente polisario \u00abamenazan la integridad territorial, la seguridad y la estabilidad de Marruecos\u00bb.<\/p>\n<p>\u00abEstas pr\u00e1cticas peligrosas e inaceptables son una continuaci\u00f3n del enfoque desestabilizador del r\u00e9gimen iran\u00ed hacia la seguridad y la estabilidad regionales\u00bb, se\u00f1ala el comunicado.<\/p>\n<p>El comit\u00e9 se reuni\u00f3 al margen de la 159\u00aa sesi\u00f3n ordinaria del Consejo de la Liga de Estados \u00c1rabes a nivel de ministros de Asuntos Exteriores, bajo la presidencia de Arabia Saud\u00ed.<\/p>\n<p>Participaron tambi\u00e9n en esta reuni\u00f3n, como miembros, Emiratos \u00c1rabes Unidos, Bahr\u00e9in y Egipto, as\u00ed como el secretario general de la Liga de Estados \u00c1rabes.<\/p>\n<\/div>\n<\/div>\n","protected":false},"excerpt":{"rendered":"<p>El Comit\u00e9 ministerial \u00e1rabe encargado de Ir\u00e1n reiter\u00f3 su solidaridad con el Reino de Marruecos frente a la injerencia del r\u00e9gimen iran\u00ed y de su aliado \u00abHezbol\u00e1\u00bb en los asuntos internos del Reino. En un comunicado emitido con ocasi\u00f3n de su reuni\u00f3n en El Cairo, el comit\u00e9 afirma que el armamento y el entrenamiento por &hellip;<\/p>\n","protected":false},"author":1,"featured_media":1131,"comment_status":"open","ping_status":"open","sticky":false,"template":"","format":"standard","meta":{"footnotes":""},"categories":[24],"tags":[],"class_list":["post-1130","post","type-post","status-publish","format-standard","has-post-thumbnail","hentry","category-politica"],"jetpack_featured_media_url":"https:\/\/canaripress.com\/es\/wp-content\/uploads\/sites\/2\/2023\/03\/190580Image1.jpg","_links":{"self":[{"href":"https:\/\/canaripress.com\/es\/wp-json\/wp\/v2\/posts\/1130","targetHints":{"allow":["GET"]}}],"collection":[{"href":"https:\/\/canaripress.com\/es\/wp-json\/wp\/v2\/posts"}],"about":[{"href":"https:\/\/canaripress.com\/es\/wp-json\/wp\/v2\/types\/post"}],"author":[{"embeddable":true,"href":"https:\/\/canaripress.com\/es\/wp-json\/wp\/v2\/users\/1"}],"replies":[{"embeddable":true,"href":"https:\/\/canaripress.com\/es\/wp-json\/wp\/v2\/comments?post=1130"}],"version-history":[{"count":2,"href":"https:\/\/canaripress.com\/es\/wp-json\/wp\/v2\/posts\/1130\/revisions"}],"predecessor-version":[{"id":1133,"href":"https:\/\/canaripress.com\/es\/wp-json\/wp\/v2\/posts\/1130\/revisions\/1133"}],"wp:featuredmedia":[{"embeddable":true,"href":"https:\/\/canaripress.com\/es\/wp-json\/wp\/v2\/media\/1131"}],"wp:attachment":[{"href":"https:\/\/canaripress.com\/es\/wp-json\/wp\/v2\/media?parent=1130"}],"wp:term":[{"taxonomy":"category","embeddable":true,"href":"https:\/\/canaripress.com\/es\/wp-json\/wp\/v2\/categories?post=1130"},{"taxonomy":"post_tag","embeddable":true,"href":"https:\/\/canaripress.com\/es\/wp-json\/wp\/v2\/tags?post=1130"}],"curies":[{"name":"wp","href":"https:\/\/api.w.org\/{rel}","templated":true}]}}