{"id":1134,"date":"2023-03-09T18:39:55","date_gmt":"2023-03-09T15:39:55","guid":{"rendered":"https:\/\/canaripress.com\/es\/?p=1134"},"modified":"2023-03-09T18:39:55","modified_gmt":"2023-03-09T15:39:55","slug":"desmantelada-una-celula-terrorista-compuesta-por-tres-individuos-por-su-presunta-implicacion-en-la-preparacion-de-planes-terroristas-para-atentar-gravemente-contra-el-orden-publico-bcij","status":"publish","type":"post","link":"https:\/\/canaripress.com\/es\/2023\/03\/09\/desmantelada-una-celula-terrorista-compuesta-por-tres-individuos-por-su-presunta-implicacion-en-la-preparacion-de-planes-terroristas-para-atentar-gravemente-contra-el-orden-publico-bcij\/","title":{"rendered":"Desmantelada una c\u00e9lula terrorista compuesta por tres individuos por su presunta implicaci\u00f3n en la preparaci\u00f3n de planes terroristas para atentar gravemente contra el orden p\u00fablico (BCIJ)"},"content":{"rendered":"<div class=\"node-tpl-title\">\n<h2><\/h2>\n<\/div>\n<div class=\"node-tpl-ville-accroche\">\u00a0La Oficina Central de las Investigaciones Judiciales (BCIJ) procedi\u00f3, el jueves, sobre la base de informaciones precisas proporcionadas por los servicios de la Direcci\u00f3n General de la Vigilancia del Territorio (DGST), al desmantelamiento de una c\u00e9lula terrorista compuesta por tres individuos partidarios de la organizaci\u00f3n terrorista \u00abDaech\u00bb, por su presunta implicaci\u00f3n en la preparaci\u00f3n de planes terroristas destinados a atentar gravemente contra el orden p\u00fablico.<\/div>\n<div class=\"node-wrapper-img-corps\">\n<div class=\"node-tpl-image-legende\">\n<div class=\"img\">\n<div class=\"field field-name-field-image field-type-image field-label-hidden\">\n<div class=\"field-items\">\n<div class=\"field-item even\"><\/div>\n<\/div>\n<\/div>\n<\/div>\n<\/div>\n<div class=\"node-tpl-corps\">\n<p>Seg\u00fan un comunicado de la BCIJ, los elementos de las Fuerzas Especiales de la DGST llevaron a cabo procedimientos de intervenci\u00f3n y detenci\u00f3n en operaciones separadas y simult\u00e1neas, dirigidas contra los tres sospechosos, de edades comprendidas entre los 19 y los 28 a\u00f1os, en Suk El Arbaa del Gharb, Tetu\u00e1n y Larache.<\/p>\n<p>En los registros efectuados en los domicilios de los detenidos se incautaron armas, varios manuscritos que promov\u00edan las ideas extremistas de \u00abDaech\u00bb e incitaban a la violencia, as\u00ed como publicaciones escritas sobre las actividades terroristas de los grupos \u00abDaech\u00bb en la regi\u00f3n del Sahel, adem\u00e1s de material y soportes digitales que ser\u00e1n sometidos a las pericias t\u00e9cnicas necesarias.<\/p>\n<p>Las informaciones preliminares de la investigaci\u00f3n revelan que los acusados, que declararon su \u00ablealtad\u00bb a la organizaci\u00f3n terrorista \u00abDaech\u00bb, planeaban llevar a cabo una serie de peligrosos proyectos terroristas. Para ello, prepararon varios contenidos digitales relacionados con sus planes terroristas.<\/p>\n<p>Los registros y las investigaciones revelaron tambi\u00e9n que los sospechosos detenidos pretend\u00edan huir de Marruecos para unirse a los campamentos de \u00abDaech\u00bb en la regi\u00f3n del Sahel, tras haber llevado a cabo sus planes terroristas, en coordinaci\u00f3n y con la ayuda de uno de los elementos afiliados a esta organizaci\u00f3n terrorista.<\/p>\n<p>Los miembros de esta c\u00e9lula terrorista fueron detenidos a efectos de la investigaci\u00f3n llevada a cabo por la BCIJ bajo la supervisi\u00f3n de la fiscal\u00eda encargada de asuntos terroristas, con el fin de revelar la naturaleza de las ramificaciones de esta c\u00e9lula, e identificar todos sus planes y proyectos subversivos.<\/p>\n<p>La detenci\u00f3n de estos sospechosos se produce en un contexto marcado por el aumento de la amenaza terrorista y la voluntad de las organizaciones terroristas mundiales y sus filiales regionales de multiplicar sus operaciones subversivas, concluye el comunicado.<\/p>\n<\/div>\n<\/div>\n","protected":false},"excerpt":{"rendered":"<p>\u00a0La Oficina Central de las Investigaciones Judiciales (BCIJ) procedi\u00f3, el jueves, sobre la base de informaciones precisas proporcionadas por los servicios de la Direcci\u00f3n General de la Vigilancia del Territorio (DGST), al desmantelamiento de una c\u00e9lula terrorista compuesta por tres individuos partidarios de la organizaci\u00f3n terrorista \u00abDaech\u00bb, por su presunta implicaci\u00f3n en la preparaci\u00f3n de &hellip;<\/p>\n","protected":false},"author":1,"featured_media":1135,"comment_status":"open","ping_status":"open","sticky":false,"template":"","format":"standard","meta":{"footnotes":""},"categories":[24],"tags":[],"class_list":["post-1134","post","type-post","status-publish","format-standard","has-post-thumbnail","hentry","category-politica"],"jetpack_featured_media_url":"https:\/\/canaripress.com\/es\/wp-content\/uploads\/sites\/2\/2023\/03\/celula-terrorista-errachidia.jpg","_links":{"self":[{"href":"https:\/\/canaripress.com\/es\/wp-json\/wp\/v2\/posts\/1134","targetHints":{"allow":["GET"]}}],"collection":[{"href":"https:\/\/canaripress.com\/es\/wp-json\/wp\/v2\/posts"}],"about":[{"href":"https:\/\/canaripress.com\/es\/wp-json\/wp\/v2\/types\/post"}],"author":[{"embeddable":true,"href":"https:\/\/canaripress.com\/es\/wp-json\/wp\/v2\/users\/1"}],"replies":[{"embeddable":true,"href":"https:\/\/canaripress.com\/es\/wp-json\/wp\/v2\/comments?post=1134"}],"version-history":[{"count":2,"href":"https:\/\/canaripress.com\/es\/wp-json\/wp\/v2\/posts\/1134\/revisions"}],"predecessor-version":[{"id":1137,"href":"https:\/\/canaripress.com\/es\/wp-json\/wp\/v2\/posts\/1134\/revisions\/1137"}],"wp:featuredmedia":[{"embeddable":true,"href":"https:\/\/canaripress.com\/es\/wp-json\/wp\/v2\/media\/1135"}],"wp:attachment":[{"href":"https:\/\/canaripress.com\/es\/wp-json\/wp\/v2\/media?parent=1134"}],"wp:term":[{"taxonomy":"category","embeddable":true,"href":"https:\/\/canaripress.com\/es\/wp-json\/wp\/v2\/categories?post=1134"},{"taxonomy":"post_tag","embeddable":true,"href":"https:\/\/canaripress.com\/es\/wp-json\/wp\/v2\/tags?post=1134"}],"curies":[{"name":"wp","href":"https:\/\/api.w.org\/{rel}","templated":true}]}}