{"id":1138,"date":"2023-03-09T18:49:40","date_gmt":"2023-03-09T15:49:40","guid":{"rendered":"https:\/\/canaripress.com\/es\/?p=1138"},"modified":"2023-03-09T18:49:40","modified_gmt":"2023-03-09T15:49:40","slug":"rusia-acusa-a-guterres-de-no-ser-neutral-en-el-conflicto-ucraniano-y-ve-complicado-renovar-el-acuerdo-del-grano","status":"publish","type":"post","link":"https:\/\/canaripress.com\/es\/2023\/03\/09\/rusia-acusa-a-guterres-de-no-ser-neutral-en-el-conflicto-ucraniano-y-ve-complicado-renovar-el-acuerdo-del-grano\/","title":{"rendered":"Rusia acusa a Guterres de no ser neutral en el conflicto ucraniano y ve \u00abcomplicado\u00bb renovar el acuerdo del grano"},"content":{"rendered":"<div class=\"bbnx-grid wrapper\">\n<div class=\"bbnx-grid-cell\">\n<div class=\"headline-article\">\n<h2 class=\"article-subtitle headline-article__subtitle\">Kiev pidi\u00f3 el martes esfuerzos internacionales para que se mantengan abiertas las rutas mar\u00edtimas del Mar Negro que se usan para el comercio<\/h2>\n<p>&nbsp;<\/p>\n<\/div>\n<\/div>\n<\/div>\n<div class=\"bbnx-grid wrapper\">\n<div class=\"row\">\n<div class=\"bbnx-grid-cell col-8 col-md-8 col-xs-12\">\n<div class=\"bbnx-module\">\n<div class=\"article-body \">\n<p class=\"article-body__text article-body__text--entry article-body__text-middle\">El ministro de Asuntos Exteriores ruso\u00a0<strong>Sergu\u00e9i Lavrov<\/strong>\u00a0no ve el\u00a0<strong>agua clara<\/strong>\u00a0en la negociaci\u00f3n para prolongar el\u00a0acuerdo que permite la\u00a0<strong>exportaci\u00f3n de grano ucraniano<\/strong>\u00a0a pesar de la ofensiva rusa en\u00a0<a class=\"link copy\" title=\"Ucrania\" href=\"https:\/\/www.laopinioncoruna.es\/tags\/guerra-en-ucrania\/\">Ucrania<\/a>.\u00a0\u00c9l mismo tild\u00f3 las conversaciones de \u201ccomplicadas\u201d para renovar el pacto, que expira el pr\u00f3ximo 18 de marzo. Razon\u00f3 que \u00absi el acuerdo se aplica a medias, entonces la cuesti\u00f3n de su pr\u00f3rroga se\u00a0<strong>complica bastante<\/strong>\u00ab, ya que desde su punto de vista, las cl\u00e1usulas que deb\u00edan beneficiar a Rusia \u00abno se\u00a0<strong>aplicaron en absoluto<\/strong>\u00ab.<\/p>\n<div class=\"article-body--seo-closed\">\n<p class=\"article-body__text \">En el mismo d\u00eda tambi\u00e9n tuvo dardos para\u00a0el secretario general de la ONU,\u00a0<a class=\"link copy\" title=\"Ant\u00f3nio Guterres\" href=\"https:\/\/www.laopinioncoruna.es\/tags\/antonio-guterres\/\">Ant\u00f3nio Guterres<\/a>. \u00abMe apena mucho que el secretario general de la\u00a0<a class=\"link copy\" title=\"ONU\" href=\"https:\/\/www.laopinioncoruna.es\/tags\/onu\/\">ONU\u00a0<\/a>suscribiese las\u00a0<strong>demandas unilaterales ucranianas<\/strong>, pese a que \u00e9l, seg\u00fan los estatutos de la ONU (&#8230;) debe asumir una\u00a0<strong>posici\u00f3n neutral<\/strong>\u00ab, afirm\u00f3 en la rueda de prensa posterior a su encuentro con su hom\u00f3logo de Arabia Saud\u00ed en el mismo pa\u00eds \u00e1rabe, el pr\u00edncipe Faisal bin Farhan al Saud. Guterres recientemente estuvo\u00a0<strong>en Kiev<\/strong>, su tercera visita desde que empez\u00f3 el conflicto, durante la cu\u00e1l apost\u00f3 por una\u00a0<strong>extensi\u00f3n del pacto de exportaci\u00f3n<\/strong>\u00a0de grano ucraniano, desmilitarizar la central nuclear de Zaporiya &#8211; bajo control ruso actualmente y una \u201c<strong>paz justa<\/strong>\u201d.<\/p>\n<h3 class=\"article-body__ladillo\">Crisis alimentaria mundial<\/h3>\n<div id=\"nlt_signup_botton\" class=\"article-body__text nx-piano--offer nx-piano--offer--signup-button-body\">\n<div class=\"tp-container-inner\"><\/div>\n<\/div>\n<p class=\"article-body__text \">La llamada\u00a0<strong>Iniciativa de Cereales del Mar Negro<\/strong>\u00a0es el nombre oficial del pacto sobre el transporte de cereales desde los puertos de Ucrania. Este se firm\u00f3 el 22 de julio del pasado 2022 y permiti\u00f3 aliviar la crisis alimentaria mundial provocada por la ofensiva rusa en Ucrania. A finales de octubre Mosc\u00fa quiso suspender el acuerdo tras un ataque con drones en la regi\u00f3n de Crimea &#8211; controlada por Rusia pero reconocida por la comunidad internacional como parte de Ucrania -, algo que fue tildado por Mija\u00edl Razojaev, el gobernador impuesto por Mosc\u00fa, como \u00abel ataque con\u00a0<strong>drones\u00a0<\/strong>a\u00e9reos y acu\u00e1ticos m\u00e1s masivo en las aguas de la bah\u00eda de Sebastopol en la historia (del conflicto rusoucraniano)\u00bb. Kiev no confirm\u00f3 haber cometido tal ataque contra posiciones rusas en esa \u00e1rea. Mosc\u00fa finalmente dio marcha atr\u00e1s y a principios de noviembre, dio el\u00a0<strong>visto bueno<\/strong>\u00a0a mantener el acuerdo para el comercio de productos agr\u00edcolas tras recibir garant\u00edas de Ucrania.<\/p>\n<p class=\"article-body__text \">Kiev pidi\u00f3 el martes esfuerzos internacionales para que se\u00a0<strong>mantengan abiertas<\/strong>\u00a0las rutas mar\u00edtimas del Mar Negro que se usan para el comercio. Ucrania es el noveno mayor\u00a0<strong>productor de cereales<\/strong>\u00a0del planeta. Rusia por su parte se queja de que la parte del acuerdo que deb\u00eda permitirle\u00a0<strong>exportar fertilizantes sin sanciones occidentales<\/strong>\u00a0no se est\u00e1 respetando. El mismo Lavrov asever\u00f3 que \u00ablas sanciones proh\u00edben a los barcos rusos que transportan cereales y fertilizantes entrar en los puertos correspondientes y proh\u00edben a los barcos extranjeros entrar en los puertos rusos para recoger esos cargamentos\u00bb.<\/p>\n<\/div>\n<\/div>\n<\/div>\n<\/div>\n<\/div>\n<\/div>\n","protected":false},"excerpt":{"rendered":"<p>Kiev pidi\u00f3 el martes esfuerzos internacionales para que se mantengan abiertas las rutas mar\u00edtimas del Mar Negro que se usan para el comercio &nbsp; El ministro de Asuntos Exteriores ruso\u00a0Sergu\u00e9i Lavrov\u00a0no ve el\u00a0agua clara\u00a0en la negociaci\u00f3n para prolongar el\u00a0acuerdo que permite la\u00a0exportaci\u00f3n de grano ucraniano\u00a0a pesar de la ofensiva rusa en\u00a0Ucrania.\u00a0\u00c9l mismo tild\u00f3 las conversaciones &hellip;<\/p>\n","protected":false},"author":1,"featured_media":1139,"comment_status":"open","ping_status":"open","sticky":false,"template":"","format":"standard","meta":{"footnotes":""},"categories":[24],"tags":[],"class_list":["post-1138","post","type-post","status-publish","format-standard","has-post-thumbnail","hentry","category-politica"],"jetpack_featured_media_url":"https:\/\/canaripress.com\/es\/wp-content\/uploads\/sites\/2\/2023\/03\/96410fdd-edf6-4d03-bb8d-cd62c8ab72ce_16-9-discover-aspect-ratio_default_0.jpg","_links":{"self":[{"href":"https:\/\/canaripress.com\/es\/wp-json\/wp\/v2\/posts\/1138","targetHints":{"allow":["GET"]}}],"collection":[{"href":"https:\/\/canaripress.com\/es\/wp-json\/wp\/v2\/posts"}],"about":[{"href":"https:\/\/canaripress.com\/es\/wp-json\/wp\/v2\/types\/post"}],"author":[{"embeddable":true,"href":"https:\/\/canaripress.com\/es\/wp-json\/wp\/v2\/users\/1"}],"replies":[{"embeddable":true,"href":"https:\/\/canaripress.com\/es\/wp-json\/wp\/v2\/comments?post=1138"}],"version-history":[{"count":2,"href":"https:\/\/canaripress.com\/es\/wp-json\/wp\/v2\/posts\/1138\/revisions"}],"predecessor-version":[{"id":1141,"href":"https:\/\/canaripress.com\/es\/wp-json\/wp\/v2\/posts\/1138\/revisions\/1141"}],"wp:featuredmedia":[{"embeddable":true,"href":"https:\/\/canaripress.com\/es\/wp-json\/wp\/v2\/media\/1139"}],"wp:attachment":[{"href":"https:\/\/canaripress.com\/es\/wp-json\/wp\/v2\/media?parent=1138"}],"wp:term":[{"taxonomy":"category","embeddable":true,"href":"https:\/\/canaripress.com\/es\/wp-json\/wp\/v2\/categories?post=1138"},{"taxonomy":"post_tag","embeddable":true,"href":"https:\/\/canaripress.com\/es\/wp-json\/wp\/v2\/tags?post=1138"}],"curies":[{"name":"wp","href":"https:\/\/api.w.org\/{rel}","templated":true}]}}