{"id":1142,"date":"2023-03-09T18:53:32","date_gmt":"2023-03-09T15:53:32","guid":{"rendered":"https:\/\/canaripress.com\/es\/?p=1142"},"modified":"2023-03-09T18:53:32","modified_gmt":"2023-03-09T15:53:32","slug":"polonia-reafirma-su-disposicion-a-entregar-mig-29-a-ucrania","status":"publish","type":"post","link":"https:\/\/canaripress.com\/es\/2023\/03\/09\/polonia-reafirma-su-disposicion-a-entregar-mig-29-a-ucrania\/","title":{"rendered":"Polonia reafirma su disposici\u00f3n a entregar MIG-29 a Ucrania"},"content":{"rendered":"<p data-t=\"{&quot;n&quot;:&quot;blueLinks&quot;}\">Cracovia (Polonia) 9 mar (EFE). &#8211; El jefe de la oficina presidencial polaca, Pawe\u0142 Szrot, reafirm\u00f3 este jueves que Polonia est\u00e1 dispuesta a entregar algunos de sus cazas de fabricaci\u00f3n sovi\u00e9tica MIG-29 a Ucrania en el marco de una coalici\u00f3n internacional, aun por concretar.<\/p>\n<div class=\"article-image-slot image-slot-placeholder\" data-image-href=\"https:\/\/www.msn.com\/es-es\/noticias\/internacional\/polonia-reafirma-su-disposici%C3%B3n-a-entregar-mig-29-a-ucrania\/ar-AA18pCqk?cvid=843dd4f5c849497fa50260f5fcd19cbc&amp;ei=32&amp;fullscreen=true#image=1\" data-doc-id=\"cms\/api\/amp\/image\/AA18pLg8\" data-rendered=\"true\">\n<div class=\"article-image-container   \" data-t=\"{&quot;n&quot;:&quot;OpenModal&quot;,&quot;t&quot;:13}\">\n<div class=\"image-caption-container image-caption-container-ux-impr   content-small-text\"><span class=\"image-caption\">Polonia reafirma su disposici\u00f3n a entregar MIG-29 a Ucrania<\/span><span class=\"image-attribution image-attribution-ux-impr\">\u00a9\u00a0Proporcionado por Agencia EFE<\/span><\/div>\n<\/div>\n<\/div>\n<p data-t=\"{&quot;n&quot;:&quot;blueLinks&quot;}\">El portavoz de la oficina presidencial asegur\u00f3 que \u00abla transferencia de aviones por parte de Polonia, no ser\u00e1 de un gran n\u00famero (de aparatos)\u00bb y a\u00f1adi\u00f3 que una entrega de los MiG-29 \u00abno ser\u00e1 un n\u00famero igual al de los tanques (Leopard 2 entregados)\u00bb recientemente a Kiev.<\/p>\n<p data-t=\"{&quot;n&quot;:&quot;blueLinks&quot;}\">Szrot hizo esta declaraci\u00f3n en la radio polaca, despu\u00e9s de que el presidente Andrzej Duda afirmara ayer en Abu Dhabi que \u00abPolonia est\u00e1 preparada\u00bb para entregar \u00abel n\u00famero restante de (aviones) MiG-29 que tenemos sirviendo en la Fuerza A\u00e9rea\u00bb y se mostrara \u00abseguro de que Ucrania estar\u00e1 preparada para usarlos inmediatamente\u00bb.<\/p>\n<p data-t=\"{&quot;n&quot;:&quot;blueLinks&quot;}\">\u00abPor supuesto, lo haremos en el marco de una coalici\u00f3n internacional m\u00e1s amplia, para que se traduzca en un apoyo significativo para Ucrania\u00bb, a\u00f1adi\u00f3 Szrot.<\/p>\n<p data-t=\"{&quot;n&quot;:&quot;blueLinks&quot;}\">Duda hab\u00eda asegurado adem\u00e1s que en el futuro Ucrania recibir\u00e1 aviones F-16, de fabricaci\u00f3n estadounidense, aunque no especific\u00f3 qui\u00e9n proporcionar\u00eda esos aparatos ni cu\u00e1ndo se producir\u00eda esa entrega.<\/p>\n<p class=\"continue-read-break\" data-t=\"{&quot;n&quot;:&quot;blueLinks&quot;}\">Al respecto, Szrot coment\u00f3 que \u00abcuando se habla de los F-16, no hay lugar para declaraciones accidentales\u00bb y enfatiz\u00f3 que el presidente Duda pronunci\u00f3 esas palabras \u00abcon plena convicci\u00f3n, con pleno conocimiento\u00bb.<\/p>\n<p data-t=\"{&quot;n&quot;:&quot;blueLinks&quot;}\">Seg\u00fan los datos oficiales, la Fuerza A\u00e9rea polaca cuenta con 29 aviones MiG 29 en servicio, seis de ellos dedicados a misiones de entrenamiento avanzado, que planea reemplazar con 50 aviones FA-50 comprados el a\u00f1o pasado a Corea del Sur.<\/p>\n<p data-t=\"{&quot;n&quot;:&quot;blueLinks&quot;}\">El presidente ucraniano, Volod\u00edmir Zelenski, solicit\u00f3 formalmente el pasado febrero a Eslovaquia que le entregase los 14 cazas MiG-29 que la Fuerza A\u00e9rea mantiene almacenados y sin usar desde el a\u00f1o pasado por falta de mantenimiento, un trabajo que estaba encargado a una empresa rusa.<\/p>\n<p data-t=\"{&quot;n&quot;:&quot;blueLinks&quot;}\">En un mensaje publicado este jueves en internet, el ministro eslovaco de Defensa, Jaroslaw Nad, afirm\u00f3 que Polonia acepta la transferencia conjunta de los MiG-29 de ambos pa\u00edses a Ucrania.<\/p>\n","protected":false},"excerpt":{"rendered":"<p>Cracovia (Polonia) 9 mar (EFE). &#8211; El jefe de la oficina presidencial polaca, Pawe\u0142 Szrot, reafirm\u00f3 este jueves que Polonia est\u00e1 dispuesta a entregar algunos de sus cazas de fabricaci\u00f3n sovi\u00e9tica MIG-29 a Ucrania en el marco de una coalici\u00f3n internacional, aun por concretar. Polonia reafirma su disposici\u00f3n a entregar MIG-29 a Ucrania\u00a9\u00a0Proporcionado por Agencia &hellip;<\/p>\n","protected":false},"author":1,"featured_media":1143,"comment_status":"open","ping_status":"open","sticky":false,"template":"","format":"standard","meta":{"footnotes":""},"categories":[24],"tags":[],"class_list":["post-1142","post","type-post","status-publish","format-standard","has-post-thumbnail","hentry","category-politica"],"jetpack_featured_media_url":"https:\/\/canaripress.com\/es\/wp-content\/uploads\/sites\/2\/2023\/03\/AA18pLg8.jpg","_links":{"self":[{"href":"https:\/\/canaripress.com\/es\/wp-json\/wp\/v2\/posts\/1142","targetHints":{"allow":["GET"]}}],"collection":[{"href":"https:\/\/canaripress.com\/es\/wp-json\/wp\/v2\/posts"}],"about":[{"href":"https:\/\/canaripress.com\/es\/wp-json\/wp\/v2\/types\/post"}],"author":[{"embeddable":true,"href":"https:\/\/canaripress.com\/es\/wp-json\/wp\/v2\/users\/1"}],"replies":[{"embeddable":true,"href":"https:\/\/canaripress.com\/es\/wp-json\/wp\/v2\/comments?post=1142"}],"version-history":[{"count":2,"href":"https:\/\/canaripress.com\/es\/wp-json\/wp\/v2\/posts\/1142\/revisions"}],"predecessor-version":[{"id":1145,"href":"https:\/\/canaripress.com\/es\/wp-json\/wp\/v2\/posts\/1142\/revisions\/1145"}],"wp:featuredmedia":[{"embeddable":true,"href":"https:\/\/canaripress.com\/es\/wp-json\/wp\/v2\/media\/1143"}],"wp:attachment":[{"href":"https:\/\/canaripress.com\/es\/wp-json\/wp\/v2\/media?parent=1142"}],"wp:term":[{"taxonomy":"category","embeddable":true,"href":"https:\/\/canaripress.com\/es\/wp-json\/wp\/v2\/categories?post=1142"},{"taxonomy":"post_tag","embeddable":true,"href":"https:\/\/canaripress.com\/es\/wp-json\/wp\/v2\/tags?post=1142"}],"curies":[{"name":"wp","href":"https:\/\/api.w.org\/{rel}","templated":true}]}}