{"id":1147,"date":"2023-03-10T17:47:22","date_gmt":"2023-03-10T14:47:22","guid":{"rendered":"https:\/\/canaripress.com\/es\/?p=1147"},"modified":"2023-03-10T17:47:22","modified_gmt":"2023-03-10T14:47:22","slug":"grupo-parlametario-pide-la-eliminacion-de-los-nombres-franceses-de-las-calles-marroquies","status":"publish","type":"post","link":"https:\/\/canaripress.com\/es\/2023\/03\/10\/grupo-parlametario-pide-la-eliminacion-de-los-nombres-franceses-de-las-calles-marroquies\/","title":{"rendered":"Grupo Parlametario pide la eliminaci\u00f3n de los nombres franceses de las calles marroqu\u00edes"},"content":{"rendered":"<p><strong><em>El grupo parlamentario del Partido Istiqlal ha pedido al Ministro del Interior marroqu\u00ed que elimine los nombres franceses de las calles y los sustituya por nombres de personalidades marroqu\u00edes.<\/em><\/strong><\/p>\n<p>En un momento en que las relaciones entre Marruecos y Francia no pasan por sus mejores momentos, el grupo parlamentario del Partido Istiqlal (PI) en la C\u00e1mara de Representantes ha pedido \u00abla eliminaci\u00f3n de los nombres con connotaciones coloniales francesas dados a los bulevares, calles, plazas y v\u00edas de varias ciudades\u201d.<\/p>\n<p>Estos nombres franceses, que hacen referencia a la \u00e9poca de la colonizaci\u00f3n y la cultura francesa, deben dar paso a los de figuras marroqu\u00edes de la Resistencia, la cultura, la pol\u00edtica y las artes, subray\u00f3 el grupo parlamentario en una pregunta escrita dirigida al Ministro de El interior.<\/p>\n<p>Los diputados citaron el ejemplo de Casablanca, donde \u00abel General Residente de Francia en Marruecos en Casablanca, Mariscal Lyautey, hab\u00eda llevado a cabo la operaci\u00f3n de transformaci\u00f3n de la capital econ\u00f3mica de Marruecos, imprimiendo all\u00ed la civilizaci\u00f3n, la cultura y los s\u00edmbolos de Francia. Y en este contexto, precisa la pregunta escrita del grupo parlamentario, \u201cel mariscal Lyautey hab\u00eda bautizado bulevares, calles y plazas con nombres en franc\u00e9s\u201d.<\/p>\n<p>La pregunta del grupo parlamentario del PI, planteada por el diputado Hassan Berkani, propon\u00eda \u00abel cambio de los nombres de bulevares y calles, borrando la impronta francesa, de la capital econ\u00f3mica del pa\u00eds\u00bb.<\/p>\n<p>Para el grupo parlamentario, los nuevos nombres de estos bulevares, calles, plazas deben extraerse del repertorio de la historia marroqu\u00ed, con el fin de \u00abconsolidar los valores del patriotismo, preservar la memoria nacional, rendir homenaje a los s\u00edmbolos marroqu\u00edes y recordar eventos hist\u00f3ricos\u00bb.<\/p>\n","protected":false},"excerpt":{"rendered":"<p>El grupo parlamentario del Partido Istiqlal ha pedido al Ministro del Interior marroqu\u00ed que elimine los nombres franceses de las calles y los sustituya por nombres de personalidades marroqu\u00edes. En un momento en que las relaciones entre Marruecos y Francia no pasan por sus mejores momentos, el grupo parlamentario del Partido Istiqlal (PI) en la &hellip;<\/p>\n","protected":false},"author":1,"featured_media":1148,"comment_status":"open","ping_status":"open","sticky":false,"template":"","format":"standard","meta":{"footnotes":""},"categories":[24],"tags":[],"class_list":["post-1147","post","type-post","status-publish","format-standard","has-post-thumbnail","hentry","category-politica"],"jetpack_featured_media_url":"https:\/\/canaripress.com\/es\/wp-content\/uploads\/sites\/2\/2023\/03\/7RaE1LLk2TrIcH7SyaML9jESRFYMHJDYOlUIJowc.jpeg","_links":{"self":[{"href":"https:\/\/canaripress.com\/es\/wp-json\/wp\/v2\/posts\/1147","targetHints":{"allow":["GET"]}}],"collection":[{"href":"https:\/\/canaripress.com\/es\/wp-json\/wp\/v2\/posts"}],"about":[{"href":"https:\/\/canaripress.com\/es\/wp-json\/wp\/v2\/types\/post"}],"author":[{"embeddable":true,"href":"https:\/\/canaripress.com\/es\/wp-json\/wp\/v2\/users\/1"}],"replies":[{"embeddable":true,"href":"https:\/\/canaripress.com\/es\/wp-json\/wp\/v2\/comments?post=1147"}],"version-history":[{"count":2,"href":"https:\/\/canaripress.com\/es\/wp-json\/wp\/v2\/posts\/1147\/revisions"}],"predecessor-version":[{"id":1150,"href":"https:\/\/canaripress.com\/es\/wp-json\/wp\/v2\/posts\/1147\/revisions\/1150"}],"wp:featuredmedia":[{"embeddable":true,"href":"https:\/\/canaripress.com\/es\/wp-json\/wp\/v2\/media\/1148"}],"wp:attachment":[{"href":"https:\/\/canaripress.com\/es\/wp-json\/wp\/v2\/media?parent=1147"}],"wp:term":[{"taxonomy":"category","embeddable":true,"href":"https:\/\/canaripress.com\/es\/wp-json\/wp\/v2\/categories?post=1147"},{"taxonomy":"post_tag","embeddable":true,"href":"https:\/\/canaripress.com\/es\/wp-json\/wp\/v2\/tags?post=1147"}],"curies":[{"name":"wp","href":"https:\/\/api.w.org\/{rel}","templated":true}]}}