{"id":1155,"date":"2023-03-10T18:03:43","date_gmt":"2023-03-10T15:03:43","guid":{"rendered":"https:\/\/canaripress.com\/es\/?p=1155"},"modified":"2023-03-10T18:03:43","modified_gmt":"2023-03-10T15:03:43","slug":"el-polisario-prohibe-las-protestas","status":"publish","type":"post","link":"https:\/\/canaripress.com\/es\/2023\/03\/10\/el-polisario-prohibe-las-protestas\/","title":{"rendered":"El Polisario proh\u00edbe las protestas"},"content":{"rendered":"<p>La nueva ministra del Interior del Polisario, Mariam Salek Hammada \u00abha ordenado la prohibici\u00f3n de todas las manifestaciones, si es necesario, el uso de la fuerza\u00bb contra los saharauis para disuadirlos de realizar cualquier tipo de protesta, indica el Foro de Apoyo a los Autonomistas de Tinduf (FORSATIN) en un comunicado de prensa.<\/p>\n<p>Estas instrucciones impidieron que los j\u00f3venes organizaran el mi\u00e9rcoles una manifestaci\u00f3n contra la esclavitud y la marginaci\u00f3n de los grupos minoritarios en los campamentos, dijo la misma fuente.<\/p>\n<p>Como recordatorio, el Frente hab\u00eda autorizado, en diciembre pasado, una manifestaci\u00f3n de condena a la esclavitud en los campos de Tinduf, pero fue antes de la celebraci\u00f3n del 16\u00ba congreso del Polisario.<\/p>\n<p>Esta pol\u00edtica de firmeza frente a las protestas de la poblaci\u00f3n saharaui contrasta totalmente con el retorno de manifestaciones diarias en los campamentos, concluye FORSATIN.<\/p>\n","protected":false},"excerpt":{"rendered":"<p>La nueva ministra del Interior del Polisario, Mariam Salek Hammada \u00abha ordenado la prohibici\u00f3n de todas las manifestaciones, si es necesario, el uso de la fuerza\u00bb contra los saharauis para disuadirlos de realizar cualquier tipo de protesta, indica el Foro de Apoyo a los Autonomistas de Tinduf (FORSATIN) en un comunicado de prensa. Estas instrucciones &hellip;<\/p>\n","protected":false},"author":1,"featured_media":1156,"comment_status":"open","ping_status":"open","sticky":false,"template":"","format":"standard","meta":{"footnotes":""},"categories":[24],"tags":[],"class_list":["post-1155","post","type-post","status-publish","format-standard","has-post-thumbnail","hentry","category-politica"],"jetpack_featured_media_url":"https:\/\/canaripress.com\/es\/wp-content\/uploads\/sites\/2\/2023\/03\/tindof_958721123.jpg","_links":{"self":[{"href":"https:\/\/canaripress.com\/es\/wp-json\/wp\/v2\/posts\/1155","targetHints":{"allow":["GET"]}}],"collection":[{"href":"https:\/\/canaripress.com\/es\/wp-json\/wp\/v2\/posts"}],"about":[{"href":"https:\/\/canaripress.com\/es\/wp-json\/wp\/v2\/types\/post"}],"author":[{"embeddable":true,"href":"https:\/\/canaripress.com\/es\/wp-json\/wp\/v2\/users\/1"}],"replies":[{"embeddable":true,"href":"https:\/\/canaripress.com\/es\/wp-json\/wp\/v2\/comments?post=1155"}],"version-history":[{"count":2,"href":"https:\/\/canaripress.com\/es\/wp-json\/wp\/v2\/posts\/1155\/revisions"}],"predecessor-version":[{"id":1158,"href":"https:\/\/canaripress.com\/es\/wp-json\/wp\/v2\/posts\/1155\/revisions\/1158"}],"wp:featuredmedia":[{"embeddable":true,"href":"https:\/\/canaripress.com\/es\/wp-json\/wp\/v2\/media\/1156"}],"wp:attachment":[{"href":"https:\/\/canaripress.com\/es\/wp-json\/wp\/v2\/media?parent=1155"}],"wp:term":[{"taxonomy":"category","embeddable":true,"href":"https:\/\/canaripress.com\/es\/wp-json\/wp\/v2\/categories?post=1155"},{"taxonomy":"post_tag","embeddable":true,"href":"https:\/\/canaripress.com\/es\/wp-json\/wp\/v2\/tags?post=1155"}],"curies":[{"name":"wp","href":"https:\/\/api.w.org\/{rel}","templated":true}]}}