{"id":1159,"date":"2023-03-10T18:20:42","date_gmt":"2023-03-10T15:20:42","guid":{"rendered":"https:\/\/canaripress.com\/es\/?p=1159"},"modified":"2023-03-10T18:20:42","modified_gmt":"2023-03-10T15:20:42","slug":"marlaska-explicara-en-el-parlamento-europeo-la-tragedia-de-melilla","status":"publish","type":"post","link":"https:\/\/canaripress.com\/es\/2023\/03\/10\/marlaska-explicara-en-el-parlamento-europeo-la-tragedia-de-melilla\/","title":{"rendered":"Marlaska explicar\u00e1 en el Parlamento Europeo la tragedia de Melilla"},"content":{"rendered":"<div class=\"entry\">\n<div class=\"ue-l-article__header ue-c-article__header\">\n<p class=\"ue-c-article__standfirst\">El ministro del Interior, <a href=\"https:\/\/www.elmundo.es\/e\/fe\/fernando-grande-marlaska.html\">Fernando Grande-Marlaska<\/a>, tiene previsto intervenir el pr\u00f3ximo\u00a0<strong>22 de marzo<\/strong>\u00a0en la\u00a0<strong>Comisi\u00f3n de Libertades Civiles<\/strong>\u00a0del\u00a0<strong>Parlamento Europeo<\/strong>\u00a0para hablar de la\u00a0<a href=\"https:\/\/www.elmundo.es\/espana\/2022\/06\/24\/62b573c3e4d4d847788b459c.html\">tragedia del pasado junio en Nador (Marruecos)<\/a>, donde 23 inmigrantes murieron al intentar cruzar la valla de\u00a0<strong>Melilla<\/strong>.<\/p>\n<\/div>\n<div class=\"ue-l-article__body ue-c-article__body\" data-section=\"articleBody\">\n<p data-mrf-recirculation=\"Links P\u00e1rrafos\">\u00abNo es una comparecencia, es un intercambio de pareceres, de cuestiones y ya est\u00e1 fijada la fecha, ser\u00e1 el 22 de marzo\u00bb, dijo Grande-Marlaska en declaraciones a la prensa a su llegada a un Consejo de ministros europeos de Interior.<\/p>\n<p data-mrf-recirculation=\"Links P\u00e1rrafos\">Esa comisi\u00f3n de la Euroc\u00e1mara, que gestiona los asuntos relacionados con la migraci\u00f3n, acord\u00f3 solicitar la comparecencia de Marlaska el pasado\u00a0<strong>14 de julio de 2022<\/strong>\u00a0a petici\u00f3n del eurodiputado de Anticapitalistas\u00a0<strong>Miguel Urb\u00e1n<\/strong>, pero el titular de Interior espa\u00f1ol\u00a0<a href=\"https:\/\/www.elmundo.es\/espana\/2022\/09\/07\/63178382e4d4d89d648b45dd.html\">declin\u00f3 asistir en varias ocasiones<\/a>, tambi\u00e9n a invitaciones por carta.<\/p>\n<p data-mrf-recirculation=\"Links P\u00e1rrafos\">Este jueves, el ministro record\u00f3 que \u00e9l se hab\u00eda comprometido a ir a la Euroc\u00e1mara una vez finalizara la\u00a0<a href=\"https:\/\/www.elmundo.es\/espana\/2022\/12\/23\/63a587f121efa0d94d8b4574.html\">investigaci\u00f3n<\/a>\u00a0de la\u00a0<strong>Fiscal\u00eda<\/strong>\u00a0espa\u00f1ola, despu\u00e9s de la invitaci\u00f3n formal de la Comisi\u00f3n de Libertades Civiles.<\/p>\n<p data-mrf-recirculation=\"Links P\u00e1rrafos\">\u00abLo m\u00e1s oportuno desde todos los puntos de vista era que ese intercambio tuviera lugar una vez que la Fiscal\u00eda hubiera concluido esas investigaciones\u00bb, se\u00f1al\u00f3 el ministro.<\/p>\n<div id=\"cx_75f72b410942e1dabbcb0ca884067415725dff07_1\" data-ue-id=\"cx_75f72b410942e1dabbcb0ca884067415725dff07\">\n<div class=\"ue-c-article__taboola-in-body ue-l-article--float-left-from-desktop ue-l-article--leftcol-width-from-desktop ue-l-article--move-to-leftcol-from-desktop \" data-mrf-recirculation=\"Taboola in body\">\n<div class=\"ue-c-article__taboola-in-body__list\">\n<div class=\"ue-c-article__taboola-in-body__item\">\n<div class=\"ue-c-article__context-content\"><span class=\"ue-c-article__context-title\">Marlaska frena desde hace 8 meses la investigaci\u00f3n de la corrupci\u00f3n en la Guardia Civil<\/span><\/div>\n<\/div>\n<\/div>\n<\/div>\n<\/div>\n<p data-mrf-recirculation=\"Links P\u00e1rrafos\">La BBC public\u00f3 un\u00a0<a href=\"https:\/\/www.elmundo.es\/espana\/2022\/11\/02\/6362358921efa0fd748b45b2.html\">reportaje<\/a>\u00a0en noviembre pasado sobre lo ocurrido en la frontera entre Melilla y Nador (Marruecos) en el que la cadena brit\u00e1nica aseguraba que la Polic\u00eda espa\u00f1ola vio y no impidi\u00f3 que decenas de migrantes murieran en el per\u00edmetro fronterizo.<\/p>\n<\/div>\n<\/div>\n<p>\u00abEl Mundo\u00bb<\/p>\n","protected":false},"excerpt":{"rendered":"<p>El ministro del Interior, Fernando Grande-Marlaska, tiene previsto intervenir el pr\u00f3ximo\u00a022 de marzo\u00a0en la\u00a0Comisi\u00f3n de Libertades Civiles\u00a0del\u00a0Parlamento Europeo\u00a0para hablar de la\u00a0tragedia del pasado junio en Nador (Marruecos), donde 23 inmigrantes murieron al intentar cruzar la valla de\u00a0Melilla. \u00abNo es una comparecencia, es un intercambio de pareceres, de cuestiones y ya est\u00e1 fijada la fecha, ser\u00e1 &hellip;<\/p>\n","protected":false},"author":1,"featured_media":1160,"comment_status":"open","ping_status":"open","sticky":false,"template":"","format":"standard","meta":{"footnotes":""},"categories":[26,24],"tags":[],"class_list":["post-1159","post","type-post","status-publish","format-standard","has-post-thumbnail","hentry","category-mundo","category-politica"],"jetpack_featured_media_url":"https:\/\/canaripress.com\/es\/wp-content\/uploads\/sites\/2\/2023\/03\/marlaska.jpg","_links":{"self":[{"href":"https:\/\/canaripress.com\/es\/wp-json\/wp\/v2\/posts\/1159","targetHints":{"allow":["GET"]}}],"collection":[{"href":"https:\/\/canaripress.com\/es\/wp-json\/wp\/v2\/posts"}],"about":[{"href":"https:\/\/canaripress.com\/es\/wp-json\/wp\/v2\/types\/post"}],"author":[{"embeddable":true,"href":"https:\/\/canaripress.com\/es\/wp-json\/wp\/v2\/users\/1"}],"replies":[{"embeddable":true,"href":"https:\/\/canaripress.com\/es\/wp-json\/wp\/v2\/comments?post=1159"}],"version-history":[{"count":2,"href":"https:\/\/canaripress.com\/es\/wp-json\/wp\/v2\/posts\/1159\/revisions"}],"predecessor-version":[{"id":1162,"href":"https:\/\/canaripress.com\/es\/wp-json\/wp\/v2\/posts\/1159\/revisions\/1162"}],"wp:featuredmedia":[{"embeddable":true,"href":"https:\/\/canaripress.com\/es\/wp-json\/wp\/v2\/media\/1160"}],"wp:attachment":[{"href":"https:\/\/canaripress.com\/es\/wp-json\/wp\/v2\/media?parent=1159"}],"wp:term":[{"taxonomy":"category","embeddable":true,"href":"https:\/\/canaripress.com\/es\/wp-json\/wp\/v2\/categories?post=1159"},{"taxonomy":"post_tag","embeddable":true,"href":"https:\/\/canaripress.com\/es\/wp-json\/wp\/v2\/tags?post=1159"}],"curies":[{"name":"wp","href":"https:\/\/api.w.org\/{rel}","templated":true}]}}