{"id":1163,"date":"2023-03-10T18:28:07","date_gmt":"2023-03-10T15:28:07","guid":{"rendered":"https:\/\/canaripress.com\/es\/?p=1163"},"modified":"2023-03-10T18:28:07","modified_gmt":"2023-03-10T15:28:07","slug":"felipe-vi-advierte-en-la-ocde-que-la-democracia-las-libertades-y-los-derechos-humanos-estan-bajo-severa-amenaza","status":"publish","type":"post","link":"https:\/\/canaripress.com\/es\/2023\/03\/10\/felipe-vi-advierte-en-la-ocde-que-la-democracia-las-libertades-y-los-derechos-humanos-estan-bajo-severa-amenaza\/","title":{"rendered":"Felipe VI advierte en la OCDE que \u00abla democracia, las libertades y los derechos humanos est\u00e1n bajo severa amenaza\u00bb"},"content":{"rendered":"<div class=\"ue-l-article__header ue-c-article__header\">\n<div class=\"ue-l-article__header-content\"><\/div>\n<div class=\"ue-c-article__bar ue-l-article--leftcol-width-from-desktop ue-l-article--float-left-from-desktop ue-l-article--move-to-leftcol-from-desktop ue-l-article--order-1-from-mobile\">\n<div class=\"ue-c-article__bar-footer\">\n<p>&nbsp;<\/p>\n<\/div>\n<\/div>\n<p class=\"ue-c-article__standfirst\">El monarca visita la organizaci\u00f3n con sede en Par\u00eds por primera vez desde que accedi\u00f3 al trono<\/p>\n<figure class=\"ue-c-article__media ue-c-article__media--image\">\n<div class=\"ue-c-article__media-img-container ue-l-article--expand-edge-right-until-tablet ue-l-article--expand-edge-left-until-tablet\"><img decoding=\"async\" src=\"https:\/\/e00-elmundo.uecdn.es\/assets\/multimedia\/imagenes\/2023\/03\/10\/16784490761781.jpg\" alt=\"El Rey Felipe VI, junto al secretario general de la OCDE.\" \/><\/div><figcaption class=\"ue-c-article__media-caption ue-c-article__media--caption-inverted-color-until-tablet  ue-c-article__media--caption-bottom-over-media-until-tablet ue-l-article--expand-edge-right-until-tablet ue-l-article--expand-edge-left-until-tablet\"><span class=\"ue-c-article__media-description\">El Rey Felipe VI, junto al secretario general de la OCDE.<\/span><span class=\"ue-c-article__media-source\"><span class=\"ue-c-article__media-author\">CHRISTOPHE PETIT TESSON<\/span><span class=\"ue-c-article__media-agency\">EFE<\/span><\/span><\/figcaption><\/figure>\n<\/div>\n<div class=\"ue-l-article__body ue-c-article__body\" data-section=\"articleBody\">\n<ul class=\"ue-c-article__subtitles ue-c-article__subtitles--boxed ue-l-article--width-1of2-from-mobile ue-l-article--float-right-from-mobile ue-l-article--expand-edge-right-until-tablet ue-l-article--leftcol-width-from-desktop ue-l-article--float-left-from-desktop ue-l-article--move-to-leftcol-from-desktop\" aria-label=\"Contenido relacionado\">\n<li class=\"ue-c-article__subtitles-item ue-l-article--top-separator ue-l-article--top-separator-from-mobile\"><span class=\"ue-c-article__subtitles-kicker\">Casa Real<\/span><a href=\"https:\/\/www.elmundo.es\/espana\/2023\/03\/10\/640a314d21efa06c6d8b45a2.html\">\u00a0Felipe VI completa con la OCDE en Par\u00eds el pleno de los grandes organismos internacionales<\/a><\/li>\n<li class=\"ue-c-article__subtitles-item ue-l-article--top-separator ue-l-article--top-separator-from-mobile\"><span class=\"ue-c-article__subtitles-kicker\">Exteriores<\/span><a href=\"https:\/\/www.elmundo.es\/economia\/actualidad-economica\/2023\/03\/07\/63ffa725fc6c8314428b45a0.html\">\u00a0Felipe VI, un embajador con marca propia que impulsa a las empresas en el exterior con l\u00edmites n\u00edtidos<\/a><\/li>\n<\/ul>\n<p data-mrf-recirculation=\"Links P\u00e1rrafos\">Hace un mes el rey em\u00e9rito\u00a0<a href=\"https:\/\/www.elmundo.es\/e\/re\/rey-juan-carlos-i.html\">Juan Carlos I<\/a>\u00a0viaj\u00f3 a Par\u00eds para\u00a0<a href=\"https:\/\/www.elmundo.es\/loc\/casa-real\/2023\/02\/08\/63e3e689fdddff872b8b458c.html\">participar<\/a>\u00a0en la ceremonia de entrada de\u00a0<a href=\"https:\/\/www.elmundo.es\/e\/ma\/mario-vargas-llosa.html\">Mario Vargas Llosa<\/a>\u00a0en la Real Academia Francesa. Cen\u00f3 con el escritor y con\u00a0<a href=\"https:\/\/www.elmundo.es\/e\/em\/emmanuel-macron.html\">Emmanuel Macron<\/a>\u00a0en el El\u00edseo. Hoy es su hijo, el Rey\u00a0<a href=\"https:\/\/www.elmundo.es\/e\/fe\/felipe-vi.html\">Felipe VI<\/a>, el que ha visitado el pa\u00eds vecino, en este caso para visitar la\u00a0<strong>OCDE<\/strong>, donde ha advertido que el orden mundial \u00abse est\u00e1 reconfigurando de manera desordenada\u00bb y ha dicho que\u00a0<strong>la guerra en Ucrania \u00abha revelado un nuevo paisaje geopol\u00edtico<\/strong>\u00a0en muchos aspectos: Democracia, libertades individuales y derechos humanos est\u00e1n bajo severa amenaza\u00bb.<\/p>\n<p data-mrf-recirculation=\"Links P\u00e1rrafos\">El monarca ha destacado el papel de esta organizaci\u00f3n en las crisis sucesivas que ha vivido Europa, desde la pandemia, la guerra, y la situaci\u00f3n econ\u00f3mica, con la inflaci\u00f3n disparada. \u00ab<strong>Sab\u00edamos que los cambios suceden r\u00e1pido<\/strong>, pero no tan r\u00e1pido y tan profundos y los graves e inesperados obst\u00e1culos que \u00edbamos a tener que afrontar\u00bb, ha se\u00f1alado.<\/p>\n<p data-mrf-recirculation=\"Links P\u00e1rrafos\">El Rey ha viajado\u00a0<strong>acompa\u00f1ado de la vicepresidenta primera<\/strong>\u00a0y ministra de Econom\u00eda,\u00a0<a href=\"https:\/\/www.elmundo.es\/e\/na\/nadia-calvino.html\">Nadia Calvi\u00f1o<\/a>, y se ha reunido con el secretario general de la OCDE,\u00a0<strong>Mathias Cormann<\/strong>. Esta visita se enmarca dentro de las que est\u00e1 haciendo el monarca a\u00a0<a href=\"https:\/\/www.elmundo.es\/economia\/actualidad-economica\/2023\/03\/07\/63ffa725fc6c8314428b45a0.html\">distintas instituciones<\/a>\u00a0desde 2014, cuando lleg\u00f3 al trono.<\/p>\n<p data-mrf-recirculation=\"Links P\u00e1rrafos\">La OCDE ya la visit\u00f3 en 2007, siendo Pr\u00edncipe de Asturias. Entonces \u00abla escena parece similar a \u00e9sta, pero los actores y el relato han cambiado mucho, volvi\u00e9ndose mucho m\u00e1s complejos\u00bb, ha dicho Felipe VI, que ha alabado la manera en que la OCDE \u00abmanej\u00f3 la salida de la pandemia\u00bb y su respuesta a \u00abdesaf\u00edos inesperados\u00bb.<\/p>\n<p data-mrf-recirculation=\"Links P\u00e1rrafos\">\u00abEn estos tiempos turbulentos, la OCDE ha demostrado ser una organizaci\u00f3n muy din\u00e1mica que\u00a0<strong>responde r\u00e1pidamente a todos los desaf\u00edos inesperados\u00bb<\/strong> y que se ha convertido en \u00abuna pieza central de la gobernazna mundial\u00bb, ha resaltado Felipe VI.<\/p>\n<div id=\"cx_75f72b410942e1dabbcb0ca884067415725dff07_1\" data-ue-id=\"cx_75f72b410942e1dabbcb0ca884067415725dff07\">\n<div class=\"ue-c-article__taboola-in-body ue-l-article--float-left-from-desktop ue-l-article--leftcol-width-from-desktop ue-l-article--move-to-leftcol-from-desktop \" data-mrf-recirculation=\"Taboola in body\">\n<div class=\"ue-c-article__taboola-in-body__list\">\n<div class=\"ue-c-article__taboola-in-body__item\">\n<div class=\"ue-c-article__context-content\"><span class=\"ue-c-article__context-title\">C\u00f3mo Ucrania ha frenado otra tormenta de misiles rusos sobre varias ciudades<\/span><\/div>\n<\/div>\n<\/div>\n<\/div>\n<\/div>\n<p data-mrf-recirculation=\"Links P\u00e1rrafos\">Mientras que el rey em\u00e9rito es muy conocido y apreciado en Francia, donde se destaca el rol que jug\u00f3 en el desarrollo de la democracia en Espa\u00f1a, Felipe VI es mucho m\u00e1s desconocido. Tiene un perfil mucho m\u00e1s discreto, se habla m\u00e1s de \u00e9l en la prensa del coraz\u00f3n, por la\u00a0<a href=\"https:\/\/www.elmundo.es\/e\/re\/reina-letizia.html\">Reina Letizia<\/a>.<\/p>\n<p data-mrf-recirculation=\"Links P\u00e1rrafos\">Felipe VI tambi\u00e9n tendr\u00e1 ocasi\u00f3n de recorrer el Centro de Desarrollo de la OCDE en Boulogne-Billancourt. El Rey se convertir\u00e1 as\u00ed en el primer jefe de Estado en visitar esta instalaci\u00f3n, seg\u00fan ha precisado Zarzuela. La OCDE la componen 38 pa\u00edses, entre ellos Espa\u00f1a, de Europa, las Am\u00e9ricas y Asia-Pac\u00edfico.<\/p>\n<\/div>\n","protected":false},"excerpt":{"rendered":"<p>&nbsp; El monarca visita la organizaci\u00f3n con sede en Par\u00eds por primera vez desde que accedi\u00f3 al trono El Rey Felipe VI, junto al secretario general de la OCDE.CHRISTOPHE PETIT TESSONEFE Casa Real\u00a0Felipe VI completa con la OCDE en Par\u00eds el pleno de los grandes organismos internacionales Exteriores\u00a0Felipe VI, un embajador con marca propia que &hellip;<\/p>\n","protected":false},"author":1,"featured_media":1164,"comment_status":"open","ping_status":"open","sticky":false,"template":"","format":"standard","meta":{"footnotes":""},"categories":[26,24],"tags":[],"class_list":["post-1163","post","type-post","status-publish","format-standard","has-post-thumbnail","hentry","category-mundo","category-politica"],"jetpack_featured_media_url":"https:\/\/canaripress.com\/es\/wp-content\/uploads\/sites\/2\/2023\/03\/16784490761781.webp","_links":{"self":[{"href":"https:\/\/canaripress.com\/es\/wp-json\/wp\/v2\/posts\/1163","targetHints":{"allow":["GET"]}}],"collection":[{"href":"https:\/\/canaripress.com\/es\/wp-json\/wp\/v2\/posts"}],"about":[{"href":"https:\/\/canaripress.com\/es\/wp-json\/wp\/v2\/types\/post"}],"author":[{"embeddable":true,"href":"https:\/\/canaripress.com\/es\/wp-json\/wp\/v2\/users\/1"}],"replies":[{"embeddable":true,"href":"https:\/\/canaripress.com\/es\/wp-json\/wp\/v2\/comments?post=1163"}],"version-history":[{"count":2,"href":"https:\/\/canaripress.com\/es\/wp-json\/wp\/v2\/posts\/1163\/revisions"}],"predecessor-version":[{"id":1166,"href":"https:\/\/canaripress.com\/es\/wp-json\/wp\/v2\/posts\/1163\/revisions\/1166"}],"wp:featuredmedia":[{"embeddable":true,"href":"https:\/\/canaripress.com\/es\/wp-json\/wp\/v2\/media\/1164"}],"wp:attachment":[{"href":"https:\/\/canaripress.com\/es\/wp-json\/wp\/v2\/media?parent=1163"}],"wp:term":[{"taxonomy":"category","embeddable":true,"href":"https:\/\/canaripress.com\/es\/wp-json\/wp\/v2\/categories?post=1163"},{"taxonomy":"post_tag","embeddable":true,"href":"https:\/\/canaripress.com\/es\/wp-json\/wp\/v2\/tags?post=1163"}],"curies":[{"name":"wp","href":"https:\/\/api.w.org\/{rel}","templated":true}]}}