{"id":1171,"date":"2023-03-11T18:54:30","date_gmt":"2023-03-11T15:54:30","guid":{"rendered":"https:\/\/canaripress.com\/es\/?p=1171"},"modified":"2023-03-11T18:54:30","modified_gmt":"2023-03-11T15:54:30","slug":"homenaje-a-la-gastronomia-marroqui-en-buenos-aires","status":"publish","type":"post","link":"https:\/\/canaripress.com\/es\/2023\/03\/11\/homenaje-a-la-gastronomia-marroqui-en-buenos-aires\/","title":{"rendered":"Homenaje a la gastronom\u00eda marroqu\u00ed en Buenos Aires"},"content":{"rendered":"<div class=\"node-tpl-title\">\n<h2><\/h2>\n<\/div>\n<div class=\"node-tpl-ville-accroche\">El arte culinario marroqu\u00ed fue homenajeado, el jueves por la noche en Buenos Aires, con motivo de la primera edici\u00f3n del evento gastron\u00f3mico titulado \u00abCocina&#8230; sabores del mundo\u00bb, que opt\u00f3 por la cocina marroqu\u00ed como invitada de honor para esta sesi\u00f3n organizada en el centro de la capital argentina.<\/div>\n<div class=\"node-wrapper-img-corps\">\n<div class=\"node-tpl-image-legende\">\n<div class=\"img\">\n<div class=\"field field-name-field-image field-type-image field-label-hidden\">\n<div class=\"field-items\">\n<div class=\"field-item even\"><\/div>\n<\/div>\n<\/div>\n<\/div>\n<\/div>\n<div class=\"node-tpl-corps\">\n<p class=\"rtejustify\">Varias personalidades del mundo pol\u00edtico, art\u00edstico, medi\u00e1tico y cultural asistieron al evento, adem\u00e1s de representantes de organismos religiosos, en particular los que supervisan la expedici\u00f3n de los certificados \u00abHalal\u00bb y \u00abKosher\u00bb, de acuerdo con las normas isl\u00e1micas y jud\u00edas respectivamente.<\/p>\n<p class=\"rtejustify\">Estos certificados permiten a los productores locales suministrar productos de alto valor a\u00f1adido a las comunidades musulmana y jud\u00eda residentes en este pa\u00eds sudamericano y otros pa\u00edses.<\/p>\n<p class=\"rtejustify\">Nadima Khalil, responsable de las certificaciones \u00abHalal\u00bb dentro de la instituci\u00f3n \u00abHalal Cathering Argentina\u00bb, destac\u00f3 en una declaraci\u00f3n al canal de noticias marroqu\u00ed M24 que en esta primera edici\u00f3n de \u00abSabores del Mundo\u00bb se ha optado por celebrar la cocina marroqu\u00ed aut\u00e9ntica para ofrecer al p\u00fablico argentino la oportunidad de degustar platos extra\u00eddos de la cultura ancestral de un pa\u00eds milenario.<\/p>\n<p class=\"rtejustify\">A\u00f1adi\u00f3 que los platos marroqu\u00edes atraen al p\u00fablico argentino gracias a sus sabores y a esta extra\u00f1a combinaci\u00f3n de gustos dulces y salados, se\u00f1alando que el curso de cocina ofrecido en esta edici\u00f3n llevar\u00e1 sin duda al p\u00fablico a un viaje \u00fanico hacia la originalidad marroqu\u00ed a trav\u00e9s de platos mundialmente conocidos.<\/p>\n<p class=\"rtejustify\">Por su parte, Imane Dryef, encargada de negocios en la embajada de Marruecos en Argentina, elogi\u00f3 el arte culinario marroqu\u00ed, incluido en la lista de bienes inmateriales de la UNESCO.<\/p>\n<p class=\"rtejustify\">La primera edici\u00f3n de este evento, en la que se prepar\u00f3 un plato de Tay\u00edn de carne con ciruela, finaliz\u00f3 con la degustaci\u00f3n de sabores marroqu\u00edes al ritmo de m\u00fasica y danzas saharianas que encantaron al p\u00fablico argentino.<\/p>\n<\/div>\n<\/div>\n","protected":false},"excerpt":{"rendered":"<p>El arte culinario marroqu\u00ed fue homenajeado, el jueves por la noche en Buenos Aires, con motivo de la primera edici\u00f3n del evento gastron\u00f3mico titulado \u00abCocina&#8230; sabores del mundo\u00bb, que opt\u00f3 por la cocina marroqu\u00ed como invitada de honor para esta sesi\u00f3n organizada en el centro de la capital argentina. Varias personalidades del mundo pol\u00edtico, art\u00edstico, &hellip;<\/p>\n","protected":false},"author":1,"featured_media":1172,"comment_status":"open","ping_status":"open","sticky":false,"template":"","format":"standard","meta":{"footnotes":""},"categories":[27],"tags":[],"class_list":["post-1171","post","type-post","status-publish","format-standard","has-post-thumbnail","hentry","category-cultura"],"jetpack_featured_media_url":"https:\/\/canaripress.com\/es\/wp-content\/uploads\/sites\/2\/2023\/03\/comida-tipica-marrakech.jpg","_links":{"self":[{"href":"https:\/\/canaripress.com\/es\/wp-json\/wp\/v2\/posts\/1171","targetHints":{"allow":["GET"]}}],"collection":[{"href":"https:\/\/canaripress.com\/es\/wp-json\/wp\/v2\/posts"}],"about":[{"href":"https:\/\/canaripress.com\/es\/wp-json\/wp\/v2\/types\/post"}],"author":[{"embeddable":true,"href":"https:\/\/canaripress.com\/es\/wp-json\/wp\/v2\/users\/1"}],"replies":[{"embeddable":true,"href":"https:\/\/canaripress.com\/es\/wp-json\/wp\/v2\/comments?post=1171"}],"version-history":[{"count":2,"href":"https:\/\/canaripress.com\/es\/wp-json\/wp\/v2\/posts\/1171\/revisions"}],"predecessor-version":[{"id":1174,"href":"https:\/\/canaripress.com\/es\/wp-json\/wp\/v2\/posts\/1171\/revisions\/1174"}],"wp:featuredmedia":[{"embeddable":true,"href":"https:\/\/canaripress.com\/es\/wp-json\/wp\/v2\/media\/1172"}],"wp:attachment":[{"href":"https:\/\/canaripress.com\/es\/wp-json\/wp\/v2\/media?parent=1171"}],"wp:term":[{"taxonomy":"category","embeddable":true,"href":"https:\/\/canaripress.com\/es\/wp-json\/wp\/v2\/categories?post=1171"},{"taxonomy":"post_tag","embeddable":true,"href":"https:\/\/canaripress.com\/es\/wp-json\/wp\/v2\/tags?post=1171"}],"curies":[{"name":"wp","href":"https:\/\/api.w.org\/{rel}","templated":true}]}}