{"id":1198,"date":"2023-03-16T19:11:42","date_gmt":"2023-03-16T16:11:42","guid":{"rendered":"https:\/\/canaripress.com\/es\/?p=1198"},"modified":"2023-03-16T19:11:42","modified_gmt":"2023-03-16T16:11:42","slug":"ramadan-1444-una-delegacion-de-144-predicadores-y-recitadores-del-coran-asegurara-el-acompanamiento-religioso-de-los-mre-comunicado","status":"publish","type":"post","link":"https:\/\/canaripress.com\/es\/2023\/03\/16\/ramadan-1444-una-delegacion-de-144-predicadores-y-recitadores-del-coran-asegurara-el-acompanamiento-religioso-de-los-mre-comunicado\/","title":{"rendered":"Ramad\u00e1n 1444: una delegaci\u00f3n de 144 predicadores y recitadores del Cor\u00e1n asegurar\u00e1 el acompa\u00f1amiento religioso de los MRE (comunicado)"},"content":{"rendered":"<div class=\"node-tpl-title\">\n<h2><\/h2>\n<\/div>\n<div class=\"node-tpl-date-print\"><span class=\"printable-version go-right\"><a href=\"https:\/\/www.mapnews.ma\/es\/print\/112021\" target=\"_blanc\" rel=\"noopener\">\u00a0<i class=\"fa fa-print\"><\/i><\/a><\/span><\/div>\n<div class=\"node-tpl-ville-accroche\">\u00a0Una delegaci\u00f3n de 144 universitarios, predicadores y recitadores del Cor\u00e1n ser\u00e1 enviada a 11 pa\u00edses para asegurar el acompa\u00f1amiento religioso de los marroqu\u00edes residentes en el extranjero durante el mes de Ramad\u00e1n 1444 H\/2023, anunci\u00f3 la Fundaci\u00f3n Hassan II para los Marroqu\u00edes Residentes en el Extranjero.<\/div>\n<div class=\"node-wrapper-img-corps\">\n<div class=\"node-tpl-image-legende\">\n<div class=\"img\">\n<div class=\"field field-name-field-image field-type-image field-label-hidden\">\n<div class=\"field-items\">\n<div class=\"field-item even\"><\/div>\n<\/div>\n<\/div>\n<\/div>\n<\/div>\n<div class=\"node-tpl-corps\">\n<p>En el marco del programa \u00abRamad\u00e1n 2023\u00bb puesto en marcha por la Fundaci\u00f3n, esta delegaci\u00f3n se encargar\u00e1 de animar charlas religiosas y actividades de culto a lo largo del mes santo en varios pa\u00edses, del 20 de marzo al 22 de abril, indic\u00f3 la Fundaci\u00f3n en un comunicado.<\/p>\n<p>Esta operaci\u00f3n beneficiar\u00e1 a los marroqu\u00edes residentes en Alemania, Espa\u00f1a, B\u00e9lgica, Pa\u00edses Bajos, Canad\u00e1, Estados Unidos, Suecia, Islandia, Suiza, Noruega y Gibraltar, precis\u00f3 la misma fuente, a\u00f1adiendo que la salida de la delegaci\u00f3n est\u00e1 prevista para el pr\u00f3ximo lunes a partir de las 9h00 en el aeropuerto internacional Mohammed V de Casablanca.<\/p>\n<p>Desde 1992, la Fundaci\u00f3n Hassan II proporciona este apoyo religioso a los marroqu\u00edes residentes en el extranjero durante todo el mes de Ramad\u00e1n. En 2022, la Fundaci\u00f3n hab\u00eda movilizado a 252 miembros en 16 pa\u00edses, especialmente Francia, Alemania, Espa\u00f1a, B\u00e9lgica, Pa\u00edses Bajos, Italia, Canad\u00e1, Estados Unidos, Reino Unido, Suecia, Dinamarca, Suiza, Hungr\u00eda, Austria, Islandia y Gibraltar.<\/p>\n<p>&nbsp;<\/p>\n<\/div>\n<\/div>\n","protected":false},"excerpt":{"rendered":"<p>\u00a0 \u00a0Una delegaci\u00f3n de 144 universitarios, predicadores y recitadores del Cor\u00e1n ser\u00e1 enviada a 11 pa\u00edses para asegurar el acompa\u00f1amiento religioso de los marroqu\u00edes residentes en el extranjero durante el mes de Ramad\u00e1n 1444 H\/2023, anunci\u00f3 la Fundaci\u00f3n Hassan II para los Marroqu\u00edes Residentes en el Extranjero. En el marco del programa \u00abRamad\u00e1n 2023\u00bb puesto &hellip;<\/p>\n","protected":false},"author":1,"featured_media":1199,"comment_status":"open","ping_status":"open","sticky":false,"template":"","format":"standard","meta":{"footnotes":""},"categories":[27,28],"tags":[],"class_list":["post-1198","post","type-post","status-publish","format-standard","has-post-thumbnail","hentry","category-cultura","category-marroquies-del-mundo"],"jetpack_featured_media_url":"https:\/\/canaripress.com\/es\/wp-content\/uploads\/sites\/2\/2023\/03\/FH2e.jpg","_links":{"self":[{"href":"https:\/\/canaripress.com\/es\/wp-json\/wp\/v2\/posts\/1198","targetHints":{"allow":["GET"]}}],"collection":[{"href":"https:\/\/canaripress.com\/es\/wp-json\/wp\/v2\/posts"}],"about":[{"href":"https:\/\/canaripress.com\/es\/wp-json\/wp\/v2\/types\/post"}],"author":[{"embeddable":true,"href":"https:\/\/canaripress.com\/es\/wp-json\/wp\/v2\/users\/1"}],"replies":[{"embeddable":true,"href":"https:\/\/canaripress.com\/es\/wp-json\/wp\/v2\/comments?post=1198"}],"version-history":[{"count":2,"href":"https:\/\/canaripress.com\/es\/wp-json\/wp\/v2\/posts\/1198\/revisions"}],"predecessor-version":[{"id":1201,"href":"https:\/\/canaripress.com\/es\/wp-json\/wp\/v2\/posts\/1198\/revisions\/1201"}],"wp:featuredmedia":[{"embeddable":true,"href":"https:\/\/canaripress.com\/es\/wp-json\/wp\/v2\/media\/1199"}],"wp:attachment":[{"href":"https:\/\/canaripress.com\/es\/wp-json\/wp\/v2\/media?parent=1198"}],"wp:term":[{"taxonomy":"category","embeddable":true,"href":"https:\/\/canaripress.com\/es\/wp-json\/wp\/v2\/categories?post=1198"},{"taxonomy":"post_tag","embeddable":true,"href":"https:\/\/canaripress.com\/es\/wp-json\/wp\/v2\/tags?post=1198"}],"curies":[{"name":"wp","href":"https:\/\/api.w.org\/{rel}","templated":true}]}}