{"id":1207,"date":"2023-03-18T12:58:55","date_gmt":"2023-03-18T09:58:55","guid":{"rendered":"https:\/\/canaripress.com\/es\/?p=1207"},"modified":"2023-03-18T12:58:55","modified_gmt":"2023-03-18T09:58:55","slug":"creacion-de-un-grupo-de-amistad-con-marruecos-en-el-senado-colombiano-las-principales-fuerzas-politicas-estan-representadas","status":"publish","type":"post","link":"https:\/\/canaripress.com\/es\/2023\/03\/18\/creacion-de-un-grupo-de-amistad-con-marruecos-en-el-senado-colombiano-las-principales-fuerzas-politicas-estan-representadas\/","title":{"rendered":"Creaci\u00f3n de un grupo de amistad con Marruecos en el Senado colombiano: las principales fuerzas pol\u00edticas est\u00e1n representadas"},"content":{"rendered":"<div class=\"node-tpl-title\">\n<h2><\/h2>\n<\/div>\n<div class=\"node-tpl-date-print\"><\/div>\n<div class=\"node-tpl-ville-accroche\">\u00a0El Senado colombiano ha creado un grupo de amistad con Marruecos compuesto por 10 miembros, entre ellos el presidente del Senado, Roy Barreras.<\/div>\n<div class=\"node-wrapper-img-corps\">\n<div class=\"node-tpl-image-legende\">\n<div class=\"img\">\n<div class=\"field field-name-field-image field-type-image field-label-hidden\">\n<div class=\"field-items\">\n<div class=\"field-item even\"><\/div>\n<\/div>\n<\/div>\n<\/div>\n<\/div>\n<div class=\"node-tpl-corps\">\n<p>En la resoluci\u00f3n de creaci\u00f3n del grupo de amistad con el parlamento marroqu\u00ed para el periodo 2022-2026, se destaca notablemente que los dos vicepresidentes del Senado son tambi\u00e9n miembros del grupo, lo que le da un peso m\u00e1s importante de acuerdo con el inter\u00e9s y la consideraci\u00f3n que el Senado colombiano tiene por las relaciones con Marruecos.<\/p>\n<p>El Grupo de Amistad est\u00e1 presidido por Germ\u00e1n Blanco, ex Presidente de la C\u00e1mara de Representantes y miembro de la Comisi\u00f3n Primera del Senado. Representa al Partido Conservador (miembro de la alianza de gobierno).<\/p>\n<p>Adem\u00e1s de Roy Barreras, del Pacto Hist\u00f3rico del presidente Gustavo Petro, y Germ\u00e1n Blanco, los miembros del Grupo de Amistad son respectivamente Miguel \u00c1ngel Pinto Hern\u00e1ndez, primer vicepresidente del Senado, en representaci\u00f3n del Partido Liberal (miembro de la alianza de gobierno), Honorio Miguel Henr\u00edquez Pinedo, segundo vicepresidente del Senado, en representaci\u00f3n del Partido Centro Democr\u00e1tico (oposici\u00f3n).<\/p>\n<p>Tambi\u00e9n est\u00e1n Mar\u00eda Jos\u00e9 Pizzaro, miembro de la comisi\u00f3n primera del Senado, en representaci\u00f3n del Pacto Hist\u00f3rico (en el poder), Paola Holgu\u00edn Moreno, miembro de la comisi\u00f3n segunda del Senado (Asuntos Exteriores), en representaci\u00f3n del Partido Centro Democr\u00e1tico (oposici\u00f3n), Fabio Ra\u00fal Am\u00edn Saleme, presidente de la comisi\u00f3n primera del Senado, en representaci\u00f3n del Partido Liberal (miembro de la alianza gobernante), Jos\u00e9 Alfredo Gnecco Zulata, miembro de la tercera comisi\u00f3n del Senado, en representaci\u00f3n del partido de la U (Unidad Social) (miembro de la alianza gobernante), Jos\u00e9 Luis Perez Oyuela, miembro de la segunda comisi\u00f3n del Senado, en representaci\u00f3n del partido Cambio Radical (oposici\u00f3n) e Ivan Leonidas Name Vasquez, miembro de la segunda comisi\u00f3n del Senado, en representaci\u00f3n del partido Alianza Verde (miembro de la alianza gobernante).<\/p>\n<p>El Grupo de Amistad con Marruecos est\u00e1 compuesto por personalidades destacadas de la escena pol\u00edtica colombiana, tanto de la mayor\u00eda como de la oposici\u00f3n.<\/p>\n<p>Tambi\u00e9n hay que subrayar que de los diez miembros del grupo, siete son de la alianza de gobierno que apoya al presidente Petro y tres son miembros de partidos de oposici\u00f3n, lo que significa que el tema de las buenas relaciones con Marruecos cuenta con el apoyo un\u00e1nime de la clase pol\u00edtica, tanto mayoritaria como de oposici\u00f3n.<\/p>\n<p>Adem\u00e1s, los partidos de los que proceden los diez miembros del grupo de amistad representan el 88,8% de la composici\u00f3n del Senado.<\/p>\n<p>El pasado mes de noviembre, Roy Barreras, tras una reuni\u00f3n con la embajadora de Marruecos en Colombia, Farida Loudaya, afirm\u00f3 que Marruecos es un \u00abaliado estrat\u00e9gico\u00bb de Colombia en la regi\u00f3n \u00e1rabe, destacando el medio siglo de relaciones diplom\u00e1ticas entre ambos pa\u00edses.<\/p>\n<p>Las declaraciones de Barreras se produjeron tras una moci\u00f3n aprobada el pasado mes de octubre por una mayor\u00eda de 63 de los 108 senadores, en la que la C\u00e1mara Alta colombiana expresaba su \u00abrotundo rechazo\u00bb y \u00abtotal desacuerdo\u00bb con la decisi\u00f3n del presidente Petro de reconocer la pseudo \u00abrasd\u00bb.<\/p>\n<p>La calidad de los miembros del grupo de amistad con Marruecos y los t\u00e9rminos inequ\u00edvocos de la moci\u00f3n del pasado mes de noviembre env\u00edan un mensaje contundente de que el Senado colombiano est\u00e1 trabajando, a trav\u00e9s de acciones concretas, en favor de la preservaci\u00f3n de las relaciones con Marruecos apoyando su integridad territorial.<\/p>\n<\/div>\n<\/div>\n","protected":false},"excerpt":{"rendered":"<p>\u00a0El Senado colombiano ha creado un grupo de amistad con Marruecos compuesto por 10 miembros, entre ellos el presidente del Senado, Roy Barreras. En la resoluci\u00f3n de creaci\u00f3n del grupo de amistad con el parlamento marroqu\u00ed para el periodo 2022-2026, se destaca notablemente que los dos vicepresidentes del Senado son tambi\u00e9n miembros del grupo, lo &hellip;<\/p>\n","protected":false},"author":1,"featured_media":1208,"comment_status":"open","ping_status":"open","sticky":false,"template":"","format":"standard","meta":{"footnotes":""},"categories":[24],"tags":[],"class_list":["post-1207","post","type-post","status-publish","format-standard","has-post-thumbnail","hentry","category-politica"],"jetpack_featured_media_url":"https:\/\/canaripress.com\/es\/wp-content\/uploads\/sites\/2\/2023\/03\/qsdqxs2.jpg","_links":{"self":[{"href":"https:\/\/canaripress.com\/es\/wp-json\/wp\/v2\/posts\/1207","targetHints":{"allow":["GET"]}}],"collection":[{"href":"https:\/\/canaripress.com\/es\/wp-json\/wp\/v2\/posts"}],"about":[{"href":"https:\/\/canaripress.com\/es\/wp-json\/wp\/v2\/types\/post"}],"author":[{"embeddable":true,"href":"https:\/\/canaripress.com\/es\/wp-json\/wp\/v2\/users\/1"}],"replies":[{"embeddable":true,"href":"https:\/\/canaripress.com\/es\/wp-json\/wp\/v2\/comments?post=1207"}],"version-history":[{"count":2,"href":"https:\/\/canaripress.com\/es\/wp-json\/wp\/v2\/posts\/1207\/revisions"}],"predecessor-version":[{"id":1210,"href":"https:\/\/canaripress.com\/es\/wp-json\/wp\/v2\/posts\/1207\/revisions\/1210"}],"wp:featuredmedia":[{"embeddable":true,"href":"https:\/\/canaripress.com\/es\/wp-json\/wp\/v2\/media\/1208"}],"wp:attachment":[{"href":"https:\/\/canaripress.com\/es\/wp-json\/wp\/v2\/media?parent=1207"}],"wp:term":[{"taxonomy":"category","embeddable":true,"href":"https:\/\/canaripress.com\/es\/wp-json\/wp\/v2\/categories?post=1207"},{"taxonomy":"post_tag","embeddable":true,"href":"https:\/\/canaripress.com\/es\/wp-json\/wp\/v2\/tags?post=1207"}],"curies":[{"name":"wp","href":"https:\/\/api.w.org\/{rel}","templated":true}]}}