{"id":1219,"date":"2023-03-20T19:31:02","date_gmt":"2023-03-20T16:31:02","guid":{"rendered":"https:\/\/canaripress.com\/es\/?p=1219"},"modified":"2023-03-20T19:31:02","modified_gmt":"2023-03-20T16:31:02","slug":"sudafrica-trabaja-para-una-agenda-bien-conocida-apoyando-a-un-grupo-separatista-armado-delegacion","status":"publish","type":"post","link":"https:\/\/canaripress.com\/es\/2023\/03\/20\/sudafrica-trabaja-para-una-agenda-bien-conocida-apoyando-a-un-grupo-separatista-armado-delegacion\/","title":{"rendered":"Sud\u00e1frica trabaja para una agenda bien conocida apoyando a un grupo separatista armado (Delegaci\u00f3n)"},"content":{"rendered":"<div class=\"node-tpl-title\"><\/div>\n<div class=\"node-tpl-date-print\"><\/div>\n<div class=\"node-tpl-ville-accroche\">\u00a0La delegaci\u00f3n marroqu\u00ed deplor\u00f3, el lunes en el Palacio de las Naciones Unidas en Ginebra, la actitud de la delegaci\u00f3n sudafricana, que trabaja para una agenda bien conocida en la regi\u00f3n, apoyando los vanos objetivos desestabilizadores de un grupo separatista armado.<\/div>\n<div class=\"node-wrapper-img-corps\">\n<div class=\"node-tpl-image-legende\">\n<div class=\"img\">\n<div class=\"field field-name-field-image field-type-image field-label-hidden\">\n<div class=\"field-items\">\n<div class=\"field-item even\"><\/div>\n<\/div>\n<\/div>\n<\/div>\n<\/div>\n<div class=\"node-tpl-corps\">\n<p>En el marco del ejercicio de su derecho de r\u00e9plica, la delegaci\u00f3n marroqu\u00ed record\u00f3 que el Reino contribuy\u00f3 a la lucha por la independencia del pueblo sudafricano, en el marco de sus esfuerzos a favor de la descolonizaci\u00f3n del continente, entre otros, acogiendo y apoyando a su l\u00edder hist\u00f3rico, el difunto Nelson Mandela.<\/p>\n<p>En el marco de los trabajos de la 52\u00aa sesi\u00f3n del Consejo de Derechos Humanos (CDH), Marruecos invit\u00f3 a la delegaci\u00f3n sudafricana a mostrar m\u00e1s moderaci\u00f3n en cuestiones cuyos entresijos no domina y en que sigue ciegamente una tesis predefinida que sirve a intereses pol\u00edticos.<\/p>\n<p>En lugar de seguir aventur\u00e1ndose en la politizaci\u00f3n de la cuesti\u00f3n de los derechos humanos, el Reino recomend\u00f3 a la delegaci\u00f3n sudafricana conceder el inter\u00e9s que requieren los titulares de mandatos para aportar respuestas adecuadas que pongan fin a las numerosas violaciones de los derechos humanos cometidas en su territorio.<\/p>\n<\/div>\n<\/div>\n","protected":false},"excerpt":{"rendered":"<p>\u00a0La delegaci\u00f3n marroqu\u00ed deplor\u00f3, el lunes en el Palacio de las Naciones Unidas en Ginebra, la actitud de la delegaci\u00f3n sudafricana, que trabaja para una agenda bien conocida en la regi\u00f3n, apoyando los vanos objetivos desestabilizadores de un grupo separatista armado. En el marco del ejercicio de su derecho de r\u00e9plica, la delegaci\u00f3n marroqu\u00ed record\u00f3 &hellip;<\/p>\n","protected":false},"author":1,"featured_media":1220,"comment_status":"open","ping_status":"open","sticky":false,"template":"","format":"standard","meta":{"footnotes":""},"categories":[24],"tags":[],"class_list":["post-1219","post","type-post","status-publish","format-standard","has-post-thumbnail","hentry","category-politica"],"jetpack_featured_media_url":"https:\/\/canaripress.com\/es\/wp-content\/uploads\/sites\/2\/2023\/03\/Conseil-des-droits-de-lhomme_6.jpg","_links":{"self":[{"href":"https:\/\/canaripress.com\/es\/wp-json\/wp\/v2\/posts\/1219","targetHints":{"allow":["GET"]}}],"collection":[{"href":"https:\/\/canaripress.com\/es\/wp-json\/wp\/v2\/posts"}],"about":[{"href":"https:\/\/canaripress.com\/es\/wp-json\/wp\/v2\/types\/post"}],"author":[{"embeddable":true,"href":"https:\/\/canaripress.com\/es\/wp-json\/wp\/v2\/users\/1"}],"replies":[{"embeddable":true,"href":"https:\/\/canaripress.com\/es\/wp-json\/wp\/v2\/comments?post=1219"}],"version-history":[{"count":2,"href":"https:\/\/canaripress.com\/es\/wp-json\/wp\/v2\/posts\/1219\/revisions"}],"predecessor-version":[{"id":1222,"href":"https:\/\/canaripress.com\/es\/wp-json\/wp\/v2\/posts\/1219\/revisions\/1222"}],"wp:featuredmedia":[{"embeddable":true,"href":"https:\/\/canaripress.com\/es\/wp-json\/wp\/v2\/media\/1220"}],"wp:attachment":[{"href":"https:\/\/canaripress.com\/es\/wp-json\/wp\/v2\/media?parent=1219"}],"wp:term":[{"taxonomy":"category","embeddable":true,"href":"https:\/\/canaripress.com\/es\/wp-json\/wp\/v2\/categories?post=1219"},{"taxonomy":"post_tag","embeddable":true,"href":"https:\/\/canaripress.com\/es\/wp-json\/wp\/v2\/tags?post=1219"}],"curies":[{"name":"wp","href":"https:\/\/api.w.org\/{rel}","templated":true}]}}