{"id":1228,"date":"2023-03-21T10:06:06","date_gmt":"2023-03-21T07:06:06","guid":{"rendered":"https:\/\/canaripress.com\/es\/?p=1228"},"modified":"2023-03-21T10:11:42","modified_gmt":"2023-03-21T07:11:42","slug":"blinken-saluda-a-marruecos-como-fuerza-importante-para-la-estabilidad-la-paz-el-progreso-y-la-moderacion","status":"publish","type":"post","link":"https:\/\/canaripress.com\/es\/2023\/03\/21\/blinken-saluda-a-marruecos-como-fuerza-importante-para-la-estabilidad-la-paz-el-progreso-y-la-moderacion\/","title":{"rendered":"Blinken saluda a Marruecos como \u00abfuerza importante para la estabilidad, la paz, el progreso y la moderaci\u00f3n\u201d"},"content":{"rendered":"<div class=\"node-tpl-title\"><\/div>\n<div class=\"node-wrapper-img-corps\">\n<div class=\"node-tpl-corps\">\n<div class=\"node-tpl-ville-accroche\"><span style=\"vertical-align: inherit;\"><span style=\"vertical-align: inherit;\"><span style=\"vertical-align: inherit;\"><span style=\"vertical-align: inherit;\">\u00a0El secretario de Estado norteamericano, Antony Blinken, salud\u00f3 el lunes 20-03-2023, durante sus conversaciones en Washington con el ministro de Asuntos Exteriores, Cooperaci\u00f3n Africana y Marroqu\u00edes Residentes en el Extranjero, Nasser Bourita, la \u00ablarga, hist\u00f3rica y s\u00f3lida asociaci\u00f3n \u00abentre Estados Unidos y Marruecos\u00bb, subrayando que el Reino \u00abes una fuerza importante para la estabilidad, la paz, el progreso y la moderaci\u00f3n\u00bb.<\/span><\/span><\/span><\/span><\/div>\n<div class=\"node-wrapper-img-corps\">\n<div class=\"node-tpl-image-legende\">\n<div class=\"img\">\n<div class=\"field field-name-field-image field-type-image field-label-hidden\">\n<div class=\"field-items\">\n<div class=\"field-item even\"><\/div>\n<\/div>\n<\/div>\n<\/div>\n<\/div>\n<div class=\"node-tpl-corps\">\n<p><span style=\"vertical-align: inherit;\"><span style=\"vertical-align: inherit;\"><span style=\"vertical-align: inherit;\"><span style=\"vertical-align: inherit;\">Blinken aplaudi\u00f3 tambi\u00e9n el \u00abliderazgo\u00bb de Marruecos en favor de la paz y la estabilidad regional con la reanudaci\u00f3n de las relaciones con Israel, as\u00ed como en las cuestiones del cambio clim\u00e1tico y las energ\u00edas renovables, destacando la estrecha cooperaci\u00f3n bilateral entre Washington y Rabat en diversos entornos de inter\u00e9s com\u00fan.<\/span><\/span><\/span><\/span><\/p>\n<p><span style=\"vertical-align: inherit;\"><span style=\"vertical-align: inherit;\"><span style=\"vertical-align: inherit;\"><span style=\"vertical-align: inherit;\">Refiri\u00e9ndose a la cooperaci\u00f3n militar, el jefe de la diplomacia estadounidense subray\u00f3 la pr\u00f3xima organizaci\u00f3n por Marruecos del ejercicio militar conjunto anual \u00abAfrican Lion\u00bb.<\/span><\/span><\/span><\/span><\/p>\n<p><span style=\"vertical-align: inherit;\"><span style=\"vertical-align: inherit;\"><span style=\"vertical-align: inherit;\"><span style=\"vertical-align: inherit;\">Durante esta reuni\u00f3n, que forma parte de las consultas pol\u00edticas permanentes sobre los diferentes aspectos de la asociaci\u00f3n estrat\u00e9gica, Bourita resalt\u00f3 la \u00abamistad s\u00f3lida e hist\u00f3rica\u00bb \u200b\u200bentre los dos pa\u00edses, se\u00f1alando que esta asociaci\u00f3n \u00abnunca ha sido tan s\u00f3lida como hoy\u00bb .<\/span><\/span><\/span><\/span><\/p>\n<p><span style=\"vertical-align: inherit;\"><span style=\"vertical-align: inherit;\"><span style=\"vertical-align: inherit;\"><span style=\"vertical-align: inherit;\">\u00abSu Majestad el Rey Mohammed VI agradece esta asociaci\u00f3n, que se basa en nuestros compromisos comunes en favor de la paz, la estabilidad y la prosperidad\u00bb, subray\u00f3 el ministro.<\/span><\/span><\/span><\/span><\/p>\n<p><span style=\"vertical-align: inherit;\"><span style=\"vertical-align: inherit;\"><span style=\"vertical-align: inherit;\"><span style=\"vertical-align: inherit;\">Bajo el liderazgo de Su Majestad el Rey Mohammed VI y el presidente estadounidense Joe Biden, la asociaci\u00f3n entre Rabat y Washington ha experimentado en los \u00faltimos a\u00f1os una din\u00e1mica sostenida en todos los alrededores.<\/span><\/span><\/span><\/span><\/p>\n<p><span style=\"vertical-align: inherit;\"><span style=\"vertical-align: inherit;\"><span style=\"vertical-align: inherit;\"><span style=\"vertical-align: inherit;\">\u00abNuestras discusiones son siempre productivas y constructivas\u00bb, afirm\u00f3 Bourita, subrayando que la asociaci\u00f3n entre Marruecos y Estados Unidos contribuye a \u00abservir a nuestros pueblos, as\u00ed como a la paz y la estabilidad en el mundo\u00bb.<\/span><\/span><\/span><\/span><\/p>\n<p><span style=\"vertical-align: inherit;\"><span style=\"vertical-align: inherit;\"><span style=\"vertical-align: inherit;\"><span style=\"vertical-align: inherit;\">La visita de Bourita a Washington, que incluye entrevistas con altos responsables estadounidenses del Departamento de Estado y de la Casa Blanca, peculiaridad de oportunidad para examinar los medios de consolidar m\u00e1s la asociaci\u00f3n estrat\u00e9gica marroqu\u00ed-estadounidense e intercambiar sobre cuestiones internacionales y regionales de inter\u00e9s com\u00fan , especialmente en Oriente Medio y \u00c1frica.<\/span><\/span><\/span><\/span><\/p>\n<p><span style=\"vertical-align: inherit;\"><span style=\"vertical-align: inherit;\"><span style=\"vertical-align: inherit;\"><span style=\"vertical-align: inherit;\">Este viaje consagra la din\u00e1mica de intercambios regulares entre y Estados Unidos, que se ha intensificado con esfuerzo en los dos \u00faltimos a\u00f1os, con la visita al Reino de numerosos responsables altos estadounidenses.<\/span><\/span><\/span><\/span><\/p>\n<\/div>\n<\/div>\n<\/div>\n<\/div>\n","protected":false},"excerpt":{"rendered":"<p>\u00a0El secretario de Estado norteamericano, Antony Blinken, salud\u00f3 el lunes 20-03-2023, durante sus conversaciones en Washington con el ministro de Asuntos Exteriores, Cooperaci\u00f3n Africana y Marroqu\u00edes Residentes en el Extranjero, Nasser Bourita, la \u00ablarga, hist\u00f3rica y s\u00f3lida asociaci\u00f3n \u00abentre Estados Unidos y Marruecos\u00bb, subrayando que el Reino \u00abes una fuerza importante para la estabilidad, la &hellip;<\/p>\n","protected":false},"author":1,"featured_media":1232,"comment_status":"open","ping_status":"open","sticky":false,"template":"","format":"standard","meta":{"footnotes":""},"categories":[24],"tags":[],"class_list":["post-1228","post","type-post","status-publish","format-standard","has-post-thumbnail","hentry","category-politica"],"jetpack_featured_media_url":"https:\/\/canaripress.com\/es\/wp-content\/uploads\/sites\/2\/2023\/03\/nasser-bourita-entretien-antony-blinken-usa-1.jpg","_links":{"self":[{"href":"https:\/\/canaripress.com\/es\/wp-json\/wp\/v2\/posts\/1228","targetHints":{"allow":["GET"]}}],"collection":[{"href":"https:\/\/canaripress.com\/es\/wp-json\/wp\/v2\/posts"}],"about":[{"href":"https:\/\/canaripress.com\/es\/wp-json\/wp\/v2\/types\/post"}],"author":[{"embeddable":true,"href":"https:\/\/canaripress.com\/es\/wp-json\/wp\/v2\/users\/1"}],"replies":[{"embeddable":true,"href":"https:\/\/canaripress.com\/es\/wp-json\/wp\/v2\/comments?post=1228"}],"version-history":[{"count":4,"href":"https:\/\/canaripress.com\/es\/wp-json\/wp\/v2\/posts\/1228\/revisions"}],"predecessor-version":[{"id":1231,"href":"https:\/\/canaripress.com\/es\/wp-json\/wp\/v2\/posts\/1228\/revisions\/1231"}],"wp:featuredmedia":[{"embeddable":true,"href":"https:\/\/canaripress.com\/es\/wp-json\/wp\/v2\/media\/1232"}],"wp:attachment":[{"href":"https:\/\/canaripress.com\/es\/wp-json\/wp\/v2\/media?parent=1228"}],"wp:term":[{"taxonomy":"category","embeddable":true,"href":"https:\/\/canaripress.com\/es\/wp-json\/wp\/v2\/categories?post=1228"},{"taxonomy":"post_tag","embeddable":true,"href":"https:\/\/canaripress.com\/es\/wp-json\/wp\/v2\/tags?post=1228"}],"curies":[{"name":"wp","href":"https:\/\/api.w.org\/{rel}","templated":true}]}}