{"id":1235,"date":"2023-03-21T10:21:39","date_gmt":"2023-03-21T07:21:39","guid":{"rendered":"https:\/\/canaripress.com\/es\/?p=1235"},"modified":"2023-03-21T10:21:39","modified_gmt":"2023-03-21T07:21:39","slug":"el-polisario-y-sus-complices-el-negocio-sucio","status":"publish","type":"post","link":"https:\/\/canaripress.com\/es\/2023\/03\/21\/el-polisario-y-sus-complices-el-negocio-sucio\/","title":{"rendered":"El Polisario y sus c\u00f3mplices: El negocio sucio"},"content":{"rendered":"<h4><strong>En los campamentos, circula persistentemente lo que es m\u00e1s que simple rumor de que las ordenes de Argel imponen una movilizaci\u00f3n contra el Movimiento de los Saharauis para la Paz y todo aqu\u00e9l que busque una soluci\u00f3n al \u201cproblema\u201d que ha creado.<\/strong><\/h4>\n<h4><strong>De tal modo los enemigos del Polisario y de su mentor argelino van superando a los amigos y aliados.<\/strong><\/h4>\n<h4><strong>Hoy por hoy, la prioridad es la lucha contra la paz y sus precursores. De repente enemigo N\u00b01, el MSP se ve blanco y diana de una campa\u00f1a de prensa con evidentes e inconfundibles huellas de la inteligencia militar argelina.<\/strong><\/h4>\n<h4><strong>Se trata, seg\u00fan fuentes concordantes en Tinduf, de desprestigiar al MSP que va ganando vertiginosamente terreno a fin de zancadillear toda tentativa de soluci\u00f3n al \u201cproblema\u201d del Sahara.<\/strong><\/h4>\n<h4><strong>Incluso dentro de la nomenclatura polisarista parece que la \u201crecreaci\u00f3n\u201d ha terminado. Hasta los que sol\u00edan justificar cierta apertura han recibido ordenes de no decir esta lengua es m\u00eda.<\/strong><\/h4>\n<h4><strong>En Tinduf ahora la guerra es contra la paz y los que la promueven. Otra batalla perdida de antemano a pesar del jugoso presupuesto dedicado por la junta militar argelina a esta nueva locura.<\/strong><\/h4>\n<h4><strong>En Argel, no obstante, los hay que creen que nada es suficiente para imponer la impostura, ni los presupuestos, ni remodelaciones ministeriales ni compra de conciencia.<\/strong><\/h4>\n<h4><strong>La verdad es una e indivisible<\/strong><\/h4>\n","protected":false},"excerpt":{"rendered":"<p>En los campamentos, circula persistentemente lo que es m\u00e1s que simple rumor de que las ordenes de Argel imponen una movilizaci\u00f3n contra el Movimiento de los Saharauis para la Paz y todo aqu\u00e9l que busque una soluci\u00f3n al \u201cproblema\u201d que ha creado. De tal modo los enemigos del Polisario y de su mentor argelino van &hellip;<\/p>\n","protected":false},"author":1,"featured_media":1236,"comment_status":"open","ping_status":"open","sticky":false,"template":"","format":"standard","meta":{"footnotes":""},"categories":[24],"tags":[],"class_list":["post-1235","post","type-post","status-publish","format-standard","has-post-thumbnail","hentry","category-politica"],"jetpack_featured_media_url":"https:\/\/canaripress.com\/es\/wp-content\/uploads\/sites\/2\/2023\/03\/Tin-390x220-1.jpg","_links":{"self":[{"href":"https:\/\/canaripress.com\/es\/wp-json\/wp\/v2\/posts\/1235","targetHints":{"allow":["GET"]}}],"collection":[{"href":"https:\/\/canaripress.com\/es\/wp-json\/wp\/v2\/posts"}],"about":[{"href":"https:\/\/canaripress.com\/es\/wp-json\/wp\/v2\/types\/post"}],"author":[{"embeddable":true,"href":"https:\/\/canaripress.com\/es\/wp-json\/wp\/v2\/users\/1"}],"replies":[{"embeddable":true,"href":"https:\/\/canaripress.com\/es\/wp-json\/wp\/v2\/comments?post=1235"}],"version-history":[{"count":2,"href":"https:\/\/canaripress.com\/es\/wp-json\/wp\/v2\/posts\/1235\/revisions"}],"predecessor-version":[{"id":1238,"href":"https:\/\/canaripress.com\/es\/wp-json\/wp\/v2\/posts\/1235\/revisions\/1238"}],"wp:featuredmedia":[{"embeddable":true,"href":"https:\/\/canaripress.com\/es\/wp-json\/wp\/v2\/media\/1236"}],"wp:attachment":[{"href":"https:\/\/canaripress.com\/es\/wp-json\/wp\/v2\/media?parent=1235"}],"wp:term":[{"taxonomy":"category","embeddable":true,"href":"https:\/\/canaripress.com\/es\/wp-json\/wp\/v2\/categories?post=1235"},{"taxonomy":"post_tag","embeddable":true,"href":"https:\/\/canaripress.com\/es\/wp-json\/wp\/v2\/tags?post=1235"}],"curies":[{"name":"wp","href":"https:\/\/api.w.org\/{rel}","templated":true}]}}