{"id":1239,"date":"2023-03-21T10:27:14","date_gmt":"2023-03-21T07:27:14","guid":{"rendered":"https:\/\/canaripress.com\/es\/?p=1239"},"modified":"2023-06-04T03:05:21","modified_gmt":"2023-06-04T00:05:21","slug":"el-ministro-marlasca-a-favor-de-la-contratacion-de-camareros-de-marruecos-por-francisco-acedo","status":"publish","type":"post","link":"https:\/\/canaripress.com\/es\/2023\/03\/21\/el-ministro-marlasca-a-favor-de-la-contratacion-de-camareros-de-marruecos-por-francisco-acedo\/","title":{"rendered":"El ministro Marlasca a favor de la contrataci\u00f3n de camareros de Marruecos, por Francisco Acedo"},"content":{"rendered":"<header class=\"entry-header-outer\">\n<div class=\"entry-header\"><\/div>\n<\/header>\n<div id=\"share-buttons-top\" class=\"share-buttons share-buttons-top\">\n<div class=\"share-links share-centered icons-only\"><\/div>\n<\/div>\n<div class=\"featured-area\">\n<div class=\"featured-area-inner\">\n<figure class=\"single-featured-image\"><img loading=\"lazy\" decoding=\"async\" class=\"attachment-jannah-image-post size-jannah-image-post wp-post-image\" src=\"https:\/\/infomarruecos.ma\/wp-content\/uploads\/2023\/03\/Marlaska.jpg\" sizes=\"auto, (max-width: 667px) 100vw, 667px\" srcset=\"https:\/\/infomarruecos.ma\/wp-content\/uploads\/2023\/03\/Marlaska.jpg 667w, https:\/\/infomarruecos.ma\/wp-content\/uploads\/2023\/03\/Marlaska-300x169.jpg 300w, https:\/\/infomarruecos.ma\/wp-content\/uploads\/2023\/03\/Marlaska-150x84.jpg 150w, https:\/\/infomarruecos.ma\/wp-content\/uploads\/2023\/03\/Marlaska-400x225.jpg 400w, https:\/\/infomarruecos.ma\/wp-content\/uploads\/2023\/03\/Marlaska-390x220.jpg 390w\" alt=\"\" width=\"667\" height=\"375\" \/><figcaption class=\"single-caption-text\"><span style=\"vertical-align: inherit;\"><span style=\"vertical-align: inherit;\">\u00a0El ministro del Interior de Espa\u00f1a, Fernando Grande-Marlaska<\/span><\/span><\/figcaption><\/figure>\n<\/div>\n<\/div>\n<div class=\"entry-content entry clearfix\">\n<div>\n<div>\n<h3 class=\"yiv6604175514p4\"><\/h3>\n<figure id=\"attachment_188287\" class=\"wp-caption alignnone\" aria-describedby=\"caption-attachment-188287\"><img loading=\"lazy\" decoding=\"async\" class=\"size-medium wp-image-188287\" src=\"https:\/\/infomarruecos.ma\/wp-content\/uploads\/2023\/01\/Acedo-300x300.jpg\" sizes=\"auto, (max-width: 300px) 100vw, 300px\" srcset=\"https:\/\/infomarruecos.ma\/wp-content\/uploads\/2023\/01\/Acedo-300x300.jpg 300w, https:\/\/infomarruecos.ma\/wp-content\/uploads\/2023\/01\/Acedo-150x150.jpg 150w, https:\/\/infomarruecos.ma\/wp-content\/uploads\/2023\/01\/Acedo-100x100.jpg 100w, https:\/\/infomarruecos.ma\/wp-content\/uploads\/2023\/01\/Acedo.jpg 448w\" alt=\"\" width=\"300\" height=\"300\" \/><figcaption id=\"caption-attachment-188287\" class=\"wp-caption-text\"><span style=\"vertical-align: inherit;\"><span style=\"vertical-align: inherit;\">Francisco Acedo <\/span><\/span><br \/>\n<span style=\"vertical-align: inherit;\"><span style=\"vertical-align: inherit;\">peirdista<\/span><\/span><\/figcaption><\/figure>\n<h3 class=\"yiv6604175514p4\"><span style=\"vertical-align: inherit;\"><span style=\"vertical-align: inherit;\">El ministro de Interior de Espa\u00f1a, Fernando Grande-Marlaska, se ha mostrado a favor de\u00a0 <\/span><\/span><strong><span style=\"vertical-align: inherit;\"><span style=\"vertical-align: inherit;\">una inmigraci\u00f3n regular \u00ab conforme a la legalidad nacional y vigente \u00bb<\/span><\/span><\/strong><span style=\"vertical-align: inherit;\"><span style=\"vertical-align: inherit;\"> \u00a0en la que se garantizan los derechos laborales de las personas contratadas, en alusi\u00f3n a la propuesta de los empresarios de Hosteler\u00eda de la provincia de C\u00e1diz de contratar a j\u00f3venes estudiantes de Marruecos para el sector ante la falta de camareros y cocineros.<\/span><\/span><\/h3>\n<h4 class=\"yiv6604175514p4\">\u00ab\u00a0La migraci\u00f3n regular es algo que forma parte de la pol\u00edtica de este Gobierno y de la Uni\u00f3n Europea\u00a0\u00bb, ha defendido el ministro en declaraciones a los periodistas tras asistir a un acto en la ciudad de C\u00e1diz.<\/h4>\n<h4 class=\"yiv6604175514p4\">En ese sentido, ha afirmado que el Gobierno de Espa\u00f1a est\u00e1 \u00ab\u00a0haciendo frente\u00a0\u00bb a la migraci\u00f3n irregular,\u00a0<strong>\u00ab\u00a0luchando contra las redes que trafican con seres humanos<\/strong>\u00a0y que ponen en riesgo la vida de muchos hombres, mujeres y menores\u00a0\u00bb, al ponerlos, ha dicho, \u00ab\u00a0en una situaci\u00f3n de absoluto riesgo para su vida\u00a0\u00bb.<\/h4>\n<h4 class=\"yiv6604175514p4\">\u00ab\u00a0Estamos haciendo un trabajo importante contra las redes de tr\u00e1fico de migrantes\u00a0\u00bb, ha aseverado, para a\u00f1adir que la migraci\u00f3n regular es\u00a0<strong>\u00ab\u00a0importante, necesaria y precisa\u00a0\u00bb<\/strong>, siempre y cuando sea \u00ab\u00a0adecuada al conjunto de la normativa laboral\u00a0\u00bb.<\/h4>\n<\/div>\n<p class=\"yiv6604175514MsoNormal\">Francisco Acedo<\/p>\n<\/div>\n<h4 class=\"yiv6604175514MsoNormal\"><span style=\"vertical-align: inherit;\"><span style=\"vertical-align: inherit;\">Director Al Sol de la Costa<\/span><\/span><\/h4>\n<\/div>\n","protected":false},"excerpt":{"rendered":"<p>\u00a0El ministro del Interior de Espa\u00f1a, Fernando Grande-Marlaska Francisco Acedo peirdista El ministro de Interior de Espa\u00f1a, Fernando Grande-Marlaska, se ha mostrado a favor de\u00a0 una inmigraci\u00f3n regular \u00ab conforme a la legalidad nacional y vigente \u00bb \u00a0en la que se garantizan los derechos laborales de las personas contratadas, en alusi\u00f3n a la propuesta de &hellip;<\/p>\n","protected":false},"author":1,"featured_media":1240,"comment_status":"open","ping_status":"open","sticky":false,"template":"","format":"standard","meta":{"footnotes":""},"categories":[24],"tags":[],"class_list":["post-1239","post","type-post","status-publish","format-standard","has-post-thumbnail","hentry","category-politica"],"jetpack_featured_media_url":"https:\/\/canaripress.com\/es\/wp-content\/uploads\/sites\/2\/2023\/03\/Marlaska-1.jpg","_links":{"self":[{"href":"https:\/\/canaripress.com\/es\/wp-json\/wp\/v2\/posts\/1239","targetHints":{"allow":["GET"]}}],"collection":[{"href":"https:\/\/canaripress.com\/es\/wp-json\/wp\/v2\/posts"}],"about":[{"href":"https:\/\/canaripress.com\/es\/wp-json\/wp\/v2\/types\/post"}],"author":[{"embeddable":true,"href":"https:\/\/canaripress.com\/es\/wp-json\/wp\/v2\/users\/1"}],"replies":[{"embeddable":true,"href":"https:\/\/canaripress.com\/es\/wp-json\/wp\/v2\/comments?post=1239"}],"version-history":[{"count":3,"href":"https:\/\/canaripress.com\/es\/wp-json\/wp\/v2\/posts\/1239\/revisions"}],"predecessor-version":[{"id":1242,"href":"https:\/\/canaripress.com\/es\/wp-json\/wp\/v2\/posts\/1239\/revisions\/1242"}],"wp:featuredmedia":[{"embeddable":true,"href":"https:\/\/canaripress.com\/es\/wp-json\/wp\/v2\/media\/1240"}],"wp:attachment":[{"href":"https:\/\/canaripress.com\/es\/wp-json\/wp\/v2\/media?parent=1239"}],"wp:term":[{"taxonomy":"category","embeddable":true,"href":"https:\/\/canaripress.com\/es\/wp-json\/wp\/v2\/categories?post=1239"},{"taxonomy":"post_tag","embeddable":true,"href":"https:\/\/canaripress.com\/es\/wp-json\/wp\/v2\/tags?post=1239"}],"curies":[{"name":"wp","href":"https:\/\/api.w.org\/{rel}","templated":true}]}}