{"id":1293,"date":"2023-03-28T14:54:11","date_gmt":"2023-03-28T11:54:11","guid":{"rendered":"https:\/\/canaripress.com\/es\/?p=1293"},"modified":"2023-03-28T14:54:44","modified_gmt":"2023-03-28T11:54:44","slug":"graves-altercados-entre-jugadores-de-peru-y-la-policia-en-madrid","status":"publish","type":"post","link":"https:\/\/canaripress.com\/es\/2023\/03\/28\/graves-altercados-entre-jugadores-de-peru-y-la-policia-en-madrid\/","title":{"rendered":"Graves altercados entre jugadores de Per\u00fa y la Polic\u00eda en Madrid"},"content":{"rendered":"<div class=\"ue-l-article__header\">\n<div class=\"ue-l-article__main-column\">\n<div class=\"ue-c-article__header \">\n<div class=\"ue-l-article__header-content ue-l-article--expand-right-full-from-tablet ue-l-article--expand-right-half-from-desktop\">\n<h1 id=\"H1_js_6422083e22601dc37c8b45ac\" class=\"ue-c-article__headline js-headline js-headlineb\"><\/h1>\n<\/div>\n<\/div>\n<blockquote class=\"twitter-tweet\" data-width=\"500\" data-dnt=\"true\">\n<p lang=\"es\" dir=\"ltr\">La Polic\u00eda Nacional espa\u00f1ola ha agredido a los futbolistas internacionales de la Selecci\u00f3n de f\u00fatbol de Per\u00fa que se concentraban en Madrid. <a href=\"https:\/\/t.co\/h3DrOb3uVa\">pic.twitter.com\/h3DrOb3uVa<\/a><\/p>\n<p>&mdash; Fonsi Loaiza (@FonsiLoaiza) <a href=\"https:\/\/twitter.com\/FonsiLoaiza\/status\/1640474386862882817?ref_src=twsrc%5Etfw\">March 27, 2023<\/a><\/p><\/blockquote>\n<p><script async src=\"https:\/\/platform.twitter.com\/widgets.js\" charset=\"utf-8\"><\/script><\/p>\n<\/div>\n<\/div>\n<div class=\"ue-l-article__body\" data-section=\"articleBody\">\n<div class=\"ue-l-article__main-column ue-l-article--minimum-content-from-tablet\">\n<figure class=\"ue-c-article__media ue-c-article__media--video ue-c-article--media-icon-m-from-phablet ue-l-article--expand-left-full-from-tablet ue-c-article__media--main-media\">\n<div class=\"ue-c-article__media-img-container ue-l-article--expand-edge-right-until-tablet ue-l-article--expand-edge-left-until-tablet\">\n<div class=\"ue-c-article__media-video-responsive ue-c-article__media-video-responsive--16-9\">\n<div id=\"video_1679991586_0_uufu065p\" class=\"kWidgetIframeContainer full-video\">\n<blockquote class=\"twitter-tweet\" data-width=\"500\" data-dnt=\"true\">\n<p lang=\"es\" dir=\"ltr\">La polic\u00eda Nacional espa\u00f1ola agrede a jugadores de la selecci\u00f3n de Per\u00fa, alojados en Madrid para el partido contra Marruecos.<\/p>\n<p>\u00bfA que no os imagin\u00e1is que hicieran esto con la selecci\u00f3n de Alemania, Inglaterra o Francia?<a href=\"https:\/\/t.co\/ZBN3dR2SQK\">pic.twitter.com\/ZBN3dR2SQK<\/a><\/p>\n<p>&mdash; Vuthy (@vuthy1Iiving) <a href=\"https:\/\/twitter.com\/vuthy1Iiving\/status\/1640586283549442049?ref_src=twsrc%5Etfw\">March 28, 2023<\/a><\/p><\/blockquote>\n<p><script async src=\"https:\/\/platform.twitter.com\/widgets.js\" charset=\"utf-8\"><\/script><\/p>\n<p data-mrf-recirculation=\"Links P\u00e1rrafos\"><span class=\"capital-letter\"><span style=\"vertical-align: inherit;\"><span style=\"vertical-align: inherit;\">S<\/span><\/span><\/span><span style=\"vertical-align: inherit;\"><span style=\"vertical-align: inherit;\"> urrealista la situaci\u00f3n que se encontraron en el hotel de concentraci\u00f3n de\u00a0 <\/span><\/span><strong><span style=\"vertical-align: inherit;\"><span style=\"vertical-align: inherit;\">Madrid<\/span><\/span><\/strong><span style=\"vertical-align: inherit;\"><span style=\"vertical-align: inherit;\"> \u00a0donde se encuentra instalada la\u00a0 <\/span><\/span><strong><span style=\"vertical-align: inherit;\"><span style=\"vertical-align: inherit;\">selecci\u00f3n nacional de Per\u00fa<\/span><\/span><\/strong><span style=\"vertical-align: inherit;\"><span style=\"vertical-align: inherit;\"> \u00a0entre sus jugadores y la\u00a0 <\/span><\/span><strong><span style=\"vertical-align: inherit;\"><span style=\"vertical-align: inherit;\">Polic\u00eda Nacional<\/span><\/span><\/strong><span style=\"vertical-align: inherit;\"><span style=\"vertical-align: inherit;\"> .<\/span><\/span><\/p>\n<p data-mrf-recirculation=\"Links P\u00e1rrafos\"><span style=\"vertical-align: inherit;\"><span style=\"vertical-align: inherit;\">El combinado sudamericano se encuentra en Madrid para disputar ante Marruecos un partido amistoso en el estadio del Atl\u00e9tico de Madrid. <\/span><span style=\"vertical-align: inherit;\">Cientos de aficionados se agolparon en la puerta del hotel para recibir a sus jugadores con un &#8216;banderazo&#8217;, momento que hizo estallar los altercados.<\/span><\/span><\/p>\n<\/div>\n<\/div>\n<\/div>\n<\/figure>\n<div class=\"ue-c-article__body\">\n<div id=\"sm-it-main-container-1680001262858\" class=\"sm-it-main-container\" data-it=\"a0f317f7-960e-4332-988f-17bcce672637\" data-device=\"desktop\" data-index=\"0\">\n<div id=\"sm-reference-1680001262858\" class=\"sm-reference\">Seg\u00fan varios testigos, un miembro de la Polic\u00eda empuj\u00f3 a\u00a0<strong>Yoshimar Yot\u00fan<\/strong>, internacional peruano, para hacerle retroceder confundi\u00e9ndole con un aficionado, lo que provoc\u00f3 que el futbolista le respondiera con otro empuj\u00f3n que deriv\u00f3 en graves altercados entre los futbolistas y los miembros de las fuerzas de seguridad del estado.<\/div>\n<div><\/div>\n<div>\n<h2 class=\"ue-c-article__subheadline\">Pedro Gallese, en libertad sin cargos tras declarar varias horas como detenido<\/h2>\n<p data-mrf-recirculation=\"Links P\u00e1rrafos\">La\u00a0<strong>agencia EFE<\/strong>\u00a0informa que el portero de la selecci\u00f3n peruana, Pedro Gallese, abandon\u00f3, sin cargos, la comisar\u00eda de Madrid donde prest\u00f3 declaraciones por un incidente con la Polic\u00eda espa\u00f1ola, inform\u00f3 el ministerio de Relaciones Exteriores de Per\u00fa en su cuenta de Twitter.<\/p>\n<p data-mrf-recirculation=\"Links P\u00e1rrafos\">\u00abEl Consulado General del Per\u00fa en Madrid informa que el jugador Pedro Gallese se retir\u00f3 hace poco de la comisar\u00eda donde prest\u00f3 declaraciones, sin cargos\u00bb, indic\u00f3 la canciller\u00eda.<\/p>\n<p data-mrf-recirculation=\"Links P\u00e1rrafos\">Gallese se dirige al hotel de la concentraci\u00f3n de la selecci\u00f3n, que en unas horas disputar\u00e1 un amistoso frente a la selecci\u00f3n de Marruecos, a\u00f1adi\u00f3 el mensaje.<\/p>\n<p data-mrf-recirculation=\"Links P\u00e1rrafos\">La prensa peruana desminti\u00f3 que \u00c1lex Valera, Yoshimar Yot\u00fan y Jos\u00e9 Carvallo fuesen detenidos.<\/p>\n<\/div>\n<\/div>\n<h2 class=\"ue-c-article__subheadline\">La Federaci\u00f3n peruana \u00abrespalda\u00bb a Pedro Gallese<\/h2>\n<\/div>\n<p data-mrf-recirculation=\"Links P\u00e1rrafos\"><strong>La Federaci\u00f3n Peruana de F\u00fatbol (FPF) lament\u00f3 el enfrentamiento<\/strong>\u00a0entre varios jugadores y miembros de su selecci\u00f3n y algunos agentes de la Polic\u00eda Nacional que garantizaban su seguridad a las puertas del hotel NH Collection Eurobuilding de Madrid, durante el tradicional banderazo de los hinchas en apoyo al equipo y\u00a0<strong>mostr\u00f3 su respaldo al portero Pedro Gallese<\/strong>, uno de los implicados.<\/p>\n<p data-mrf-recirculation=\"Links P\u00e1rrafos\">\u00abLa Federaci\u00f3n Peruana de F\u00fatbol (FPF) lamenta los hechos ocurridos en Madrid, donde se realizaba el tradicional banderazo de los hinchas en apoyo a &#8216;LaBicolor&#8217;.\u00a0<strong>La FPF es totalmente solidaria y respalda a nuestro seleccionado Pedro Gallese<\/strong>\u00a0a quien, como corresponde, hemos acompa\u00f1ado desde que se suscit\u00f3 el incidente en los exteriores del hotel de concentraci\u00f3n de la selecci\u00f3n, previo al partido amistoso contra Marruecos\u00bb, se\u00f1ala en un comunicado.<\/p>\n<p><img decoding=\"async\" src=\"https:\/\/pbs.twimg.com\/media\/FsRkkbFXsAIQZ5l?format=jpg&amp;name=medium\" alt=\"Imagen\" \/><\/p>\n<div class=\"ue-c-article__body\">\n<p data-mrf-recirculation=\"Links P\u00e1rrafos\">\u00abAsimismo, reiteramos que\u00a0<strong>somos respetuosos de las autoridades y procedimientos de cada pa\u00eds que visitamos<\/strong>. Por esta raz\u00f3n, estamos a plena disposici\u00f3n de los organismos de control internos y externos para ayudar a esclarecer lo sucedido\u00bb, a\u00f1ade acerca de lo sucedido.<\/p>\n<p data-mrf-recirculation=\"Links P\u00e1rrafos\">En su mensaje, la FPF \u00abagradece la colaboraci\u00f3n del Consulado de Per\u00fa en Madrid, liderado por Fernando \u00c1lvarez, as\u00ed como el apoyo del abogado Carlos Qui\u00f1\u00f3nez\u00bb y agrega:\u00a0<strong>\u00abInvocamos a la calma y tranquilidad de nuestros hinchas y expresamos nuestro total rechazo a la violencia.<\/strong>\u00a0Continuaremos promoviendo el respeto mutuo y velaremos por la integridad y derechos de Pedro Gallese y de todos nuestros seleccionados, comando t\u00e9cnico y equipo de trabajo\u00bb.<\/p>\n<h2 class=\"ue-c-article__subheadline\">Alfredo Perdiguero: \u00abEncima que alguno quiera dejar a la Polic\u00eda como la mala&#8230;\u00bb<\/h2>\n<p data-mrf-recirculation=\"Links P\u00e1rrafos\"><strong>Radio MARCA quiso tener la versi\u00f3n de un polic\u00eda<\/strong>\u00a0y contact\u00f3 con\u00a0<strong>Alfredo perdiguero, subinspector<\/strong>, que afirm\u00f3 que\u00a0<strong>Pedro Gallese podr\u00e1 disputar el partido de su selecci\u00f3n esta noche<\/strong>\u00a0ante Marruecos.<\/p>\n<p data-mrf-recirculation=\"Links P\u00e1rrafos\">Alfredo Perdiguero denunci\u00f3 que por tratarse de un jugador y las presiones\u00a0<strong>no se va a seguir el procedimiento\u00a0<\/strong>que se sigue en estos casos:\u00a0<strong>\u00abIgual que pas\u00f3 con el hijo del presidente del Barcelona, que agredi\u00f3 a su pareja y a un compa\u00f1ero<\/strong>, se le puso en libertad por presiones salt\u00e1ndose el protocolo\u00bb.<\/p>\n<div class=\"midwidget-taboola\">\n<div id=\"taboola-mid-article-mca-oc-1680001252996\" class=\"taboola-mid-article-widget trc_related_container trc_spotlight_widget trc_elastic trc_elastic_organic-thumbnails-d-2x1 \" data-placement-name=\"Mid Article-MCA-OC\" data-mrf-recirculation=\"Taboola Mid Article Widget\">\n<div class=\"trc_rbox_container\">\n<div>\n<div id=\"trc_wrapper_17002\" class=\"trc_rbox organic-thumbnails-d-2x1 trc-content-organic \">\n<div id=\"outer_17002\" class=\"trc_rbox_outer\">\n<div id=\"rbox-t2m\" class=\"trc_rbox_div trc_rbox_border_elm\">\n<div id=\"internal_trc_17002\">\n<div class=\"videoCube trc_spotlight_item origin-default thumbnail_start textItem videoCube_2_child trc_excludable \" data-item-id=\"-3411916549879464885\" data-item-title=\"Jordi Cruz y el zasca a Tamara Falc\u00f3 en &amp;#39;MasterChef&amp;#39; por su vuelta con \u00cd\u00f1igo Onieva\" data-item-thumb=\"https:\/\/phantom-marca.unidadeditorial.es\/de12a9833d636c350f1eacc446598e52\/resize\/1200\/f\/jpg\/assets\/multimedia\/imagenes\/2023\/03\/28\/16799899885981.jpg\" data-item-syndicated=\"false\">\n<div class=\" trc_undo_btn \"><\/div>\n<\/div>\n<\/div>\n<\/div>\n<\/div>\n<div class=\"trc_clearer\"><\/div>\n<\/div>\n<\/div>\n<\/div>\n<\/div>\n<\/div>\n<p data-mrf-recirculation=\"Links P\u00e1rrafos\">Perdiguero fue muy duro con los jugadores y con su actitud ante la Polic\u00eda:\u00a0<strong>\u00abPensar\u00e1n que tienen derecho de pernada, por decirlo de una forma com\u00fan, pero evidentemente no la tienen\u00bb<\/strong>. Adem\u00e1s acusa de manipulaci\u00f3n para tratar de culpar a la Polic\u00eda: \u00abEncima que alguno quiera dejarnos a nosotros como malos manipulando el v\u00eddeo&#8230;\u00bb.<\/p>\n<p data-mrf-recirculation=\"Links P\u00e1rrafos\"><span style=\"vertical-align: inherit;\"><span style=\"vertical-align: inherit;\">Seg\u00fan Alfredo Perdiguero, la situaci\u00f3n vivida en el hotel en el que se aloja la selecci\u00f3n de f\u00fatbol de Per\u00fa en Madrid es ins\u00f3lita para \u00e9l como polic\u00eda: \u00abNunca he\u00a0 <\/span><\/span><strong><span style=\"vertical-align: inherit;\"><span style=\"vertical-align: inherit;\">visto que unos polic\u00edas vayan a proteger oa acordonar un saludo y seamos nosotros los agredidos\u00bb .<\/span><\/span><\/strong><\/p>\n<\/div>\n<\/div>\n<div class=\"ue-l-article__main-column ue-l-article--minimum-content-from-tablet\">\n<div class=\"ue-c-article__body\">\n<div class=\"midwidget-taboola\">\n<div id=\"taboola-mid-article-mca-oc-1680001553571\" class=\"taboola-mid-article-widget trc_related_container trc_spotlight_widget trc_elastic trc_elastic_organic-thumbnails-d-2x1 \" data-placement-name=\"Mid Article-MCA-OC\" data-mrf-recirculation=\"Taboola Mid Article Widget\">\n<div class=\"trc_rbox_container\">\n<div>\n<div id=\"trc_wrapper_92471\" class=\"trc_rbox organic-thumbnails-d-2x1 trc-content-organic \">\n<div id=\"trc_header_92471\" class=\"trc_rbox_header trc_rbox_border_elm\"><\/div>\n<div id=\"outer_92471\" class=\"trc_rbox_outer\">\n<div id=\"rbox-t2m\" class=\"trc_rbox_div trc_rbox_border_elm\">\n<div id=\"internal_trc_92471\"><\/div>\n<\/div>\n<\/div>\n<\/div>\n<\/div>\n<\/div>\n<\/div>\n<\/div>\n<p data-mrf-recirculation=\"Links P\u00e1rrafos\">\n<\/div>\n<\/div>\n<\/div>\n","protected":false},"excerpt":{"rendered":"<p>La Polic\u00eda Nacional espa\u00f1ola ha agredido a los futbolistas internacionales de la Selecci\u00f3n de f\u00fatbol de Per\u00fa que se concentraban en Madrid. pic.twitter.com\/h3DrOb3uVa &mdash; Fonsi Loaiza (@FonsiLoaiza) March 27, 2023 La polic\u00eda Nacional espa\u00f1ola agrede a jugadores de la selecci\u00f3n de Per\u00fa, alojados en Madrid para el partido contra Marruecos. \u00bfA que no os imagin\u00e1is &hellip;<\/p>\n","protected":false},"author":1,"featured_media":1302,"comment_status":"open","ping_status":"open","sticky":false,"template":"","format":"standard","meta":{"footnotes":""},"categories":[25],"tags":[],"class_list":["post-1293","post","type-post","status-publish","format-standard","has-post-thumbnail","hentry","category-deportes"],"jetpack_featured_media_url":"https:\/\/canaripress.com\/es\/wp-content\/uploads\/sites\/2\/2023\/03\/FsRkkbFXsAIQZ5l-1-3.jpg","_links":{"self":[{"href":"https:\/\/canaripress.com\/es\/wp-json\/wp\/v2\/posts\/1293","targetHints":{"allow":["GET"]}}],"collection":[{"href":"https:\/\/canaripress.com\/es\/wp-json\/wp\/v2\/posts"}],"about":[{"href":"https:\/\/canaripress.com\/es\/wp-json\/wp\/v2\/types\/post"}],"author":[{"embeddable":true,"href":"https:\/\/canaripress.com\/es\/wp-json\/wp\/v2\/users\/1"}],"replies":[{"embeddable":true,"href":"https:\/\/canaripress.com\/es\/wp-json\/wp\/v2\/comments?post=1293"}],"version-history":[{"count":5,"href":"https:\/\/canaripress.com\/es\/wp-json\/wp\/v2\/posts\/1293\/revisions"}],"predecessor-version":[{"id":1306,"href":"https:\/\/canaripress.com\/es\/wp-json\/wp\/v2\/posts\/1293\/revisions\/1306"}],"wp:featuredmedia":[{"embeddable":true,"href":"https:\/\/canaripress.com\/es\/wp-json\/wp\/v2\/media\/1302"}],"wp:attachment":[{"href":"https:\/\/canaripress.com\/es\/wp-json\/wp\/v2\/media?parent=1293"}],"wp:term":[{"taxonomy":"category","embeddable":true,"href":"https:\/\/canaripress.com\/es\/wp-json\/wp\/v2\/categories?post=1293"},{"taxonomy":"post_tag","embeddable":true,"href":"https:\/\/canaripress.com\/es\/wp-json\/wp\/v2\/tags?post=1293"}],"curies":[{"name":"wp","href":"https:\/\/api.w.org\/{rel}","templated":true}]}}