{"id":1309,"date":"2023-04-03T14:43:46","date_gmt":"2023-04-03T11:43:46","guid":{"rendered":"https:\/\/canaripress.com\/es\/?p=1309"},"modified":"2023-04-03T14:43:46","modified_gmt":"2023-04-03T11:43:46","slug":"espana-ve-improbable-prorrogar-el-acuerdo-pesquero-con-marruecos","status":"publish","type":"post","link":"https:\/\/canaripress.com\/es\/2023\/04\/03\/espana-ve-improbable-prorrogar-el-acuerdo-pesquero-con-marruecos\/","title":{"rendered":"Espa\u00f1a ve improbable prorrogar el acuerdo pesquero con Marruecos"},"content":{"rendered":"<h2><\/h2>\n<div class=\"entry-header\">\n<h2 class=\"jeg_post_subtitle\">El ministro Luis Planas considera \u00abmuy complicada\u00bb la extensi\u00f3n del pacto que permite 93 licencias de pesca al pa\u00eds ib\u00e9rico<\/h2>\n<div class=\"jeg_meta_container\">\n<div class=\"jeg_post_meta jeg_post_meta_2\">\n<div class=\"meta_right\"><\/div>\n<\/div>\n<\/div>\n<\/div>\n<div class=\"row\">\n<div class=\"jeg_main_content col-md-8\">\n<div class=\"jeg_inner_content\">\n<div class=\"entry-content no-share\">\n<div class=\"content-inner \">\nEl ministro espa\u00f1ol de Agricultura, Pesca y Alimentaci\u00f3n, Luis Planas, se mostr\u00f3 este mi\u00e9rcoles pesimista en cuanto a la renovaci\u00f3n a corto plazo del acuerdo pesquero que la\u00a0<a href=\"https:\/\/elfarodeceuta.es\/espana-apoyara-ue-si-expira-tratado-pesquero-marruecos\/\"><strong>Uni\u00f3n Europea<\/strong><\/a>\u00a0(UE) mantiene con Marruecos, y del que Espa\u00f1a es la principal beneficiaria.<\/p>\n<p>Planas record\u00f3 en Varsovia que \u201cen el \u00faltimo Consejo de Ministros, celebrado en Bruselas hace unas semanas, se plantearon las consecuencias del fin del acuerdo de pesca con Marruecos\u201d, que expira el pr\u00f3ximo 17 de julio, y cuya extensi\u00f3n es \u201cmuy complicada\u201d.<\/p>\n<div class=\"gvgyknk gvgyknk-137\">\n<div class=\"gvgyknk-single avgyknk-692\"><ins id=\"revive-0-3\" data-revive-zoneid=\"29\" data-revive-id=\"c253e74bb19875deedbd3f3e84a4988c\" data-revive-seq=\"3\" data-revive-loaded=\"1\"><\/p>\n<div id=\"beacon_a64743f579\"><span style=\"background-color: #ffffff;\">Espa\u00f1a, que opera 93 de las 138 licencias concedidas por el pa\u00eds alau\u00ed, es la principal afectada por la suspensi\u00f3n de este acuerdo, lo que, seg\u00fan anunci\u00f3 el ministro, obligar\u00e1 a pensar en medidas que mitiguen el impacto negativo entre los armadores espa\u00f1oles.<\/span><\/div>\n<p><\/ins><\/div>\n<\/div>\n<p>&nbsp;<\/p>\n<p>El acuerdo pesquero entre la UE y Marruecos y el protocolo de implementaci\u00f3n asociado entraron en vigor el 18 de julio de 2019 con una vigencia de cuatro a\u00f1os y las negociaciones para renovarlo estar\u00e1n condicionadas por una sentencia que debe pronunciar el Tribunal de Justicia de la UE, previsiblemente en septiembre.<\/p>\n<div class=\"gvgyknk gvgyknk-97\">\n<div class=\"gvgyknk-single avgyknk-697\"><ins id=\"revive-0-4\" data-revive-zoneid=\"35\" data-revive-id=\"c253e74bb19875deedbd3f3e84a4988c\" data-revive-seq=\"4\" data-revive-loaded=\"1\"><\/p>\n<div id=\"beacon_7476d85c70\"><span style=\"background-color: #ffffff;\">En 2021, el Tribunal de Justicia de la UE fall\u00f3 a favor del Frente Polisario, que reivindica la independencia del S\u00e1hara Occidental, que argument\u00f3 que el acuerdo con Marruecos hab\u00eda sido concluido sin el consentimiento del pueblo saharaui.<\/span><\/div>\n<p><\/ins><\/div>\n<\/div>\n<p>&nbsp;<\/p>\n<p>Planas record\u00f3 que en Agadir (Marruecos) se reuni\u00f3 con su colega marroqu\u00ed y \u201ces evidente que, antes de pronunciarse\u201d Rabat \u201cquiere conocer el contenido de la sentencia del Tribunal de Justicia Europeo\u201d, a\u00fan pendiente de ser pronunciada, as\u00ed como escuchar a la Comisi\u00f3n Europea antes de tomar una decisi\u00f3n.<\/p>\n<p>\u201cPor tanto, va a ser muy complicado que podamos extender el protocolo m\u00e1s all\u00e1 del 17 de julio\u201d, declar\u00f3 el ministro.<\/p>\n<p>Espa\u00f1a y Marruecos han mantenido durante los \u00faltimos 47 a\u00f1os una serie de acuerdos bilaterales, asumidos por la UE desde 1986, para permitir a los barcos espa\u00f1oles faenar en aguas marroqu\u00edes y saharauis.<\/p>\n<p>En los \u00faltimos cuatro a\u00f1os, Rabat ha ingresado 208,7 millones de euros por este concepto.<\/p>\n<\/div>\n<\/div>\n<\/div>\n<\/div>\n<\/div>\n","protected":false},"excerpt":{"rendered":"<p>El ministro Luis Planas considera \u00abmuy complicada\u00bb la extensi\u00f3n del pacto que permite 93 licencias de pesca al pa\u00eds ib\u00e9rico El ministro espa\u00f1ol de Agricultura, Pesca y Alimentaci\u00f3n, Luis Planas, se mostr\u00f3 este mi\u00e9rcoles pesimista en cuanto a la renovaci\u00f3n a corto plazo del acuerdo pesquero que la\u00a0Uni\u00f3n Europea\u00a0(UE) mantiene con Marruecos, y del que &hellip;<\/p>\n","protected":false},"author":1,"featured_media":1310,"comment_status":"open","ping_status":"open","sticky":false,"template":"","format":"standard","meta":{"footnotes":""},"categories":[24],"tags":[],"class_list":["post-1309","post","type-post","status-publish","format-standard","has-post-thumbnail","hentry","category-politica"],"jetpack_featured_media_url":"https:\/\/canaripress.com\/es\/wp-content\/uploads\/sites\/2\/2023\/04\/1946581847171468425.jpg","_links":{"self":[{"href":"https:\/\/canaripress.com\/es\/wp-json\/wp\/v2\/posts\/1309","targetHints":{"allow":["GET"]}}],"collection":[{"href":"https:\/\/canaripress.com\/es\/wp-json\/wp\/v2\/posts"}],"about":[{"href":"https:\/\/canaripress.com\/es\/wp-json\/wp\/v2\/types\/post"}],"author":[{"embeddable":true,"href":"https:\/\/canaripress.com\/es\/wp-json\/wp\/v2\/users\/1"}],"replies":[{"embeddable":true,"href":"https:\/\/canaripress.com\/es\/wp-json\/wp\/v2\/comments?post=1309"}],"version-history":[{"count":3,"href":"https:\/\/canaripress.com\/es\/wp-json\/wp\/v2\/posts\/1309\/revisions"}],"predecessor-version":[{"id":1314,"href":"https:\/\/canaripress.com\/es\/wp-json\/wp\/v2\/posts\/1309\/revisions\/1314"}],"wp:featuredmedia":[{"embeddable":true,"href":"https:\/\/canaripress.com\/es\/wp-json\/wp\/v2\/media\/1310"}],"wp:attachment":[{"href":"https:\/\/canaripress.com\/es\/wp-json\/wp\/v2\/media?parent=1309"}],"wp:term":[{"taxonomy":"category","embeddable":true,"href":"https:\/\/canaripress.com\/es\/wp-json\/wp\/v2\/categories?post=1309"},{"taxonomy":"post_tag","embeddable":true,"href":"https:\/\/canaripress.com\/es\/wp-json\/wp\/v2\/tags?post=1309"}],"curies":[{"name":"wp","href":"https:\/\/api.w.org\/{rel}","templated":true}]}}