{"id":1315,"date":"2023-04-03T14:54:48","date_gmt":"2023-04-03T11:54:48","guid":{"rendered":"https:\/\/canaripress.com\/es\/?p=1315"},"modified":"2023-04-03T14:57:04","modified_gmt":"2023-04-03T11:57:04","slug":"enterrado-en-marruecos-el-primer-inmigrante-de-los-23-fallecidos","status":"publish","type":"post","link":"https:\/\/canaripress.com\/es\/2023\/04\/03\/enterrado-en-marruecos-el-primer-inmigrante-de-los-23-fallecidos\/","title":{"rendered":"Enterrado en Marruecos el primer inmigrante de los 23 fallecidos"},"content":{"rendered":"<div class=\"article-main margin-none\">\n<header class=\"article-main__header\">\n<h2 class=\"article-main__description\"><span style=\"vertical-align: inherit;\"><span style=\"vertical-align: inherit;\">Se trata de un sudan\u00e9s que ha sido plenamente identificado por sus familiares<\/span><\/span><\/h2>\n<div class=\"multimedia\">\n<figure><picture><source srcset=\"https:\/\/fotografias.larazon.es\/clipping\/cmsimages02\/2022\/06\/25\/7985DB82-F1BF-4EAE-82FC-884614EC7F02\/98.jpg?crop=1181,664,x0,y27&amp;width=1900&amp;height=1069&amp;optimize=low&amp;format=webply\" media=\"(min-width:1601px)\" \/><source srcset=\"https:\/\/fotografias.larazon.es\/clipping\/cmsimages02\/2022\/06\/25\/7985DB82-F1BF-4EAE-82FC-884614EC7F02\/97.jpg?crop=1181,664,x0,y27&amp;width=1600&amp;height=900&amp;optimize=low&amp;format=webply\" media=\"(min-width:1201px)\" \/><source srcset=\"https:\/\/fotografias.larazon.es\/clipping\/cmsimages02\/2022\/06\/25\/7985DB82-F1BF-4EAE-82FC-884614EC7F02\/96.jpg?crop=1181,664,x0,y27&amp;width=1200&amp;height=675&amp;optimize=low&amp;format=webply\" media=\"(min-width:1029px)\" \/><source srcset=\"https:\/\/fotografias.larazon.es\/clipping\/cmsimages02\/2022\/06\/25\/7985DB82-F1BF-4EAE-82FC-884614EC7F02\/95.jpg?crop=1181,664,x0,y27&amp;width=1028&amp;height=578&amp;optimize=medium&amp;format=webply\" media=\"(min-width:801px)\" \/><source srcset=\"https:\/\/fotografias.larazon.es\/clipping\/cmsimages02\/2022\/06\/25\/7985DB82-F1BF-4EAE-82FC-884614EC7F02\/94.jpg?crop=1181,664,x0,y27&amp;width=800&amp;height=450&amp;optimize=medium&amp;format=webply\" media=\"(min-width:481px)\" \/><source srcset=\"https:\/\/fotografias.larazon.es\/clipping\/cmsimages02\/2022\/06\/25\/7985DB82-F1BF-4EAE-82FC-884614EC7F02\/70.jpg?crop=1181,664,x0,y27&amp;width=480&amp;height=270&amp;optimize=high&amp;format=webply\" media=\"(min-width:391px)\" \/><source srcset=\"https:\/\/fotografias.larazon.es\/clipping\/cmsimages02\/2022\/06\/25\/7985DB82-F1BF-4EAE-82FC-884614EC7F02\/92.jpg?crop=1181,663,x0,y27&amp;width=390&amp;height=219&amp;optimize=high&amp;format=webply\" media=\"(min-width:321px)\" \/><source srcset=\"https:\/\/fotografias.larazon.es\/clipping\/cmsimages02\/2022\/06\/25\/7985DB82-F1BF-4EAE-82FC-884614EC7F02\/52.jpg?crop=1181,664,x0,y27&amp;width=320&amp;height=180&amp;optimize=high&amp;format=webply\" media=\"(max-width:320px)\" \/><\/picture>\n<div id=\"standard_1\" class=\"st-placement standard_1 inImageRestricted\">\n<div class=\"st-adunit st-adunit-tagged st-reset st-show\">\n<div class=\"st-adunit-ad st-reset\">\n<div class=\"st-display-render st-reset open 300x116\">\n<div class=\"st-canvas st-reset vertical-static\"><\/div>\n<\/div>\n<\/div>\n<\/div>\n<\/div>\n<p><img loading=\"lazy\" decoding=\"async\" class=\"alignnone size-medium wp-image-1317\" src=\"https:\/\/canaripress.com\/es\/wp-content\/uploads\/sites\/2\/2023\/04\/f.elconfidencial.com_original_325_d87_1cc_325d871ccead6c1a9f213e6ceaf5ff42-300x225.jpg\" alt=\"\" width=\"300\" height=\"225\" srcset=\"https:\/\/canaripress.com\/es\/wp-content\/uploads\/sites\/2\/2023\/04\/f.elconfidencial.com_original_325_d87_1cc_325d871ccead6c1a9f213e6ceaf5ff42-300x225.jpg 300w, https:\/\/canaripress.com\/es\/wp-content\/uploads\/sites\/2\/2023\/04\/f.elconfidencial.com_original_325_d87_1cc_325d871ccead6c1a9f213e6ceaf5ff42-1024x768.jpg 1024w, https:\/\/canaripress.com\/es\/wp-content\/uploads\/sites\/2\/2023\/04\/f.elconfidencial.com_original_325_d87_1cc_325d871ccead6c1a9f213e6ceaf5ff42-768x576.jpg 768w, https:\/\/canaripress.com\/es\/wp-content\/uploads\/sites\/2\/2023\/04\/f.elconfidencial.com_original_325_d87_1cc_325d871ccead6c1a9f213e6ceaf5ff42.jpg 1200w\" sizes=\"auto, (max-width: 300px) 100vw, 300px\" \/><figcaption><\/figcaption><\/figure>\n<\/div>\n<\/header>\n<\/div>\n<div><img loading=\"lazy\" decoding=\"async\" class=\"alignnone size-medium wp-image-1320\" src=\"https:\/\/canaripress.com\/es\/wp-content\/uploads\/sites\/2\/2023\/04\/6635404-300x169.jpg\" alt=\"\" width=\"300\" height=\"169\" srcset=\"https:\/\/canaripress.com\/es\/wp-content\/uploads\/sites\/2\/2023\/04\/6635404-300x169.jpg 300w, https:\/\/canaripress.com\/es\/wp-content\/uploads\/sites\/2\/2023\/04\/6635404-1024x576.jpg 1024w, https:\/\/canaripress.com\/es\/wp-content\/uploads\/sites\/2\/2023\/04\/6635404-768x432.jpg 768w, https:\/\/canaripress.com\/es\/wp-content\/uploads\/sites\/2\/2023\/04\/6635404-1536x864.jpg 1536w, https:\/\/canaripress.com\/es\/wp-content\/uploads\/sites\/2\/2023\/04\/6635404-390x220.jpg 390w, https:\/\/canaripress.com\/es\/wp-content\/uploads\/sites\/2\/2023\/04\/6635404.jpg 1600w\" sizes=\"auto, (max-width: 300px) 100vw, 300px\" \/><\/div>\n<div class=\"article-main\">\n<div id=\"intext\" class=\"article-main__content\">\n<p><span style=\"vertical-align: inherit;\"><span style=\"vertical-align: inherit;\">Ha sido enterrado en Nador el primero de los 23 inmigrantes fallecidos en el asalto masivo del 24 de junio del a\u00f1o pasado en vallado de Melilla, seg\u00fan informa la prensa local, que cita a la Asociaci\u00f3n Marroqu\u00ed de Derechos Humanos (AMDH). <\/span><span style=\"vertical-align: inherit;\">Las muertes\u00a0 <\/span><\/span><b><span style=\"vertical-align: inherit;\"><span style=\"vertical-align: inherit;\">se produjeron en territorio marroqu\u00ed fruto de una avalancha y la actuaci\u00f3n de las Fuerzas de Seguridad espa\u00f1olas, seg\u00fan una investigaci\u00f3n de la Fiscal\u00eda, fue la correcta en t\u00e9rminos generales.<\/span><\/span><\/b><\/p>\n<p><span style=\"vertical-align: inherit;\"><span style=\"vertical-align: inherit;\">Seg\u00fan la ONG, el fallecido (AB) -de nacionalidad sudanesa- fue enterrado en el cementerio Salem en Nador, tras haber cumplido los tr\u00e1mites judiciales y administrativos necesarios y su identificaci\u00f3n por miembros de su familia que estaban presentes. <\/span><span style=\"vertical-align: inherit;\">El entierro se produjo tras la realizaci\u00f3n de la oraci\u00f3n f\u00fanebre en una mezquita de la ciudad marroqu\u00ed.<\/span><\/span><\/p>\n<p><span style=\"vertical-align: inherit;\"><span style=\"vertical-align: inherit;\">La tragedia ocurri\u00f3 cuando\u00a0 <\/span><\/span><b><span style=\"vertical-align: inherit;\"><span style=\"vertical-align: inherit;\">alrededor de 2.000 migrantes, en su mayor\u00eda refugiados sudaneses, intentaron acceder de forma irregular al puesto fronterizo del Barrio Chino en Melilla, causando 23 emigrantes muertos y cientos de heridos\u00a0<\/span><\/span><\/b><span style=\"vertical-align: inherit;\"><span style=\"vertical-align: inherit;\"> entre migrantes y agentes espa\u00f1oles y marroqu\u00edes. <\/span><span style=\"vertical-align: inherit;\">Asimismo, se produjeros numerosos heridos entre los agentes de las Fuerzas de Seguridad espa\u00f1olas y marroqu\u00edes.<\/span><\/span><\/p>\n<div>\n<aside class=\"advertising\">\n<div id=\"sunmedia1\" class=\"henneoHB sunmedia1\">\n<div id=\"sm-it-main-container-1680522386602\" class=\"sm-it-main-container\" data-it=\"0d7c8925-4460-41fe-a4a0-cc6035b3124b\" data-device=\"desktop\" data-index=\"0\">\n<div id=\"sm-reference-1680522386602\" class=\"sm-reference\"><\/div>\n<\/div>\n<\/div>\n<\/aside>\n<\/div>\n<p>Como consecuencia de estos hechos, los tribunales del vecino pa\u00eds han tramitado diversas causas contra los inmigrantes a los que se hya podido demostrar que agredieron a los agentes, procesos que han terminado con fuertes condenas.\u00a0<b>De lado espa\u00f1ol, no se ha abierto ninguna causa y fue una de las razones, entre otras, del cese de la Guardia Civil de la comandancia melillense, Jes\u00fas Vicente Torresano, al solicitar que si se expedientaba a los agentes se hiciera lo propio con los inmigrantes agresores.<\/b><\/p>\n<p><span style=\"vertical-align: inherit;\"><span style=\"vertical-align: inherit;\">Pese a la pol\u00e9mica inicial, con la intervenci\u00f3n de medios de prensa extranjeros, el asunto qued\u00f3 archivado. <\/span><span style=\"vertical-align: inherit;\">Se produjeron unos 400 rechazos en la frontera, una figura legalmente admitida, lo que conllev\u00f3 protestas a nivel de ONG y una investigaci\u00f3n del Defensor del Pueblo. <\/span><span style=\"vertical-align: inherit;\">De hecho, fue uno de los puntos que, al no ser modificado,\u00a0 <\/span><\/span><b><span style=\"vertical-align: inherit;\"><span style=\"vertical-align: inherit;\">condicion\u00f3 que la Ley de Seguridad Ciudadana no salga adelante en esta legislatura.<\/span><\/span><\/b><\/p>\n<\/div>\n<\/div>\n","protected":false},"excerpt":{"rendered":"<p>Se trata de un sudan\u00e9s que ha sido plenamente identificado por sus familiares Ha sido enterrado en Nador el primero de los 23 inmigrantes fallecidos en el asalto masivo del 24 de junio del a\u00f1o pasado en vallado de Melilla, seg\u00fan informa la prensa local, que cita a la Asociaci\u00f3n Marroqu\u00ed de Derechos Humanos (AMDH). &hellip;<\/p>\n","protected":false},"author":1,"featured_media":1316,"comment_status":"open","ping_status":"open","sticky":false,"template":"","format":"standard","meta":{"footnotes":""},"categories":[24,1],"tags":[],"class_list":["post-1315","post","type-post","status-publish","format-standard","has-post-thumbnail","hentry","category-politica","category-1"],"jetpack_featured_media_url":"https:\/\/canaripress.com\/es\/wp-content\/uploads\/sites\/2\/2023\/04\/97.webp","_links":{"self":[{"href":"https:\/\/canaripress.com\/es\/wp-json\/wp\/v2\/posts\/1315","targetHints":{"allow":["GET"]}}],"collection":[{"href":"https:\/\/canaripress.com\/es\/wp-json\/wp\/v2\/posts"}],"about":[{"href":"https:\/\/canaripress.com\/es\/wp-json\/wp\/v2\/types\/post"}],"author":[{"embeddable":true,"href":"https:\/\/canaripress.com\/es\/wp-json\/wp\/v2\/users\/1"}],"replies":[{"embeddable":true,"href":"https:\/\/canaripress.com\/es\/wp-json\/wp\/v2\/comments?post=1315"}],"version-history":[{"count":3,"href":"https:\/\/canaripress.com\/es\/wp-json\/wp\/v2\/posts\/1315\/revisions"}],"predecessor-version":[{"id":1322,"href":"https:\/\/canaripress.com\/es\/wp-json\/wp\/v2\/posts\/1315\/revisions\/1322"}],"wp:featuredmedia":[{"embeddable":true,"href":"https:\/\/canaripress.com\/es\/wp-json\/wp\/v2\/media\/1316"}],"wp:attachment":[{"href":"https:\/\/canaripress.com\/es\/wp-json\/wp\/v2\/media?parent=1315"}],"wp:term":[{"taxonomy":"category","embeddable":true,"href":"https:\/\/canaripress.com\/es\/wp-json\/wp\/v2\/categories?post=1315"},{"taxonomy":"post_tag","embeddable":true,"href":"https:\/\/canaripress.com\/es\/wp-json\/wp\/v2\/tags?post=1315"}],"curies":[{"name":"wp","href":"https:\/\/api.w.org\/{rel}","templated":true}]}}