{"id":1327,"date":"2023-05-18T02:50:29","date_gmt":"2023-05-17T23:50:29","guid":{"rendered":"https:\/\/canaripress.com\/es\/?p=1327"},"modified":"2023-05-18T02:50:47","modified_gmt":"2023-05-17T23:50:47","slug":"panamael-sobrino-del-jefe-de-estado-mayor-del-frente-polisario-fue-detenido","status":"publish","type":"post","link":"https:\/\/canaripress.com\/es\/2023\/05\/18\/panamael-sobrino-del-jefe-de-estado-mayor-del-frente-polisario-fue-detenido\/","title":{"rendered":"Panam\u00e1:el sobrino del Jefe de Estado Mayor del Frente Polisario fue detenido &#8230;"},"content":{"rendered":"<p dir=\"ltr\"><img loading=\"lazy\" decoding=\"async\" class=\"alignnone size-medium wp-image-1329\" src=\"https:\/\/canaripress.com\/es\/wp-content\/uploads\/sites\/2\/2023\/05\/347602437_604961821605769_8920105698918557504_n-300x200.jpg\" alt=\"\" width=\"300\" height=\"200\" srcset=\"https:\/\/canaripress.com\/es\/wp-content\/uploads\/sites\/2\/2023\/05\/347602437_604961821605769_8920105698918557504_n-300x200.jpg 300w, https:\/\/canaripress.com\/es\/wp-content\/uploads\/sites\/2\/2023\/05\/347602437_604961821605769_8920105698918557504_n.jpg 480w\" sizes=\"auto, (max-width: 300px) 100vw, 300px\" \/><\/p>\n<p dir=\"ltr\"><span style=\"vertical-align: inherit;\"><span style=\"vertical-align: inherit;\">El 11 de mayo de 2023, los servicios de seguridad aduanera de Panam\u00e1 detuvieron a la persona de nombre \u201cTaher Ould Akik\u201d, sobrino del Jefe de Estado Mayor del Frente Polisario, Mohamed El-Wali Akik, acusado de contrabando de sumas de divisas ( valoradas en $65,000). <\/span><\/span><br \/>\n<span style=\"vertical-align: inherit;\"><span style=\"vertical-align: inherit;\">El imputado fue presentado el mismo d\u00eda ante el Ministerio P\u00fablico paname\u00f1o, y se le impidi\u00f3 viajar, hasta su comparecencia ante el tribunal el 09 de junio de 2024.<\/span><\/span><\/p>\n<p dir=\"ltr\"><span style=\"vertical-align: inherit;\"><span style=\"vertical-align: inherit;\">Las autoridades argentinas, y el embajador del Frente Polisario en Cuba, intervinieron con una serie de figuras pol\u00edticas, con el fin de encubrir el nombre del acusado, y bastaba con mencionar s\u00f3lo su nacionalidad.<\/span><\/span><\/p>\n<p dir=\"ltr\"><span style=\"vertical-align: inherit;\"><span style=\"vertical-align: inherit;\">El acusado es miembro de una red internacional afiliada al Frente Polisario, activa en el mercado negro y el contrabando de dinero, y posee una empresa comercial sin licencia, activa en la importaci\u00f3n y exportaci\u00f3n entre China, Panam\u00e1 y Cuba, y tiene sucursales en el Tinduf acampa y cuenta con la influencia de su t\u00edo, el jefe del Estado Mayor del \u201cEj\u00e9rcito Saharaui\u201d, Muhammad al-Wali Akik, el propietario real de la empresa.<\/span><\/span><\/p>\n<p dir=\"ltr\"><span style=\"vertical-align: inherit;\"><span style=\"vertical-align: inherit;\">forsatina<\/span><\/span><\/p>\n","protected":false},"excerpt":{"rendered":"<p>El 11 de mayo de 2023, los servicios de seguridad aduanera de Panam\u00e1 detuvieron a la persona de nombre \u201cTaher Ould Akik\u201d, sobrino del Jefe de Estado Mayor del Frente Polisario, Mohamed El-Wali Akik, acusado de contrabando de sumas de divisas ( valoradas en $65,000). El imputado fue presentado el mismo d\u00eda ante el Ministerio &hellip;<\/p>\n","protected":false},"author":1,"featured_media":1328,"comment_status":"open","ping_status":"open","sticky":false,"template":"","format":"standard","meta":{"footnotes":""},"categories":[26,24,1],"tags":[],"class_list":["post-1327","post","type-post","status-publish","format-standard","has-post-thumbnail","hentry","category-mundo","category-politica","category-1"],"jetpack_featured_media_url":"https:\/\/canaripress.com\/es\/wp-content\/uploads\/sites\/2\/2023\/05\/347771422_186627413907148_4523058800416922652_n.jpg","_links":{"self":[{"href":"https:\/\/canaripress.com\/es\/wp-json\/wp\/v2\/posts\/1327","targetHints":{"allow":["GET"]}}],"collection":[{"href":"https:\/\/canaripress.com\/es\/wp-json\/wp\/v2\/posts"}],"about":[{"href":"https:\/\/canaripress.com\/es\/wp-json\/wp\/v2\/types\/post"}],"author":[{"embeddable":true,"href":"https:\/\/canaripress.com\/es\/wp-json\/wp\/v2\/users\/1"}],"replies":[{"embeddable":true,"href":"https:\/\/canaripress.com\/es\/wp-json\/wp\/v2\/comments?post=1327"}],"version-history":[{"count":3,"href":"https:\/\/canaripress.com\/es\/wp-json\/wp\/v2\/posts\/1327\/revisions"}],"predecessor-version":[{"id":1332,"href":"https:\/\/canaripress.com\/es\/wp-json\/wp\/v2\/posts\/1327\/revisions\/1332"}],"wp:featuredmedia":[{"embeddable":true,"href":"https:\/\/canaripress.com\/es\/wp-json\/wp\/v2\/media\/1328"}],"wp:attachment":[{"href":"https:\/\/canaripress.com\/es\/wp-json\/wp\/v2\/media?parent=1327"}],"wp:term":[{"taxonomy":"category","embeddable":true,"href":"https:\/\/canaripress.com\/es\/wp-json\/wp\/v2\/categories?post=1327"},{"taxonomy":"post_tag","embeddable":true,"href":"https:\/\/canaripress.com\/es\/wp-json\/wp\/v2\/tags?post=1327"}],"curies":[{"name":"wp","href":"https:\/\/api.w.org\/{rel}","templated":true}]}}