{"id":1834,"date":"2025-05-14T15:01:27","date_gmt":"2025-05-14T13:01:27","guid":{"rendered":"https:\/\/canaripress.com\/es\/?p=1834"},"modified":"2025-05-14T15:02:59","modified_gmt":"2025-05-14T13:02:59","slug":"canarias-afianza-vinculos-de-cooperacion-con-el-sahara-marroqui-en-visita-oficial","status":"publish","type":"post","link":"https:\/\/canaripress.com\/es\/2025\/05\/14\/canarias-afianza-vinculos-de-cooperacion-con-el-sahara-marroqui-en-visita-oficial\/","title":{"rendered":"Canarias afianza v\u00ednculos de cooperaci\u00f3n con el S\u00e1hara marroqu\u00ed en visita oficial"},"content":{"rendered":"<div id=\"tdi_70\" class=\"tdc-row stretch_row_1400 td-stretch-content\">\n<div class=\"vc_row tdi_71 wpb_row td-pb-row tdc-element-style\">\n<div class=\"vc_column tdi_73 wpb_column vc_column_container tdc-column td-pb-span12\">\n<div class=\"wpb_wrapper\">\n<div class=\"td_block_wrap tdb_title tdi_75 tdb-single-title td-pb-border-top td_block_template_9\" data-td-block-uid=\"tdi_75\">\n<div class=\"tdb-block-inner td-fix-index\">\n<h1 class=\"tdb-title-text\"><\/h1>\n<\/div>\n<\/div>\n<\/div>\n<\/div>\n<\/div>\n<\/div>\n<div id=\"tdi_76\" class=\"tdc-row stretch_row_1400 td-stretch-content\">\n<div class=\"vc_row tdi_77 wpb_row td-pb-row tdc-element-style\">\n<div class=\"vc_column tdi_79 wpb_column vc_column_container tdc-column td-pb-span8\">\n<div class=\"wpb_wrapper\">\n<div class=\"td_block_wrap tdb_single_featured_image tdi_81 tdb-content-horiz-left td-pb-border-top td_block_template_9\" data-td-block-uid=\"tdi_81\">\n<div class=\"tdb-block-inner td-fix-index\"><a class=\"td-modal-image\" href=\"https:\/\/es.rue20.com\/wp-content\/uploads\/2025\/05\/IMG-20250513-WA0224-1024x682-1.jpg\" data-caption=\"\"><img loading=\"lazy\" decoding=\"async\" class=\"entry-thumb td-animation-stack-type0-2\" title=\"IMG-20250513-WA0224-1024x682\" src=\"https:\/\/es.rue20.com\/wp-content\/uploads\/2025\/05\/IMG-20250513-WA0224-1024x682-1.jpg\" sizes=\"auto, (max-width: 1024px) 100vw, 1024px\" srcset=\"https:\/\/es.rue20.com\/wp-content\/uploads\/2025\/05\/IMG-20250513-WA0224-1024x682-1.jpg 1024w, https:\/\/es.rue20.com\/wp-content\/uploads\/2025\/05\/IMG-20250513-WA0224-1024x682-1-300x200.jpg 300w, https:\/\/es.rue20.com\/wp-content\/uploads\/2025\/05\/IMG-20250513-WA0224-1024x682-1-768x512.jpg 768w, https:\/\/es.rue20.com\/wp-content\/uploads\/2025\/05\/IMG-20250513-WA0224-1024x682-1-150x100.jpg 150w, https:\/\/es.rue20.com\/wp-content\/uploads\/2025\/05\/IMG-20250513-WA0224-1024x682-1-696x464.jpg 696w\" alt=\"\" width=\"1024\" height=\"682\" \/><\/a><\/div>\n<\/div>\n<div class=\"vc_row_inner tdi_83 vc_row vc_inner wpb_row td-pb-row tdc-row-content-vert-center\">\n<div class=\"vc_column_inner tdi_85 wpb_column vc_column_container tdc-inner-column td-pb-span6\">\n<div class=\"vc_column-inner\">\n<div class=\"wpb_wrapper\">\n<div class=\"td_block_wrap tdb_single_post_share tdi_86 td-pb-border-top td_block_template_9\" data-td-block-uid=\"tdi_86\">\n<div id=\"tdi_86\" class=\"td-post-sharing tdb-block td-ps-bg td-ps-notext td-ps-rounded td-post-sharing-style3 \">\n<div class=\"td-post-sharing-visible\">\n<div class=\"td-social-but-icon\"><\/div>\n<\/div>\n<\/div>\n<\/div>\n<\/div>\n<\/div>\n<\/div>\n<\/div>\n<div class=\"td_block_wrap tdb_single_content tdi_90 td-pb-border-top td_block_template_9 td-post-content tagdiv-type\" data-td-block-uid=\"tdi_90\">\n<div class=\"tdb-block-inner td-fix-index\">\n<p>Una delegaci\u00f3n del municipio canario de La Oliva, encabezada por su alcalde, Isa\u00ed Blanco Marrero, visit\u00f3 hoy la regi\u00f3n de El Aai\u00fan-Saguia el Hamra con el objetivo de fortalecer la cooperaci\u00f3n bilateral con las provincias del sur de Marruecos.<\/p>\n<p>El encuentro, que tuvo lugar en la sede de la Wilaya, cont\u00f3 con la presencia del Wali de la regi\u00f3n, Abdeslam Bekrate, y el gobernador de la provincia de Bojador, Brahim Benbrahim.<\/p>\n<p><img loading=\"lazy\" decoding=\"async\" class=\"alignnone size-full wp-image-206511 td-animation-stack-type0-2\" title=\"Canarias afianza v\u00ednculos de cooperaci\u00f3n con el S\u00e1hara marroqu\u00ed en visita oficial 1\" src=\"https:\/\/es.rue20.com\/wp-content\/uploads\/2025\/05\/IMG-20250513-WA0202-1024x683-1.jpg\" sizes=\"auto, (max-width: 1024px) 100vw, 1024px\" srcset=\"https:\/\/es.rue20.com\/wp-content\/uploads\/2025\/05\/IMG-20250513-WA0202-1024x683-1.jpg 1024w, https:\/\/es.rue20.com\/wp-content\/uploads\/2025\/05\/IMG-20250513-WA0202-1024x683-1-300x200.jpg 300w, https:\/\/es.rue20.com\/wp-content\/uploads\/2025\/05\/IMG-20250513-WA0202-1024x683-1-768x512.jpg 768w, https:\/\/es.rue20.com\/wp-content\/uploads\/2025\/05\/IMG-20250513-WA0202-1024x683-1-150x100.jpg 150w, https:\/\/es.rue20.com\/wp-content\/uploads\/2025\/05\/IMG-20250513-WA0202-1024x683-1-696x464.jpg 696w\" alt=\"IMG 20250513 WA0202 1024x683 1\" width=\"1024\" height=\"683\" \/><\/p>\n<p><strong><em>Impresionados por el desarrollo regional<\/em><\/strong><\/p>\n<p>Durante la reuni\u00f3n, se revisaron los avances en el desarrollo de la regi\u00f3n desde la implementaci\u00f3n del modelo de desarrollo impulsado por SM el Rey Mohammed VI en 2015.<\/p>\n<p>La delegaci\u00f3n espa\u00f1ola se mostr\u00f3 impresionada por las transformaciones econ\u00f3micas, sociales y urban\u00edsticas, reconociendo el potencial de la regi\u00f3n como puente entre Canarias, \u00c1frica y Europa.<\/p>\n<p><img loading=\"lazy\" decoding=\"async\" class=\"alignnone size-full wp-image-206512 td-animation-stack-type0-2\" title=\"Canarias afianza v\u00ednculos de cooperaci\u00f3n con el S\u00e1hara marroqu\u00ed en visita oficial 2\" src=\"https:\/\/es.rue20.com\/wp-content\/uploads\/2025\/05\/IMG-20250513-WA0205-750x430-1.jpg\" sizes=\"auto, (max-width: 750px) 100vw, 750px\" srcset=\"https:\/\/es.rue20.com\/wp-content\/uploads\/2025\/05\/IMG-20250513-WA0205-750x430-1.jpg 750w, https:\/\/es.rue20.com\/wp-content\/uploads\/2025\/05\/IMG-20250513-WA0205-750x430-1-300x172.jpg 300w, https:\/\/es.rue20.com\/wp-content\/uploads\/2025\/05\/IMG-20250513-WA0205-750x430-1-150x86.jpg 150w, https:\/\/es.rue20.com\/wp-content\/uploads\/2025\/05\/IMG-20250513-WA0205-750x430-1-696x399.jpg 696w\" alt=\"IMG 20250513 WA0205 750x430 1\" width=\"750\" height=\"430\" \/><\/p>\n<p>El alcalde Blanco Marrero expres\u00f3 su admiraci\u00f3n por el progreso observado en El Aai\u00fan y reiter\u00f3 el inter\u00e9s de La Oliva en explorar nuevas v\u00edas de colaboraci\u00f3n en \u00e1reas como la inversi\u00f3n, el turismo y la cultura.<\/p>\n<p><strong><em>Marruecos intensifica su diplomacia en Canarias<\/em><\/strong><\/p>\n<p>Esta visita se enmarca en una estrategia diplom\u00e1tica marroqu\u00ed que busca estrechar lazos con Canarias y contrarrestar el discurso separatista en el archipi\u00e9lago.<\/p>\n<p>Marruecos, a trav\u00e9s de su Ministerio de Asuntos Exteriores y su red consular en Canarias, ha intensificado sus esfuerzos para promover la cooperaci\u00f3n y presentar su visi\u00f3n sobre el S\u00e1hara.<\/p>\n<div class=\"google-auto-placed ap_container\">\n<p>&nbsp;<\/p>\n<div id=\"aswift_2_host\"><\/div>\n<p>&nbsp;<\/p>\n<\/div>\n<p>El cambio de postura de \u00e9lites canarias, que ahora consideran la propuesta marroqu\u00ed de autonom\u00eda como la soluci\u00f3n m\u00e1s viable al conflicto artificial del S\u00e1hara, representa un avance significativo para la diplomacia marroqu\u00ed.<\/p>\n<p>Este giro pol\u00edtico, que aleja al archipi\u00e9lago de las posiciones separatistas, consolida la estrategia de Marruecos de afianzar la legitimidad de su proyecto para el S\u00e1hara.<\/p>\n<p>La jornada concluy\u00f3 con un encuentro con representantes electos del municipio de El Aai\u00fan, donde se intercambiaron obsequios en un ambiente de cordialidad.<\/p>\n<p>Ambas partes destacaron los lazos hist\u00f3ricos, geogr\u00e1ficos y humanos que unen a la regi\u00f3n con Canarias y manifestaron su voluntad de fortalecer la cooperaci\u00f3n en el futuro.<\/p>\n<\/div>\n<p>r20<\/p>\n<\/div>\n<\/div>\n<\/div>\n<\/div>\n<\/div>\n","protected":false},"excerpt":{"rendered":"<p>Una delegaci\u00f3n del municipio canario de La Oliva, encabezada por su alcalde, Isa\u00ed Blanco Marrero, visit\u00f3 hoy la regi\u00f3n de El Aai\u00fan-Saguia el Hamra con el objetivo de fortalecer la cooperaci\u00f3n bilateral con las provincias del sur de Marruecos. El encuentro, que tuvo lugar en la sede de la Wilaya, cont\u00f3 con la presencia del &hellip;<\/p>\n","protected":false},"author":1,"featured_media":1835,"comment_status":"open","ping_status":"open","sticky":false,"template":"","format":"standard","meta":{"footnotes":""},"categories":[27,43,44,28,24],"tags":[],"class_list":["post-1834","post","type-post","status-publish","format-standard","has-post-thumbnail","hentry","category-cultura","category-economia","category-economia-2","category-marroquies-del-mundo","category-politica"],"jetpack_featured_media_url":"https:\/\/canaripress.com\/es\/wp-content\/uploads\/sites\/2\/2025\/05\/IMG-20250513-WA0205-750x430-1.jpg","_links":{"self":[{"href":"https:\/\/canaripress.com\/es\/wp-json\/wp\/v2\/posts\/1834","targetHints":{"allow":["GET"]}}],"collection":[{"href":"https:\/\/canaripress.com\/es\/wp-json\/wp\/v2\/posts"}],"about":[{"href":"https:\/\/canaripress.com\/es\/wp-json\/wp\/v2\/types\/post"}],"author":[{"embeddable":true,"href":"https:\/\/canaripress.com\/es\/wp-json\/wp\/v2\/users\/1"}],"replies":[{"embeddable":true,"href":"https:\/\/canaripress.com\/es\/wp-json\/wp\/v2\/comments?post=1834"}],"version-history":[{"count":4,"href":"https:\/\/canaripress.com\/es\/wp-json\/wp\/v2\/posts\/1834\/revisions"}],"predecessor-version":[{"id":1839,"href":"https:\/\/canaripress.com\/es\/wp-json\/wp\/v2\/posts\/1834\/revisions\/1839"}],"wp:featuredmedia":[{"embeddable":true,"href":"https:\/\/canaripress.com\/es\/wp-json\/wp\/v2\/media\/1835"}],"wp:attachment":[{"href":"https:\/\/canaripress.com\/es\/wp-json\/wp\/v2\/media?parent=1834"}],"wp:term":[{"taxonomy":"category","embeddable":true,"href":"https:\/\/canaripress.com\/es\/wp-json\/wp\/v2\/categories?post=1834"},{"taxonomy":"post_tag","embeddable":true,"href":"https:\/\/canaripress.com\/es\/wp-json\/wp\/v2\/tags?post=1834"}],"curies":[{"name":"wp","href":"https:\/\/api.w.org\/{rel}","templated":true}]}}