{"id":1922,"date":"2025-06-24T00:07:03","date_gmt":"2025-06-23T22:07:03","guid":{"rendered":"https:\/\/canaripress.com\/es\/?p=1922"},"modified":"2025-06-24T00:07:04","modified_gmt":"2025-06-23T22:07:04","slug":"francia-necesita-310-000-inmigrantes-al-ano-por-el-invierno-demografico","status":"publish","type":"post","link":"https:\/\/canaripress.com\/es\/2025\/06\/24\/francia-necesita-310-000-inmigrantes-al-ano-por-el-invierno-demografico\/","title":{"rendered":"Francia necesita 310.000 inmigrantes al a\u00f1o por el invierno demogr\u00e1fico"},"content":{"rendered":"<div class=\"article-main margin-none\">\n<header class=\"article-main__header\">\n<h2 class=\"article-main__description\">El mantenimiento de la actividad en sectores cruciales y el pago de las pensiones, hace imprescindible la llegada de trabajadores extranjeros<\/h2>\n<div class=\"multimedia\">\n<figure><picture><source srcset=\"https:\/\/fotografias.larazon.es\/clipping\/cmsimages01\/2023\/12\/27\/521BF092-4167-43B0-A8E0-5ECA89F10A7A\/huelga-personal-torre-eiffel-centenario-muerte-creador_98.jpg?crop=1600,900,x0,y0&amp;width=1900&amp;height=1069&amp;optimize=low&amp;format=webply\" media=\"(min-width:1601px)\" \/><source srcset=\"https:\/\/fotografias.larazon.es\/clipping\/cmsimages01\/2023\/12\/27\/521BF092-4167-43B0-A8E0-5ECA89F10A7A\/huelga-personal-torre-eiffel-centenario-muerte-creador_97.jpg?crop=1600,900,x0,y0&amp;width=1600&amp;height=900&amp;optimize=low&amp;format=webply\" media=\"(min-width:1201px)\" \/><source srcset=\"https:\/\/fotografias.larazon.es\/clipping\/cmsimages01\/2023\/12\/27\/521BF092-4167-43B0-A8E0-5ECA89F10A7A\/huelga-personal-torre-eiffel-centenario-muerte-creador_96.jpg?crop=1600,900,x0,y0&amp;width=1200&amp;height=675&amp;optimize=low&amp;format=webply\" media=\"(min-width:1029px)\" \/><source srcset=\"https:\/\/fotografias.larazon.es\/clipping\/cmsimages01\/2023\/12\/27\/521BF092-4167-43B0-A8E0-5ECA89F10A7A\/huelga-personal-torre-eiffel-centenario-muerte-creador_95.jpg?crop=1600,900,x0,y0&amp;width=1028&amp;height=578&amp;optimize=medium&amp;format=webply\" media=\"(min-width:801px)\" \/><source srcset=\"https:\/\/fotografias.larazon.es\/clipping\/cmsimages01\/2023\/12\/27\/521BF092-4167-43B0-A8E0-5ECA89F10A7A\/huelga-personal-torre-eiffel-centenario-muerte-creador_94.jpg?crop=1600,900,x0,y0&amp;width=800&amp;height=450&amp;optimize=medium&amp;format=webply\" media=\"(min-width:481px)\" \/><source srcset=\"https:\/\/fotografias.larazon.es\/clipping\/cmsimages01\/2023\/12\/27\/521BF092-4167-43B0-A8E0-5ECA89F10A7A\/huelga-personal-torre-eiffel-centenario-muerte-creador_70.jpg?crop=1600,900,x0,y0&amp;width=480&amp;height=270&amp;optimize=high&amp;format=webply\" media=\"(min-width:391px)\" \/><source srcset=\"https:\/\/fotografias.larazon.es\/clipping\/cmsimages01\/2023\/12\/27\/521BF092-4167-43B0-A8E0-5ECA89F10A7A\/huelga-personal-torre-eiffel-centenario-muerte-creador_92.jpg?crop=1600,898,x0,y2&amp;width=390&amp;height=219&amp;optimize=high&amp;format=webply\" media=\"(min-width:321px)\" \/><source srcset=\"https:\/\/fotografias.larazon.es\/clipping\/cmsimages01\/2023\/12\/27\/521BF092-4167-43B0-A8E0-5ECA89F10A7A\/huelga-personal-torre-eiffel-centenario-muerte-creador_52.jpg?crop=1600,900,x0,y0&amp;width=320&amp;height=180&amp;optimize=high&amp;format=webply\" media=\"(max-width:320px)\" \/><\/picture>\n<div id=\"standard_1\" class=\"st-placement standard_1 inImageRestricted\">\n<div class=\"st-adunit st-adunit-tagged st-reset st-show\">\n<div class=\"st-adunit-ad st-reset\"><\/div>\n<\/div>\n<\/div>\n<\/figure>\n<\/div>\n<\/header>\n<\/div>\n<div class=\"article-main\">\n<div id=\"intext\" class=\"article-main__content\">\n<p data-mrf-recirculation=\"Art\u00edculo - enlaces p\u00e1rrafos\">Para apoyar su modelo social, mantener su econom\u00eda y compensar el envejecimiento de la poblaci\u00f3n, Francia tendr\u00e1 que recurrir a 310.000 trabajadores inmigrantes suplementarios al a\u00f1o, hasta 2040-2050. Seg\u00fan un informe del think tank Terra Nova, esta cifra ayudar\u00e1 a mantener la ratio activo-inactivo.<\/p>\n<p data-mrf-recirculation=\"Art\u00edculo - enlaces p\u00e1rrafos\">En 2022, Francia acogi\u00f3 a 331.000 inmigrantes. En las llamadas ocupaciones de alta demanda, como las de\u00a0<b>ayuda a domicilio, trabajadores de la construcci\u00f3n o personal de limpieza<\/b>, esta fuerza laboral tiene una especial demanda. Los trabajadores extranjeros ahora tambi\u00e9n est\u00e1n representados en otras profesiones calificadas, como lo demuestra<b>\u00a0el sector m\u00e9dico<\/b>, donde una quinta parte de los profesionales en Francia tienen t\u00edtulos de otros pa\u00edses. Difundido este lunes 12 de mayo, el informe analiza esta tendencia, a la luz del envejecimiento de la poblaci\u00f3n, el descenso de la tasa de natalidad, as\u00ed como de la tasa de activos\/inactivos, seg\u00fan recogen medios marroqu\u00edes.<\/p>\n<div data-mrf-experience=\"IL_UFE61ng5RNm03biwRi7kiQ\">\n<div class=\"hipz645\" data-testid=\"inline-header\"><\/div>\n<\/div>\n<p data-mrf-recirculation=\"Art\u00edculo - enlaces p\u00e1rrafos\">En su documento, el organismo tambi\u00e9n destac\u00f3 la importancia de la \u00abaceptabilidad\u00bb de la inmigraci\u00f3n, as\u00ed como la percepci\u00f3n de la inmigraci\u00f3n por parte de los franceses. Refiri\u00e9ndose a una encuesta del Centro de Investigaci\u00f3n para el Estudio y la Observaci\u00f3n de las Condiciones de Vida, considera que el 73% de los encuestados \u00absobreestiman la proporci\u00f3n de inmigrantes en la poblaci\u00f3n\u00bb, fijada en un 10,7% por el INSEE, pero generalmente percibida como \u00absuperior al 25%\u00bb.\u00a0<b>En este sentido, las opiniones favorables se decantan m\u00e1s bien por una inmigraci\u00f3n \u00abselectiva\u00bb, adaptada a las necesidades econ\u00f3micas.<\/b><\/p>\n<p data-mrf-recirculation=\"Art\u00edculo - enlaces p\u00e1rrafos\">El informe arroja luz sobre algunas predicciones reveladoras. Considera que para 2070, \u00abs\u00f3lo mantener una migraci\u00f3n neta elevada garantizar\u00e1 un aumento de la poblaci\u00f3n activa\u00bb. \u00abAl extender la din\u00e1mica demogr\u00e1fica laboral en los escenarios desarrollados previamente m\u00e1s all\u00e1 de 2040, las proyecciones de la poblaci\u00f3n activa muestran un descenso general para 2070\u00bb, indican los autores. La primera hip\u00f3tesis subraya entonces que una diferencia entre una tasa de fecundidad de 1,8 y una migraci\u00f3n neta persistentemente nula \u00abdar\u00eda lugar a una din\u00e1mica demogr\u00e1fica muy negativa\u00bb.<\/p>\n<div>\n<aside class=\"advertising\">\n<div id=\"right1\" class=\"henneoHB henneoHB_right\" data-google-query-id=\"CIqB16fEiI4DFcVwHQkdBGEDUA\">\n<div id=\"google_ads_iframe_34616581,21860712937\/larazon.es\/noticias\/noticia\/right1_0__container__\"><\/div>\n<\/div>\n<\/aside>\n<\/div>\n<p data-mrf-recirculation=\"Art\u00edculo - enlaces p\u00e1rrafos\">\u00abLa poblaci\u00f3n total alcanzar\u00eda los 60,3 millones en 2070, frente a los 66,9 millones de 2040. La poblaci\u00f3n mayor de 15 a\u00f1os alcanzar\u00eda los 53,2 millones, mientras que la de m\u00e1s de 64 a\u00f1os llegar\u00eda a los 20,7 millones\u00bb, prev\u00e9 el grupo de expertos.<\/p>\n<p data-mrf-recirculation=\"Art\u00edculo - enlaces p\u00e1rrafos\">Esta din\u00e1mica conducir\u00e1 inevitablemente a una disminuci\u00f3n de la poblaci\u00f3n activa, que no superar\u00eda los 28 millones de personas en 2070, en comparaci\u00f3n con los 30,3 millones de 2040, lo que tambi\u00e9n afectar\u00eda a la tasa de apoyo demogr\u00e1fico, establecida en 1,23 en 2020. Seg\u00fan Terra Nova, es probable que aumente a 1,13 en 2040 y a 1,05 en 2070. \u00abCon este escenario, en 2070, una persona inactiva se financiar\u00eda a trav\u00e9s de una persona activa o, dicho de otro modo, una persona activa tendr\u00eda que mantener a dos personas: a s\u00ed misma y a una persona inactiva\u00bb, afirm\u00f3 la fuente.<\/p>\n<div>\n<aside class=\"advertising\">\n<div id=\"right2\" class=\"henneoHB henneoHB_right\" data-google-query-id=\"CIuB16fEiI4DFcVwHQkdBGEDUA\">\n<div id=\"notsy_container_145983376\" class=\"LRZ_VIDEO_GAM_3\" data-notsy-container-index=\"1\" data-notsy-mapped-container=\"1\">\n<div id=\"video_81802-container\" class=\"nts-container\" data-mobile=\"0\">\n<div id=\"video_81802-sub-container\" class=\"ym-video--sub-container\">\n<div id=\"video_81802-float-container\" class=\"nts-float-container ym-float-container__sticky\">\n<div class=\"ym-video-sticky-close ym-video-sticky-close__md ym-video-sticky-close__square ym-video-sticky-close__top-left-side\">\n<div><\/div>\n<\/div>\n<\/div>\n<\/div>\n<\/div>\n<\/div>\n<\/div>\n<\/aside>\n<\/div>\n<p data-mrf-recirculation=\"Art\u00edculo - enlaces p\u00e1rrafos\">Como segunda hip\u00f3tesis, \u201csi la proyecci\u00f3n basada en los datos del escenario anterior lleva a un descenso de la poblaci\u00f3n activa hacia 2070, lo mismo ocurrir\u00eda con la basada en una hip\u00f3tesis de baja migraci\u00f3n neta (20.000 al a\u00f1o) y una tasa de fecundidad del 1,8\u201d. As\u00ed, la poblaci\u00f3n total se reducir\u00eda de casi 68 millones en 2040 a 64 millones en 2070. La poblaci\u00f3n mayor de 15 a\u00f1os se reducir\u00eda de 57,5 \u200b\u200bmillones en 2040 a 54,9 millones en 2070. Al mismo tiempo, \u00abla poblaci\u00f3n mayor de 64 a\u00f1os aumentar\u00eda ligeramente (20 millones en 2070 frente a 19 millones en 2040), mientras que la poblaci\u00f3n activa se reducir\u00eda de 30,3 millones en 2040 a 27,7 millones en 2070\u00bb. Por lo tanto, \u00abla tasa de apoyo demogr\u00e1fico se deteriorar\u00eda a\u00fan m\u00e1s r\u00e1pidamente que en el escenario anterior\u00bb.<\/p>\n<div>\n<aside class=\"advertising\">\n<div id=\"sunmedia2\" class=\"henneoHB sunmedia2\" data-mod=\"a3mod_sunmedia2\">\n<div id=\"sm-it-main-container-1750715759760\" class=\"sm-it-main-container\" data-it=\"a2b28a5f-3181-43a6-a787-be7c1a30dbba\" data-device=\"desktop\" data-index=\"0\">\n<div id=\"sm-reference-1750715759760\" class=\"sm-reference\"><\/div>\n<\/div>\n<\/div>\n<\/aside>\n<\/div>\n<div data-mrf-experience=\"IL_U4XlPMpeRAuJmHv02jJDMA\">\n<div class=\"hipz645\" data-testid=\"inline-header\"><\/div>\n<div class=\"rsxpmmh\">\n<div data-mrf-inline-removable=\"true\" data-mrf-recirculation=\"IL_U4XlPMpeRAuJmHv02jJDMA\" data-testid=\"text-html\">\n<section class=\"MrfRecommender\">En una tercera hip\u00f3tesis que indica una tasa de fecundidad de 1,6 hijos por mujer, con la misma migraci\u00f3n neta de 20.000 al a\u00f1o, \u00ablas proyecciones de la poblaci\u00f3n activa se deteriorar\u00edan a\u00fan m\u00e1s, llegando a 26,1 millones en 2070\u00bb. El informe destaca estimaciones de que \u00abuna diferencia de fertilidad de 0,2 puntos porcentuales podr\u00eda llevar a una p\u00e9rdida de casi 2,6 millones de personas activas para 2070&#8243;. \u00abLa tasa de apoyo demogr\u00e1fico tambi\u00e9n disminuir\u00eda: se situar\u00eda en 0,99 frente a 1,02 en el escenario anterior. En este caso, los inactivos superar\u00edan en n\u00famero a los activos&#8230;\u00bb, advierte el informe.<\/p>\n<\/section>\n<\/div>\n<\/div>\n<\/div>\n<p data-mrf-recirculation=\"Art\u00edculo - enlaces p\u00e1rrafos\">En una cuarta hip\u00f3tesis, un saldo migratorio de 120.000 personas al a\u00f1o y una tasa de fecundidad de 1,8 hijos por mujer permitir\u00edan mantener una poblaci\u00f3n activa que alcanzar\u00eda los 31,9 millones en 2070, frente a los 31,6 millones de 2040. \u00abLa diferencia con respecto al escenario con saldo migratorio cero y una tasa de fecundidad de 1,8 ser\u00eda de casi 3,8 millones de personas activas adicionales. No obstante, la tasa de apoyo demogr\u00e1fico se reducir\u00eda a 1,09. En este escenario, el 33% de la poblaci\u00f3n mayor de 15 a\u00f1os tendr\u00e1 m\u00e1s de 64 a\u00f1os\u00bb, se subraya.<\/p>\n<div>\n<aside class=\"advertising\">\n<div id=\"right3\" class=\"henneoHB henneoHB_right\" data-google-query-id=\"CIyB16fEiI4DFcVwHQkdBGEDUA\">\n<div id=\"google_ads_iframe_34616581,21860712937\/larazon.es\/noticias\/noticia\/right3_0__container__\"><\/div>\n<\/div>\n<\/aside>\n<\/div>\n<p data-mrf-recirculation=\"Art\u00edculo - enlaces p\u00e1rrafos\">A modo de comparaci\u00f3n, \u00abesta tasa aumenta al 35% en el escenario de baja migraci\u00f3n neta con una tasa de fertilidad del 1,8\u00bb. Para aumentar la poblaci\u00f3n activa en 2070 y \u00abcontener el deterioro de la tasa de apoyo demogr\u00e1fico, es necesario tener un saldo migratorio elevado\u00bb, insiste.<\/p>\n<p data-mrf-recirculation=\"Art\u00edculo - enlaces p\u00e1rrafos\">Considerando una alta tasa de fecundidad y una migraci\u00f3n neta elevada, un quinto escenario tambi\u00e9n indica que \u00abla poblaci\u00f3n activa aumentar\u00eda, impulsada por el crecimiento de la poblaci\u00f3n total en Francia\u00bb. En detalle, \u00abel n\u00famero de trabajadores activos aumentar\u00eda de 31,7 millones a 33,6 millones entre 2045 y 2070. Al mismo tiempo, la tasa de apoyo demogr\u00e1fico se mantendr\u00eda constante durante el per\u00edodo 2050-2070 y rondar\u00eda el 1,12\u00bb.<\/p>\n<p data-mrf-recirculation=\"Art\u00edculo - enlaces p\u00e1rrafos\">Aqu\u00ed es donde el think tank destac\u00f3 el objetivo de 310.000 nuevos inmigrantes al a\u00f1o para estabilizar la poblaci\u00f3n y mantener el modelo social en 2040 y 2050, al considerar que \u00abninguno de los escenarios presentados hasta ahora puede evitar el deterioro de la tasa de apoyo demogr\u00e1fico a largo plazo\u00bb. El informe afirma que \u00abla inmigraci\u00f3n es necesaria para compensar la tendencia a la baja de la poblaci\u00f3n activa y de la tasa de apoyo demogr\u00e1fico\u00bb, como ocurre en Italia, Alemania y Espa\u00f1a.<\/p>\n<div>\n<aside class=\"advertising\">\n<div id=\"right4\" class=\"henneoHB henneoHB_right\" data-google-query-id=\"CI2B16fEiI4DFcVwHQkdBGEDUA\">\n<div id=\"google_ads_iframe_34616581,21860712937\/larazon.es\/noticias\/noticia\/right4_0__container__\">\n<div class=\"ob-smartfeed-wrapper feedIdx-0\">\n<div id=\"outbrain_widget_0\" class=\"OUTBRAIN\" data-src=\"https:\/\/www.larazon.es\/sociedad\/francia-necesita-310000-inmigrantes-ano-invierno-demografico_202505136822ffdb57a5aa2cde21e98c.html\" data-widget-id=\"MB_5\" data-ob-mark=\"true\" data-browser=\"chrome\" data-os=\"win32\" data-dynload=\"\" data-idx=\"0\">\n<div class=\"ob-widget ob-feed-layout MB_5\">\n<div class=\"ob-cards\">\n<div id=\"outbrain_widget_1001\" class=\"OUTBRAIN\" data-src=\"https:\/\/www.larazon.es\/sociedad\/francia-necesita-310000-inmigrantes-ano-invierno-demografico_202505136822ffdb57a5aa2cde21e98c.html\" data-widget-id=\"FMS_CP_1\" data-card-idx=\"1\" data-feed-father-idx=\"0\" data-ob-mark=\"true\" data-browser=\"chrome\" data-os=\"win32\" data-dynload=\"\" data-idx=\"1001\">\n<div class=\"ob-widget ob-grid-layout FMS_CP_1 ob-feed-idx-0-9820-43247\" data-dynamic-truncate=\"true\">\n<div class=\"ob-widget-footer\">\n<div class=\"ob-pixels\"><\/div>\n<\/div>\n<\/div>\n<\/div>\n<\/div>\n<\/div>\n<\/div>\n<\/div>\n<\/div>\n<\/div>\n<\/aside>\n<\/div>\n<p data-mrf-recirculation=\"Art\u00edculo - enlaces p\u00e1rrafos\">H<b>asta ahora, la necesidad de inmigraci\u00f3n adicional antes de la reforma de las pensiones de 2023 ha sido de al menos 120.000 personas al a\u00f1o, para responder al descenso de la poblaci\u00f3n activa<\/b>\u00a0y de la tasa de apoyo demogr\u00e1fico, sin impedir un deterioro. Con la tendencia actual y las proyecciones futuras, destaca la necesidad de \u00ab515.380 personas activas entre 2025 y 2040 para estabilizar la tasa de apoyo\u00bb.<\/p>\n<p data-mrf-recirculation=\"Art\u00edculo - enlaces p\u00e1rrafos\">Sin embargo, esta tendencia no es espec\u00edfica de Francia. Los autores se\u00f1alan que \u00abmuchos pa\u00edses europeos experimentar\u00e1n, o ya est\u00e1n experimentando, situaciones similares\u00bb. De los 27 pa\u00edses de la Uni\u00f3n Europea, 21 ya tienen un saldo de crecimiento natural negativo y entre 6 y 7 pa\u00edses est\u00e1n perdiendo poblaci\u00f3n, como Hungr\u00eda, Grecia, Bulgaria, Polonia, Eslovaquia e Italia.\u00a0<b>En total, 15 de estos estados \u201cdeben su crecimiento poblacional \u00fanicamente a la inmigraci\u00f3n\u201d, en una zona donde la tasa de empleo alcanz\u00f3 el 74,6% y la de desempleo el 6,2% en 2022.<\/b><\/p>\n<div>\n<aside class=\"advertising\">\n<div id=\"right5\" class=\"henneoHB henneoHB_right\" data-google-query-id=\"CIGa4KfEiI4DFcVwHQkdBGEDUA\">\n<div id=\"google_ads_iframe_34616581,21860712937\/larazon.es\/noticias\/noticia\/right5_0__container__\"><\/div>\n<\/div>\n<\/aside>\n<\/div>\n<p data-mrf-recirculation=\"Art\u00edculo - enlaces p\u00e1rrafos\">Dentro de la UE, 38 profesiones tambi\u00e9n tienen \u00abuna gran demanda de mano de obra, en particular en los sectores de la salud, la hosteler\u00eda, la construcci\u00f3n y los servicios, la tecnolog\u00eda de la informaci\u00f3n y la seguridad, as\u00ed como en el campo STEM (ciencia, tecnolog\u00eda, ingenier\u00eda y matem\u00e1ticas)\u00bb, con necesidades identificadas de inmigraci\u00f3n laboral.<\/p>\n<\/div>\n<\/div>\n","protected":false},"excerpt":{"rendered":"<p>El mantenimiento de la actividad en sectores cruciales y el pago de las pensiones, hace imprescindible la llegada de trabajadores extranjeros Para apoyar su modelo social, mantener su econom\u00eda y compensar el envejecimiento de la poblaci\u00f3n, Francia tendr\u00e1 que recurrir a 310.000 trabajadores inmigrantes suplementarios al a\u00f1o, hasta 2040-2050. Seg\u00fan un informe del think tank &hellip;<\/p>\n","protected":false},"author":1,"featured_media":1923,"comment_status":"open","ping_status":"open","sticky":false,"template":"","format":"standard","meta":{"footnotes":""},"categories":[27,43,44,28,26],"tags":[],"class_list":["post-1922","post","type-post","status-publish","format-standard","has-post-thumbnail","hentry","category-cultura","category-economia","category-economia-2","category-marroquies-del-mundo","category-mundo"],"jetpack_featured_media_url":"https:\/\/canaripress.com\/es\/wp-content\/uploads\/sites\/2\/2025\/06\/lcoyd24055bd1.jpeg","_links":{"self":[{"href":"https:\/\/canaripress.com\/es\/wp-json\/wp\/v2\/posts\/1922","targetHints":{"allow":["GET"]}}],"collection":[{"href":"https:\/\/canaripress.com\/es\/wp-json\/wp\/v2\/posts"}],"about":[{"href":"https:\/\/canaripress.com\/es\/wp-json\/wp\/v2\/types\/post"}],"author":[{"embeddable":true,"href":"https:\/\/canaripress.com\/es\/wp-json\/wp\/v2\/users\/1"}],"replies":[{"embeddable":true,"href":"https:\/\/canaripress.com\/es\/wp-json\/wp\/v2\/comments?post=1922"}],"version-history":[{"count":1,"href":"https:\/\/canaripress.com\/es\/wp-json\/wp\/v2\/posts\/1922\/revisions"}],"predecessor-version":[{"id":1924,"href":"https:\/\/canaripress.com\/es\/wp-json\/wp\/v2\/posts\/1922\/revisions\/1924"}],"wp:featuredmedia":[{"embeddable":true,"href":"https:\/\/canaripress.com\/es\/wp-json\/wp\/v2\/media\/1923"}],"wp:attachment":[{"href":"https:\/\/canaripress.com\/es\/wp-json\/wp\/v2\/media?parent=1922"}],"wp:term":[{"taxonomy":"category","embeddable":true,"href":"https:\/\/canaripress.com\/es\/wp-json\/wp\/v2\/categories?post=1922"},{"taxonomy":"post_tag","embeddable":true,"href":"https:\/\/canaripress.com\/es\/wp-json\/wp\/v2\/tags?post=1922"}],"curies":[{"name":"wp","href":"https:\/\/api.w.org\/{rel}","templated":true}]}}