{"id":1961,"date":"2025-07-01T02:16:42","date_gmt":"2025-07-01T00:16:42","guid":{"rendered":"https:\/\/canaripress.com\/es\/?p=1961"},"modified":"2025-07-01T02:16:53","modified_gmt":"2025-07-01T00:16:53","slug":"mbappe-denuncia-al-psg-por-acoso-moral","status":"publish","type":"post","link":"https:\/\/canaripress.com\/es\/2025\/07\/01\/mbappe-denuncia-al-psg-por-acoso-moral\/","title":{"rendered":"Mbapp\u00e9 denuncia al PSG por acoso moral"},"content":{"rendered":"<div class=\"post-detail__bar\">\n<div class=\"pd-actions\"><\/div>\n<\/div>\n<div id=\"detail-txt\" class=\"text-detail\">\n<p><a href=\"https:\/\/es.walaw.press\/article\/GMRXFPGXFPFX\" target=\"_blank\" rel=\"noopener\"><strong>Kylian Mbapp\u00e9<\/strong><\/a>\u00a0ha presentado una denuncia contra su antiguo club,\u00a0<a href=\"https:\/\/es.walaw.press\/article\/GMSMPLFQLLFX\" target=\"_blank\" rel=\"noopener\"><strong>el Paris Saint-Germain<\/strong><\/a>, por presunto acoso moral. Este nuevo episodio se suma al largo conflicto entre el delantero franc\u00e9s y la entidad parisina. La queja, interpuesta el 16 de mayo en Par\u00eds, fue revelada el 26 de junio. El jugador sigue reclamando m\u00e1s de 55 millones de euros en salarios y primas que asegura no haber recibido tras su salida como agente libre en 2024.<\/p>\n<p>Una fuente cercana al caso indic\u00f3 que se han asignado dos jueces de instrucci\u00f3n y se ha abierto una investigaci\u00f3n judicial contra persona desconocida.<\/p>\n<p>En la denuncia, Mbapp\u00e9 menciona como hecho central su exclusi\u00f3n del equipo y su traslado\u00a0<strong>al \u00abloft\u00bb<\/strong>\u00a0del PSG durante el verano de 2023. En aquel momento, se neg\u00f3 a renovar o abandonar el club a pesar de que solo le quedaba un a\u00f1o de contrato. Como consecuencia, fue apartado del grupo y no particip\u00f3 en la gira de pretemporada en Jap\u00f3n.<\/p>\n<p>Tras nuevas negociaciones, Mbapp\u00e9 fue reincorporado al equipo y complet\u00f3 la temporada antes de firmar con\u00a0<a href=\"https:\/\/es.walaw.press\/article\/GMSQSFMQFWRF\" target=\"_blank\" rel=\"noopener\"><strong>el Real Madrid<\/strong><\/a>\u00a0en junio de 2024.<\/p>\n<p><strong>Su salida ha sido el origen de tensiones y m\u00faltiples conflictos, especialmente de car\u00e1cter financiero. Esta nueva acci\u00f3n judicial parece agravar a\u00fan m\u00e1s la situaci\u00f3n entre ambas partes.<\/strong><\/p>\n<\/div>\n","protected":false},"excerpt":{"rendered":"<p>Kylian Mbapp\u00e9\u00a0ha presentado una denuncia contra su antiguo club,\u00a0el Paris Saint-Germain, por presunto acoso moral. Este nuevo episodio se suma al largo conflicto entre el delantero franc\u00e9s y la entidad parisina. La queja, interpuesta el 16 de mayo en Par\u00eds, fue revelada el 26 de junio. El jugador sigue reclamando m\u00e1s de 55 millones de &hellip;<\/p>\n","protected":false},"author":1,"featured_media":1962,"comment_status":"open","ping_status":"open","sticky":false,"template":"","format":"standard","meta":{"footnotes":""},"categories":[25],"tags":[],"class_list":["post-1961","post","type-post","status-publish","format-standard","has-post-thumbnail","hentry","category-deportes"],"jetpack_featured_media_url":"https:\/\/canaripress.com\/es\/wp-content\/uploads\/sites\/2\/2025\/07\/685dde2ec840d8c2fb034368.jpg","_links":{"self":[{"href":"https:\/\/canaripress.com\/es\/wp-json\/wp\/v2\/posts\/1961","targetHints":{"allow":["GET"]}}],"collection":[{"href":"https:\/\/canaripress.com\/es\/wp-json\/wp\/v2\/posts"}],"about":[{"href":"https:\/\/canaripress.com\/es\/wp-json\/wp\/v2\/types\/post"}],"author":[{"embeddable":true,"href":"https:\/\/canaripress.com\/es\/wp-json\/wp\/v2\/users\/1"}],"replies":[{"embeddable":true,"href":"https:\/\/canaripress.com\/es\/wp-json\/wp\/v2\/comments?post=1961"}],"version-history":[{"count":2,"href":"https:\/\/canaripress.com\/es\/wp-json\/wp\/v2\/posts\/1961\/revisions"}],"predecessor-version":[{"id":1964,"href":"https:\/\/canaripress.com\/es\/wp-json\/wp\/v2\/posts\/1961\/revisions\/1964"}],"wp:featuredmedia":[{"embeddable":true,"href":"https:\/\/canaripress.com\/es\/wp-json\/wp\/v2\/media\/1962"}],"wp:attachment":[{"href":"https:\/\/canaripress.com\/es\/wp-json\/wp\/v2\/media?parent=1961"}],"wp:term":[{"taxonomy":"category","embeddable":true,"href":"https:\/\/canaripress.com\/es\/wp-json\/wp\/v2\/categories?post=1961"},{"taxonomy":"post_tag","embeddable":true,"href":"https:\/\/canaripress.com\/es\/wp-json\/wp\/v2\/tags?post=1961"}],"curies":[{"name":"wp","href":"https:\/\/api.w.org\/{rel}","templated":true}]}}