{"id":1994,"date":"2025-08-02T02:07:28","date_gmt":"2025-08-02T00:07:28","guid":{"rendered":"https:\/\/canaripress.com\/es\/?p=1994"},"modified":"2025-08-02T02:07:28","modified_gmt":"2025-08-02T00:07:28","slug":"un-partido-politico-espanol-presenta-una-demanda-contra-vox","status":"publish","type":"post","link":"https:\/\/canaripress.com\/es\/2025\/08\/02\/un-partido-politico-espanol-presenta-una-demanda-contra-vox\/","title":{"rendered":"Un partido pol\u00edtico espa\u00f1ol presenta una demanda contra Vox"},"content":{"rendered":"<header class=\"entry-header-outer\">\n<div class=\"entry-header\">\n<h1 class=\"post-title entry-title\"><\/h1>\n<\/div>\n<\/header>\n<div id=\"share-buttons-top\" class=\"share-buttons share-buttons-top\">\n<div class=\"share-links  icons-only\"><\/div>\n<\/div>\n<div class=\"featured-area\">\n<div class=\"featured-area-inner\">\n<figure class=\"single-featured-image\"><img loading=\"lazy\" decoding=\"async\" class=\"attachment-jannah-image-post size-jannah-image-post wp-post-image\" src=\"https:\/\/i0.wp.com\/canaripress.com\/wp-content\/uploads\/2025\/08\/images-Copie.png?resize=424%2C177&amp;ssl=1\" sizes=\"auto, (max-width: 424px) 100vw, 424px\" srcset=\"https:\/\/i0.wp.com\/canaripress.com\/wp-content\/uploads\/2025\/08\/images-Copie.png?w=424&amp;ssl=1 424w, https:\/\/i0.wp.com\/canaripress.com\/wp-content\/uploads\/2025\/08\/images-Copie.png?resize=300%2C125&amp;ssl=1 300w\" alt=\"\" width=\"424\" height=\"177\" data-main-img=\"1\" \/><\/figure>\n<\/div>\n<\/div>\n<div class=\"entry-content entry clearfix\">\n<p><span>En un interesante desarrollo en Espa\u00f1a, los partidos pol\u00edticos han presentado una demanda contra el partido de extrema derecha Vox por cargos de incitaci\u00f3n al odio y la violencia contra la comunidad marroqu\u00ed, tras incidentes racistas en la ciudad de Torre Pacheco.<\/span><\/p>\n<p><span>El partido espa\u00f1ol Partido Renacimiento y Uni\u00f3n de Europa (PRUNE), presidido por Mohamed Benhamou, de origen marroqu\u00ed, interpuso una demanda contra Vox, representado por su presidente, Santiago Abascal Conde. El peri\u00f3dico \u00abCanaripress\u00bb obtuvo una copia de la demanda, que declaraba:<\/span><\/p>\n<p><img loading=\"lazy\" decoding=\"async\" class=\"alignnone wp-image-10469 size-large\" src=\"https:\/\/i0.wp.com\/canaripress.com\/wp-content\/uploads\/2025\/08\/524126466_1414093039709244_3487571112411268962_n.jpg?resize=708%2C1015&amp;ssl=1\" sizes=\"auto, (max-width: 708px) 100vw, 708px\" srcset=\"https:\/\/i0.wp.com\/canaripress.com\/wp-content\/uploads\/2025\/08\/524126466_1414093039709244_3487571112411268962_n.jpg?resize=714%2C1024&amp;ssl=1 714w, https:\/\/i0.wp.com\/canaripress.com\/wp-content\/uploads\/2025\/08\/524126466_1414093039709244_3487571112411268962_n.jpg?resize=209%2C300&amp;ssl=1 209w, https:\/\/i0.wp.com\/canaripress.com\/wp-content\/uploads\/2025\/08\/524126466_1414093039709244_3487571112411268962_n.jpg?resize=768%2C1101&amp;ssl=1 768w, https:\/\/i0.wp.com\/canaripress.com\/wp-content\/uploads\/2025\/08\/524126466_1414093039709244_3487571112411268962_n.jpg?resize=1071%2C1536&amp;ssl=1 1071w, https:\/\/i0.wp.com\/canaripress.com\/wp-content\/uploads\/2025\/08\/524126466_1414093039709244_3487571112411268962_n.jpg?w=1428&amp;ssl=1 1428w\" alt=\"\" width=\"708\" height=\"1015\" data-recalc-dims=\"1\" \/><\/p>\n<p><span>Primero: El 9 de julio de 2025, un residente de la localidad murciana de Torre Pacheco fue agredido. Desde entonces, se han perpetrado ataques aleatorios contra inmigrantes de origen marroqu\u00ed y argelino.<\/span><\/p>\n<p><span>En segundo lugar, desde la sede de este partido pol\u00edtico, y a trav\u00e9s de sus militantes y simpatizantes, se difundieron mensajes xen\u00f3fobos y discriminatorios a trav\u00e9s de redes sociales y grupos de WhatsApp, llamando a la movilizaci\u00f3n de sus seguidores y aliados ideol\u00f3gicos para perseguir a estos grupos poblacionales, en su mayor\u00eda trabajadores, la mayor\u00eda de los cuales trabajan en el sector agr\u00edcola cercano a este municipio.<\/span><\/p>\n<p><span>En tercer lugar, cuando se produjeron estos disturbios, las fuerzas de seguridad del Gobierno tuvieron que intervenir para controlar la situaci\u00f3n, lo que estaba provocando un deterioro de la convivencia entre vecinos y provocando temor entre los ni\u00f1os y familiares objeto de estas protestas.<\/span><\/p>\n<p><span>Cuarto: Continuar los anuncios y mensajes y publicarlos en redes sociales, los d\u00edas 15, 16 y 17 de julio de 2025, bajo el lema de persecuci\u00f3n a los inmigrantes.<\/span><\/p>\n<p><span>Quinto: Como resultado de estas acciones hostiles y para evitar la escalada de hostilidades, se cerraron los templos de culto isl\u00e1mico, restringiendo as\u00ed la libertad de culto.<\/span><\/p>\n<p><span>Sexto: El se\u00f1or Santiago Abascal Conde, con su ret\u00f3rica xen\u00f3foba, racista y discriminatoria contra los musulmanes, es el principal promotor e instigador de estas atrocidades, que no tienen cabida en nuestro Estado de derecho, y contin\u00faa difundiendo estas declaraciones a trav\u00e9s de todos los medios de comunicaci\u00f3n disponibles.<\/span><\/p>\n<p><span>Solicito al tribunal que considere esta denuncia como presentada, la acepte, ordene los procedimientos penales correspondientes y tome las medidas necesarias para esclarecer los hechos descritos.<\/span><\/p>\n<p><span>En Moyet del Valle 15-07-2025<\/span><\/p>\n<\/div>\n","protected":false},"excerpt":{"rendered":"<p>En un interesante desarrollo en Espa\u00f1a, los partidos pol\u00edticos han presentado una demanda contra el partido de extrema derecha Vox por cargos de incitaci\u00f3n al odio y la violencia contra la comunidad marroqu\u00ed, tras incidentes racistas en la ciudad de Torre Pacheco. El partido espa\u00f1ol Partido Renacimiento y Uni\u00f3n de Europa (PRUNE), presidido por Mohamed &hellip;<\/p>\n","protected":false},"author":1,"featured_media":1995,"comment_status":"open","ping_status":"open","sticky":false,"template":"","format":"standard","meta":{"footnotes":""},"categories":[28,26,24],"tags":[],"class_list":["post-1994","post","type-post","status-publish","format-standard","has-post-thumbnail","hentry","category-marroquies-del-mundo","category-mundo","category-politica"],"jetpack_featured_media_url":"https:\/\/canaripress.com\/es\/wp-content\/uploads\/sites\/2\/2025\/08\/images-Copie.png","_links":{"self":[{"href":"https:\/\/canaripress.com\/es\/wp-json\/wp\/v2\/posts\/1994","targetHints":{"allow":["GET"]}}],"collection":[{"href":"https:\/\/canaripress.com\/es\/wp-json\/wp\/v2\/posts"}],"about":[{"href":"https:\/\/canaripress.com\/es\/wp-json\/wp\/v2\/types\/post"}],"author":[{"embeddable":true,"href":"https:\/\/canaripress.com\/es\/wp-json\/wp\/v2\/users\/1"}],"replies":[{"embeddable":true,"href":"https:\/\/canaripress.com\/es\/wp-json\/wp\/v2\/comments?post=1994"}],"version-history":[{"count":1,"href":"https:\/\/canaripress.com\/es\/wp-json\/wp\/v2\/posts\/1994\/revisions"}],"predecessor-version":[{"id":1996,"href":"https:\/\/canaripress.com\/es\/wp-json\/wp\/v2\/posts\/1994\/revisions\/1996"}],"wp:featuredmedia":[{"embeddable":true,"href":"https:\/\/canaripress.com\/es\/wp-json\/wp\/v2\/media\/1995"}],"wp:attachment":[{"href":"https:\/\/canaripress.com\/es\/wp-json\/wp\/v2\/media?parent=1994"}],"wp:term":[{"taxonomy":"category","embeddable":true,"href":"https:\/\/canaripress.com\/es\/wp-json\/wp\/v2\/categories?post=1994"},{"taxonomy":"post_tag","embeddable":true,"href":"https:\/\/canaripress.com\/es\/wp-json\/wp\/v2\/tags?post=1994"}],"curies":[{"name":"wp","href":"https:\/\/api.w.org\/{rel}","templated":true}]}}