{"id":2000,"date":"2025-08-14T16:43:56","date_gmt":"2025-08-14T14:43:56","guid":{"rendered":"https:\/\/canaripress.com\/es\/?p=2000"},"modified":"2025-08-14T16:43:56","modified_gmt":"2025-08-14T14:43:56","slug":"interceptado-un-remolcador-al-oeste-de-canarias-que-transportaba-tres-toneladas-de-cocainavideo","status":"publish","type":"post","link":"https:\/\/canaripress.com\/es\/2025\/08\/14\/interceptado-un-remolcador-al-oeste-de-canarias-que-transportaba-tres-toneladas-de-cocainavideo\/","title":{"rendered":"Interceptado un remolcador al oeste de Canarias que transportaba tres toneladas de coca\u00edna+video"},"content":{"rendered":"<h2 class=\"titulo\"><\/h2>\n<p><iframe loading=\"lazy\" title=\"Interceptado un remolcador al oeste de Canarias que transportaba tres toneladas de coca\u00edna\" width=\"500\" height=\"281\" src=\"https:\/\/www.youtube.com\/embed\/6Ey957s1LG0?start=75&#038;feature=oembed\" frameborder=\"0\" allow=\"accelerometer; autoplay; clipboard-write; encrypted-media; gyroscope; picture-in-picture; web-share\" referrerpolicy=\"strict-origin-when-cross-origin\" allowfullscreen><\/iframe><\/p>\n<div class=\"seccion_inicio\">\n<div class=\"descripcion\">\n<div id=\"ctl00_PlaceHolderMain_LangDivWrapper2\">\n<ul>\n<li>\u200b\u200b\u200b\u200bDetenidos los cinco tripulantes a bordo de la embarcaci\u00f3n con bandera camerunesa<\/li>\n<li>La operaci\u00f3n ha contado con la colaboraci\u00f3n internacional de los servicios policiales de Marruecos, Francia, Estados Unidos, Reino Unido, Portugal, y los organismos de coordinaci\u00f3n CITCO y MAOC-N\u200b<\/li>\n<\/ul>\n<\/div>\n<\/div>\n<\/div>\n<div class=\"clear\"><\/div>\n<div class=\"seccion_texto\">\n<div>\n<div class=\"compartir\">\n<div class=\"enlaces\"><\/div>\n<\/div>\n<\/div>\n<div class=\"foto\">\n<div class=\"Izquierda\">\n<div id=\"ctl00_PlaceHolderMain_ldw2\"><img decoding=\"async\" src=\"https:\/\/www.hacienda.gob.es\/es-ES\/Prensa\/Noticias\/PublishingImages\/20250813-OPERACION-BUQUE-CANARIAS.jpeg\" alt=\"\" \/><\/div>\n<\/div>\n<\/div>\n<div class=\"texto\">\n<div id=\"ctl00_PlaceHolderMain_ldwBottomText\">\n<p>\u200bEl Servicio de Vigilancia Aduanera de la Agencia Tributaria y la Guardia Civil han interceptado una embarcaci\u00f3n tipo remolcador de nombre \u2018Sky White\u2019, que transportaba en su interior unos 3.000 kilos de coca\u00edna repartidos en 80 fardos de distintos tama\u00f1os.<\/p>\n<p>Desde el verano de 2024 se sospechaba que esta embarcaci\u00f3n era utilizada para el tr\u00e1fico internacional a gran escala de estupefaciente y gracias a la cooperaci\u00f3n internacional se ha podido interceptar. Sus tripulantes han sido detenidos.<\/p>\n<p>La operaci\u00f3n tiene su origen en un caso que la Direcci\u00f3n de Investigaci\u00f3n e Inteligencia de la Aduana Francesa (DNRED) ven\u00eda desarrollando junto a las autoridades de Marruecos sobre el grupo criminal que operaba con esta embarcaci\u00f3n, que utilizaba el puerto de Dajla para eludir a las autoridades de pa\u00edses europeos. Desde este puerto, el \u2018Sky White\u2019 realizaba varios trayectos al a\u00f1o cruzando el Atl\u00e1ntico para regresar con importantes cantidades de coca\u00edna que ten\u00edan como destino final el continente europeo.<\/p>\n<p>Este caso tuvo conexi\u00f3n con la investigaci\u00f3n desarrollada en Espa\u00f1a entre el Servicio de Vigilancia Aduanera de la Agencia Tributaria y la Guardia Civil en la que se investigaba al \u2018Sky White\u2019 como embarcaci\u00f3n nodriza encargada de entregar estupefacientes a otras embarcaciones menores en zonas cercanas a las Islas Canarias o la Pen\u00ednsula Ib\u00e9rica.<\/p>\n<p>Esta investigaci\u00f3n cont\u00f3 con el apoyo de los servicios policiales de Reino Unido (NCA), Estados Unidos (DEA) y Portugal (Polic\u00eda Judiciaria), coordinados a trav\u00e9s del Centro de Inteligencia con el Terrorismo y el Crimen Organizado (CITCO) y del Centro de An\u00e1lisis contra el Narcotr\u00e1fico Mar\u00edtimo en el Atl\u00e1ntico (MAOC-N).<\/p>\n<p>Con el apoyo de las Fuerzas Armadas espa\u00f1olas, se estableci\u00f3 un dispositivo de abordaje sobre el barco que tuvo lugar en aguas internacionales al oeste de las Islas Canarias y que fue realizado desde un buque de la Armada por efectivos de la Unidad Especial de Intervenci\u00f3n de Guardia Civil.<\/p>\n<p>En la embarcaci\u00f3n, tipo remolcador con 22 metros de eslora, se descubrieron unos 3.000 kilos de coca\u00edna ocultos en el interior de su estructura. La nave presentaba un estado deplorable para la navegaci\u00f3n, con serias deficiencias de seguridad que supon\u00edan un grave riesgo para la propia tripulaci\u00f3n, cuatro individuos originarios de Bangladesh y uno de Venezuela, que fueron detenidos como presuntos autores de un delito de tr\u00e1fico de drogas.<\/p>\n<p>El operativo ha culminado con la llegada del buque de la Armada a Tenerife para la descarga de la droga y posterior puesta a disposici\u00f3n judicial de los detenidos<\/p>\n<p><strong>Ruta atl\u00e1ntica<\/strong><\/p>\n<p>Esta operaci\u00f3n se suma a la lucha contra el tr\u00e1fico de drogas en la denominada \u2018Ruta Atl\u00e1ntica\u2019 de la coca\u00edna, conocida por ser utilizada por veleros, pesqueros, mercantes y, como en esta ocasi\u00f3n, embarcaciones semirr\u00edgidas que, procedentes de Sudam\u00e9rica y el Caribe, transbordan las sustancias estupefacientes en mitad del Atl\u00e1ntico para su posterior introducci\u00f3n en el continente europeo.<\/p>\n<p>El \u00e9xito de este tipo de actuaciones es fruto del trabajo de colaboraci\u00f3n entre organismos especializados en la cooperaci\u00f3n en inteligencia criminal en \u00e1mbito nacional, europeo o internacional, como CITCO o MAOC-N, y los diferentes cuerpos policiales y aduaneros espa\u00f1oles y franceses, adem\u00e1s del firme apoyo de las autoridades marroqu\u00edes.<\/p>\n<header class=\"headline\">\n<div class=\"top-info\">\n<h3 class=\"type\"><\/h3>\n<\/div>\n<\/header>\n<div class=\"contenido imagen_izquierda imagen_mediana\">\n<div class=\"contenido-bloque-imagenes-contenedor\">\n<div class=\"contenido-bloque-imagen-contenedor\"><img decoding=\"async\" title=\"Interceptado un remolcador al oeste de Canarias que transportaba tres toneladas de coca\u00edna\" src=\"https:\/\/web.guardiacivil.es\/export\/sites\/guardiaCivil\/.galleries\/Noticias\/13-08-2025_op_skywhite_UCO_conjunta_AEAT_01.jpg\" alt=\"\" \/><\/div>\n<\/div>\n<div class=\"cuerpo\">\n<div class=\"ft-layout-grid-flex__colXs-12 ft-layout-grid-flex__colSm-7 ft-layout-grid-flex__colMd-8\">\n<div class=\"ft-layout-grid-flex__nested ft-layout-grid-flex__nestedGutter-0\">\n<div class=\"ft-layout-grid-flex__colXs-12 ft-layout-grid-flex__colSm-11\" data-aida-text=\"\">\n<figure class=\"ft-img\" data-aida-image=\"\">\n<div id=\"standard_1\" class=\"st-placement standard_1 inImage\">\n<div class=\"st-adunit st-adunit-tagged st-reset st-show\"><\/div>\n<\/div>\n<picture><img loading=\"lazy\" decoding=\"async\" class=\"ft-helper-img-rd\" src=\"https:\/\/estaticos-cdn.prensaiberica.es\/clip\/5e0587be-ad09-4c72-8bab-d7a72b727937_alta-libre-aspect-ratio_default_0.jpg\" alt=\"Coca\u00edna incautada por los polic\u00edas espa\u00f1oles.\" width=\"1200\" height=\"689\" \/><\/picture><figcaption data-aida-caption=\"\">\n<p class=\"ft-helper-fontColor-quaternary ft-helper-fontSize-body-S ft-helper-spacer-t-xxs\">\n<\/figcaption><\/figure>\n<p class=\"ft-text\">\n<p class=\"ft-text\">\n<p class=\"ft-text\">\n<div class=\"ft-mol-related\"><\/div>\n<header class=\"ft-layout-grid-flex__colXs-12 ft-layout-grid-flex__rowAddsGutter-0\">\n<h2 class=\"ft-mol-subtitle ft-mol-subtitle--listSimple ft-helper-fontColor-quaternary\" data-aida-subtitle=\"\"><\/h2>\n<\/header>\n<div class=\"ft-layout-grid-flex__colXs-12 ft-layout-grid-flex__colSm-7 ft-layout-grid-flex__colMd-8\">\n<div class=\"ft-mol-multimedia\">\n<div class=\"ft-mol-multimedia__container\">\n<div id=\"video_56008_wrap\">\n<div id=\"video_56008_player\" class=\"jwplayer jw-reset jw-state-paused jw-stretch-uniform jw-flag-aspect-mode jw-breakpoint-4 jw-floating-dismissible jw-flag-user-inactive\" tabindex=\"0\" role=\"application\" aria-label=\"Video Player - Interceptado remolcador con 3.000 kg de coca\u00edna al oeste de Canarias | Operaci\u00f3n internacional antidroga\" data-compass-listening=\"true\">\n<div class=\"jw-aspect jw-reset\"><\/div>\n<div class=\"jw-wrapper jw-reset\">\n<div>\n<div>\n<div><\/div>\n<\/div>\n<\/div>\n<div class=\"jw-overlays jw-reset\">\n<div id=\"video_56008_player_jwpsrv\" class=\"jw-plugin jw-reset\"><\/div>\n<\/div>\n<div class=\"jw-hidden-accessibility\"><\/div>\n<div class=\"jw-controls jw-reset\">\n<div class=\"jw-controlbar jw-reset\">\n<div class=\"jw-reset jw-button-container\">\n<div class=\"jw-reset jw-spacer\"><\/div>\n<div class=\"jw-icon jw-icon-inline jw-button-color jw-reset jw-icon-settings jw-settings-submenu-button\" tabindex=\"0\" role=\"button\" aria-label=\"Configuraci\u00f3n\" aria-controls=\"jw-video_56008_player-settings-menu\" aria-expanded=\"false\">\n<div class=\"jw-reset-text jw-tooltip jw-tooltip-settings\" dir=\"auto\">\n<div class=\"jw-text\"><\/div>\n<\/div>\n<\/div>\n<div class=\"jw-icon jw-icon-inline jw-button-color jw-reset jw-icon-fullscreen\" tabindex=\"0\" role=\"button\" aria-label=\"Pantalla Completa\">\n<div class=\"jw-reset-text jw-tooltip jw-tooltip-fullscreen\" dir=\"auto\">\n<div class=\"jw-text\"><\/div>\n<\/div>\n<\/div>\n<\/div>\n<\/div>\n<\/div>\n<\/div>\n<div class=\"afs_ads ad-placement\"><\/div>\n<\/div>\n<\/div>\n<\/div>\n<figure><figcaption>\n<p class=\"ft-helper-fontColor-quaternary ft-helper-fontSize-body-S ft-helper-spacer-t-xxs\">\n<\/figcaption><\/figure>\n<\/div>\n<div class=\"ft-mol-writer ft-mol-writer--side ft-mol-writer--sideHasimage\"><\/div>\n<div class=\"ft-layout-grid-flex__nested ft-layout-grid-flex__nestedGutter-0\">\n<div class=\"ft-layout-grid-flex__colXs-12 ft-layout-grid-flex__colSm-11\" data-aida-text=\"\">\n<p class=\"ft-text\">\n<aside class=\"ft-ad ft-ad--intext  ft-helper-hide-xs\">\n<div id=\"intext-desktop-1\">\n<div id=\"intext-sunmedia-1\">\n<div id=\"sm-it-main-container-1755181768145\" class=\"sm-it-main-container\" data-it=\"a56186b8-0b76-4fb3-9caa-e6dece616cbc\" data-device=\"desktop\" data-index=\"0\"><\/div>\n<\/div>\n<\/div>\n<\/aside>\n<\/div>\n<\/div>\n<\/div>\n<\/div>\n<\/div>\n<\/div>\n<\/div>\n<\/div>\n<\/div>\n<\/div>\n<\/div>\n","protected":false},"excerpt":{"rendered":"<p>\u200b\u200b\u200b\u200bDetenidos los cinco tripulantes a bordo de la embarcaci\u00f3n con bandera camerunesa La operaci\u00f3n ha contado con la colaboraci\u00f3n internacional de los servicios policiales de Marruecos, Francia, Estados Unidos, Reino Unido, Portugal, y los organismos de coordinaci\u00f3n CITCO y MAOC-N\u200b \u200bEl Servicio de Vigilancia Aduanera de la Agencia Tributaria y la Guardia Civil han interceptado &hellip;<\/p>\n","protected":false},"author":1,"featured_media":2002,"comment_status":"open","ping_status":"open","sticky":false,"template":"","format":"standard","meta":{"footnotes":""},"categories":[30,28,24],"tags":[],"class_list":["post-2000","post","type-post","status-publish","format-standard","has-post-thumbnail","hentry","category-canarias","category-marroquies-del-mundo","category-politica"],"jetpack_featured_media_url":"https:\/\/canaripress.com\/es\/wp-content\/uploads\/sites\/2\/2025\/08\/Operacion_pareja_Tenerife_1-1024x576-1.jpg","_links":{"self":[{"href":"https:\/\/canaripress.com\/es\/wp-json\/wp\/v2\/posts\/2000","targetHints":{"allow":["GET"]}}],"collection":[{"href":"https:\/\/canaripress.com\/es\/wp-json\/wp\/v2\/posts"}],"about":[{"href":"https:\/\/canaripress.com\/es\/wp-json\/wp\/v2\/types\/post"}],"author":[{"embeddable":true,"href":"https:\/\/canaripress.com\/es\/wp-json\/wp\/v2\/users\/1"}],"replies":[{"embeddable":true,"href":"https:\/\/canaripress.com\/es\/wp-json\/wp\/v2\/comments?post=2000"}],"version-history":[{"count":1,"href":"https:\/\/canaripress.com\/es\/wp-json\/wp\/v2\/posts\/2000\/revisions"}],"predecessor-version":[{"id":2003,"href":"https:\/\/canaripress.com\/es\/wp-json\/wp\/v2\/posts\/2000\/revisions\/2003"}],"wp:featuredmedia":[{"embeddable":true,"href":"https:\/\/canaripress.com\/es\/wp-json\/wp\/v2\/media\/2002"}],"wp:attachment":[{"href":"https:\/\/canaripress.com\/es\/wp-json\/wp\/v2\/media?parent=2000"}],"wp:term":[{"taxonomy":"category","embeddable":true,"href":"https:\/\/canaripress.com\/es\/wp-json\/wp\/v2\/categories?post=2000"},{"taxonomy":"post_tag","embeddable":true,"href":"https:\/\/canaripress.com\/es\/wp-json\/wp\/v2\/tags?post=2000"}],"curies":[{"name":"wp","href":"https:\/\/api.w.org\/{rel}","templated":true}]}}