{"id":2008,"date":"2025-08-28T17:37:21","date_gmt":"2025-08-28T15:37:21","guid":{"rendered":"https:\/\/canaripress.com\/es\/?p=2008"},"modified":"2025-08-28T17:37:21","modified_gmt":"2025-08-28T15:37:21","slug":"el-departamento-de-estado-de-ee-uu-condena-al-regimen-argelino-violaciones-sistematicas-y-supresion-de-las-libertades","status":"publish","type":"post","link":"https:\/\/canaripress.com\/es\/2025\/08\/28\/el-departamento-de-estado-de-ee-uu-condena-al-regimen-argelino-violaciones-sistematicas-y-supresion-de-las-libertades\/","title":{"rendered":"El Departamento de Estado de EE.UU. condena al r\u00e9gimen argelino: violaciones sistem\u00e1ticas y supresi\u00f3n de las libertades."},"content":{"rendered":"<p>&nbsp;<\/p>\n<div class=\"featured-area\">\n<div class=\"featured-area-inner\">\n<figure class=\"single-featured-image\"><img loading=\"lazy\" decoding=\"async\" class=\"attachment-jannah-image-post size-jannah-image-post wp-post-image\" src=\"https:\/\/i0.wp.com\/canaripress.com\/wp-content\/uploads\/2025\/08\/hibapress-img-2025-03-04T151759.846-780x470-1.webp?resize=780%2C470&amp;ssl=1\" sizes=\"auto, (max-width: 780px) 100vw, 780px\" srcset=\"https:\/\/i0.wp.com\/canaripress.com\/wp-content\/uploads\/2025\/08\/hibapress-img-2025-03-04T151759.846-780x470-1.webp?w=780&amp;ssl=1 780w, https:\/\/i0.wp.com\/canaripress.com\/wp-content\/uploads\/2025\/08\/hibapress-img-2025-03-04T151759.846-780x470-1.webp?resize=300%2C181&amp;ssl=1 300w, https:\/\/i0.wp.com\/canaripress.com\/wp-content\/uploads\/2025\/08\/hibapress-img-2025-03-04T151759.846-780x470-1.webp?resize=768%2C463&amp;ssl=1 768w\" alt=\"\" width=\"780\" height=\"470\" data-main-img=\"1\" \/><\/figure>\n<\/div>\n<\/div>\n<div class=\"entry-content entry clearfix\">\n<div class=\"container article-container full-width-with-container\">\n<div class=\"row\">\n<div class=\"col-sm-12 col-md-12 col-xl-12 col-lg-12 layout-section\">\n<h1 class=\"headline-container\"><\/h1>\n<\/div>\n<\/div>\n<\/div>\n<div class=\"container article-container\">\n<div class=\"row\">\n<section class=\"col-sm-12 col-md-12 col-xl-9 col-lg-9 article-main-padding\">\n<div class=\"byline-credits\">\n<h2 class=\"subheadline-container\"><span dir=\"auto\">La mala reputaci\u00f3n de Argelia, en particular por sus constantes y flagrantes violaciones de derechos humanos, sigue generando una condena generalizada a nivel internacional. Tras una serie de informes mordaces de expertos de la ONU que expusieron numerosas violaciones sobre el terreno, le lleg\u00f3 el turno al Departamento de Estado de Estados Unidos de condenar en\u00e9rgicamente al r\u00e9gimen argelino.<\/span><\/h2>\n<p>&nbsp;<\/p>\n<article id=\"article-body-wrapper\" class=\"default__ArticleBody-sc-10mj2vp-2 cxGjrq article-body-wrapper\">\n<p class=\"default__StyledText-sc-10mj2vp-0 dLESkf body-paragraph\"><span dir=\"auto\">Si bien el r\u00e9gimen argelino nunca pierde la oportunidad de ejercer presi\u00f3n diplom\u00e1tica, llegando incluso a demostrar su disposici\u00f3n a presentar su pa\u00eds \u00abatado de pies y manos\u00bb a la administraci\u00f3n estadounidense con la esperanza de que retire su apoyo al S\u00e1hara marroqu\u00ed, el informe del Departamento de Estado estadounidense confirma que este r\u00e9gimen simplemente se ha vuelto inviable.\u00a0\u00a0<\/span><a title=\"https:\/\/www.state.gov\/reports\/2024-country-reports-on-human-rights-practices\/argelia\/\" href=\"https:\/\/www.state.gov\/reports\/2024-country-reports-on-human-rights-practices\/algeria\/\" target=\"_blank\" rel=\"noopener\"><span dir=\"auto\">El informe anual de 2024 sobre el estado de los derechos humanos en el mundo<\/span><\/a><span dir=\"auto\">\u00a0sit\u00faa \u00a0a Argelia en la categor\u00eda de estados parias, clasific\u00e1ndola una vez m\u00e1s como un \u00abEstado fallido\u00bb que no respeta a nada, ni siquiera a sus propios ciudadanos.<\/span><\/p>\n<p class=\"default__StyledText-sc-10mj2vp-0 dLESkf body-paragraph\"><span dir=\"auto\">Desde su resumen inicial, que ofrece un panorama completo, aunque incompleto, de la situaci\u00f3n de los derechos humanos en Argelia, el informe pinta un panorama sombr\u00edo de diversas formas de violaciones atribuidas a uno de los reg\u00edmenes m\u00e1s represivos del mundo, un r\u00e9gimen que s\u00f3lo ha mantenido su control del poder desde 1962 mediante pr\u00e1cticas sistem\u00e1ticas y sangrientas.<\/span><\/p>\n<p class=\"default__StyledText-sc-10mj2vp-0 dLESkf body-paragraph\"><span dir=\"auto\">El informe afirmaba que \u00abinformaci\u00f3n fidedigna indicaba la existencia de desapariciones forzadas, torturas y tratos crueles, inhumanos o degradantes; arrestos y detenciones arbitrarios; graves restricciones a la libertad de expresi\u00f3n y a la libertad de los medios de comunicaci\u00f3n, incluyendo violencia o amenazas de violencia contra periodistas; arrestos y procesamientos injustificados de periodistas, y censura; restricciones a la libertad de creencias; trata de personas, incluido el trabajo forzoso; y violencia o amenazas contra sindicalistas y activistas laborales\u00bb.<\/span><\/p>\n<p class=\"default__StyledText-sc-10mj2vp-0 dLESkf body-paragraph\"><span dir=\"auto\">Si bien el informe se\u00f1al\u00f3 que, por primera vez en d\u00e9cadas, no se registraron ejecuciones extrajudiciales en Argelia durante 2024, destac\u00f3 un incidente notable en el que un ciudadano argelino fue salvado de una sentencia de cadena perpetua simplemente por haberle recordado un hecho hist\u00f3rico establecido.<\/span><\/p>\n<p class=\"default__StyledText-sc-10mj2vp-0 dLESkf body-paragraph\"><span dir=\"auto\">El informe explicaba: \u00abEl 16 de noviembre de 2024, las autoridades arrestaron al escritor franc\u00e9s Boualem Sansal por cargos de terrorismo, acus\u00e1ndolo de \u00abatentar contra el inter\u00e9s nacional\u00bb y \u00abatentar contra la integridad del territorio nacional\u00bb, seg\u00fan el c\u00f3digo penal. Estos cargos se derivan de unas declaraciones que realiz\u00f3 a una revista francesa en las que abord\u00f3 cuestiones fronterizas hist\u00f3ricas entre Argelia y Marruecos. Seg\u00fan la legislaci\u00f3n argelina, estas declaraciones se consideraron un acto terrorista punible con cadena perpetua\u00bb.<\/span><\/p>\n<p class=\"default__StyledText-sc-10mj2vp-0 dLESkf body-paragraph\"><span dir=\"auto\">El informe tambi\u00e9n destac\u00f3 el caso de la periodista Amira Bouraoui, un claro ejemplo de la represi\u00f3n de las autoridades contra los medios de comunicaci\u00f3n independientes. Tambi\u00e9n relat\u00f3 el caso de Mustapha Ben Djamaa, exdirector del peri\u00f3dico independiente\u00a0\u00a0<\/span><i><span dir=\"auto\">Le Provincial<\/span><\/i><span dir=\"auto\">\u00a0\u00a0, quien fue sometido a dos procesos judiciales: el primero por cargos de \u00abayudar\u00bb a Bouraoui a huir a Francia y establecer una \u00aborganizaci\u00f3n criminal\u00bb, y el segundo por cargos de recibir fondos extranjeros en detrimento del inter\u00e9s nacional, publicar informaci\u00f3n confidencial destinada a socavar las instituciones estatales, espionaje y pertenencia a un grupo terrorista.<\/span><\/p>\n<p class=\"default__StyledText-sc-10mj2vp-0 dLESkf body-paragraph\"><span dir=\"auto\">El informe tambi\u00e9n revel\u00f3 que al periodista argelino Farid Allalat se le prohibi\u00f3 ingresar a Argelia el 14 de abril de 2024 y fue deportado directamente a Par\u00eds desde el aeropuerto de Argel, sin ninguna justificaci\u00f3n o explicaci\u00f3n legal para su detenci\u00f3n o deportaci\u00f3n.<\/span><\/p>\n<p class=\"default__StyledText-sc-10mj2vp-0 dLESkf body-paragraph\"><span dir=\"auto\">Adem\u00e1s, el Departamento de Estado de EE. UU. expres\u00f3 su profunda preocupaci\u00f3n por lo que denomin\u00f3 \u00abrepresi\u00f3n transfronteriza\u00bb, en referencia a los intentos de secuestro y\/o asesinato de disidentes argelinos en el extranjero. El r\u00e9gimen argelino ha sido acusado de al menos 24 delitos transfronterizos entre 2020 y 2024.<\/span><\/p>\n<p class=\"default__StyledText-sc-10mj2vp-0 dLESkf body-paragraph\"><span dir=\"auto\">El informe tambi\u00e9n se refiri\u00f3 brevemente a actos antisemitas contra la minor\u00eda jud\u00eda en Argelia, adem\u00e1s de violaciones contra activistas amazigh.<\/span><\/p>\n<p class=\"default__StyledText-sc-10mj2vp-0 dLESkf body-paragraph\"><span dir=\"auto\">Aunque el informe dedic\u00f3 la mayor parte de su contenido a documentar la represi\u00f3n de la libertad de expresi\u00f3n y del periodismo independiente, los medios oficiales argelinos lo ignoraron por completo y promovieron en cambio una respuesta indirecta en forma de un decreto presidencial que anunciaba el levantamiento de todas las reservas de Argelia a la Convenci\u00f3n sobre la eliminaci\u00f3n de todas las formas de discriminaci\u00f3n contra la mujer (CEDAW).<\/span><\/p>\n<p class=\"default__StyledText-sc-10mj2vp-0 dLESkf body-paragraph\"><span dir=\"auto\">El Servicio de Prensa Argelino (APS) justific\u00f3 esta sorprendente decisi\u00f3n afirmando que \u00ablos partidos hostiles a Argelia han explotado las reservas persistentes, en particular sobre el art\u00edculo 15-4, para promover la idea de que nuestro pa\u00eds discrimina entre hombres y mujeres en materia de libertad de circulaci\u00f3n y de residencia\u00bb.<\/span><\/p>\n<\/article>\n<\/div>\n<\/section>\n<\/div>\n<\/div>\n<\/div>\n","protected":false},"excerpt":{"rendered":"<p>&nbsp; La mala reputaci\u00f3n de Argelia, en particular por sus constantes y flagrantes violaciones de derechos humanos, sigue generando una condena generalizada a nivel internacional. Tras una serie de informes mordaces de expertos de la ONU que expusieron numerosas violaciones sobre el terreno, le lleg\u00f3 el turno al Departamento de Estado de Estados Unidos de &hellip;<\/p>\n","protected":false},"author":1,"featured_media":2009,"comment_status":"open","ping_status":"open","sticky":false,"template":"","format":"standard","meta":{"footnotes":""},"categories":[26,24],"tags":[],"class_list":["post-2008","post","type-post","status-publish","format-standard","has-post-thumbnail","hentry","category-mundo","category-politica"],"jetpack_featured_media_url":"https:\/\/canaripress.com\/es\/wp-content\/uploads\/sites\/2\/2025\/08\/telechargement.jpg","_links":{"self":[{"href":"https:\/\/canaripress.com\/es\/wp-json\/wp\/v2\/posts\/2008","targetHints":{"allow":["GET"]}}],"collection":[{"href":"https:\/\/canaripress.com\/es\/wp-json\/wp\/v2\/posts"}],"about":[{"href":"https:\/\/canaripress.com\/es\/wp-json\/wp\/v2\/types\/post"}],"author":[{"embeddable":true,"href":"https:\/\/canaripress.com\/es\/wp-json\/wp\/v2\/users\/1"}],"replies":[{"embeddable":true,"href":"https:\/\/canaripress.com\/es\/wp-json\/wp\/v2\/comments?post=2008"}],"version-history":[{"count":1,"href":"https:\/\/canaripress.com\/es\/wp-json\/wp\/v2\/posts\/2008\/revisions"}],"predecessor-version":[{"id":2010,"href":"https:\/\/canaripress.com\/es\/wp-json\/wp\/v2\/posts\/2008\/revisions\/2010"}],"wp:featuredmedia":[{"embeddable":true,"href":"https:\/\/canaripress.com\/es\/wp-json\/wp\/v2\/media\/2009"}],"wp:attachment":[{"href":"https:\/\/canaripress.com\/es\/wp-json\/wp\/v2\/media?parent=2008"}],"wp:term":[{"taxonomy":"category","embeddable":true,"href":"https:\/\/canaripress.com\/es\/wp-json\/wp\/v2\/categories?post=2008"},{"taxonomy":"post_tag","embeddable":true,"href":"https:\/\/canaripress.com\/es\/wp-json\/wp\/v2\/tags?post=2008"}],"curies":[{"name":"wp","href":"https:\/\/api.w.org\/{rel}","templated":true}]}}