{"id":2017,"date":"2025-09-02T20:40:38","date_gmt":"2025-09-02T18:40:38","guid":{"rendered":"https:\/\/canaripress.com\/es\/?p=2017"},"modified":"2025-09-02T20:40:38","modified_gmt":"2025-09-02T18:40:38","slug":"una-coalicion-de-derechos-humanos-acusa-al-frente-polisario-y-a-argelia-de-cometer-crimenes-de-desaparicion-forzada-en-tinduf","status":"publish","type":"post","link":"https:\/\/canaripress.com\/es\/2025\/09\/02\/una-coalicion-de-derechos-humanos-acusa-al-frente-polisario-y-a-argelia-de-cometer-crimenes-de-desaparicion-forzada-en-tinduf\/","title":{"rendered":"Una coalici\u00f3n de derechos humanos acusa al Frente Polisario y a Argelia de cometer cr\u00edmenes de desaparici\u00f3n forzada en Tinduf."},"content":{"rendered":"<header class=\"entry-header-outer\">\n<div class=\"entry-header\"><\/div>\n<\/header>\n<div class=\"featured-area\">\n<div class=\"featured-area-inner\">\n<figure class=\"single-featured-image\"><\/figure>\n<\/div>\n<\/div>\n<div class=\"entry-content entry clearfix\">\n<p><span dir=\"auto\">La Coalici\u00f3n de ONG Saharauis acus\u00f3 al Frente Polisario de abusos sistem\u00e1ticos, asesinatos, torturas y desapariciones forzadas contra saharauis en los campamentos de Tinduf, y responsabiliz\u00f3 a los sucesivos gobiernos argelinos de proteger a la organizaci\u00f3n y encubrir sus \u00abcr\u00edmenes\u00bb, que calific\u00f3 de graves.<\/span><\/p>\n<p><span dir=\"auto\">La coalici\u00f3n formul\u00f3 estas acusaciones en un comunicado emitido con motivo del D\u00eda Internacional en Apoyo a las V\u00edctimas de Desapariciones Forzadas, que se celebra el 30 de agosto de cada a\u00f1o. Mediante este comunicado, la coalici\u00f3n busc\u00f3 sumarse a los esfuerzos internacionales para abordar este problema y su impacto en las v\u00edctimas y las comunidades.<\/span><\/p>\n<p><span dir=\"auto\">La declaraci\u00f3n expres\u00f3 la profunda preocupaci\u00f3n de la coalici\u00f3n por \u00abel creciente uso de desapariciones forzadas en la regi\u00f3n africana como medio para disuadir las voces que anhelan libertad y democracia\u00bb, se\u00f1alando que estas pr\u00e1cticas no disminuir\u00e1n mientras persista la exclusi\u00f3n del estado de derecho y la ausencia de asistencia efectiva a las v\u00edctimas.<\/span><\/p>\n<p><span dir=\"auto\">La misma fuente se\u00f1al\u00f3 la falta de voluntad pol\u00edtica de muchos pa\u00edses africanos, como Argelia, Sud\u00e1frica, Botswana, Etiop\u00eda, Namibia y Zimbabwe, para adoptar y ratificar la Convenci\u00f3n Internacional para la protecci\u00f3n de todas las personas contra las desapariciones forzadas, argumentando que algunos reg\u00edmenes pol\u00edticos han comenzado a adoptar esas pr\u00e1cticas como m\u00e9todo de gobernanza.<\/span><\/p>\n<p><span dir=\"auto\">La coalici\u00f3n de derechos humanos enfatiz\u00f3 que el recurso del Frente Polisario a estas violaciones tiene como objetivo \u00abimpedirles expresar sus aspiraciones de regresar al S\u00e1hara y vivir en su tierra y con sus familias en condiciones de seguridad, estabilidad y dignidad\u00bb. Afirm\u00f3 que la protecci\u00f3n continua de la organizaci\u00f3n por parte de Argelia requiere esfuerzos concertados para enfrentar estas graves violaciones.<\/span><\/p>\n<p><span dir=\"auto\">La coalici\u00f3n de ONG emiti\u00f3 una serie de recomendaciones para abordar lo que describi\u00f3 como \u00abel horror de la cat\u00e1strofe y la continua impunidad de los violadores\u00bb, pidiendo alentar a Argelia a ratificar la Convenci\u00f3n Internacional para la protecci\u00f3n de todas las personas contra las desapariciones forzadas, permitir que se abra el caso de represi\u00f3n pol\u00edtica y persecuci\u00f3n y exponer la verdad sobre las violaciones.<\/span><\/p>\n<p><span dir=\"auto\">La declaraci\u00f3n insta a las autoridades argelinas a fortalecer la cooperaci\u00f3n con los procedimientos especiales del Consejo de Derechos Humanos, permitir las visitas al pa\u00eds, en particular del Grupo de Trabajo sobre Desapariciones Forzadas o Involuntarias, y garantizar el acceso sin trabas a todas las zonas que desee visitar, incluidos los campamentos saharauis en Tinduf.<\/span><\/p>\n<p><span dir=\"auto\">La coalici\u00f3n tambi\u00e9n recomend\u00f3 que se permita a las organizaciones internacionales de derechos humanos investigar los casos de desaparici\u00f3n forzada en Argelia o en los campamentos de Tinduf y colaborar con sus observaciones, para ayudar a descubrir la verdad y fortalecer las garant\u00edas de no repetici\u00f3n de las violaciones.<\/span><\/p>\n<p><span dir=\"auto\">El documento enfatiz\u00f3 la importancia de descubrir las graves violaciones cometidas en los campamentos de Tinduf desde 1975, monitorear y documentar los casos de desaparici\u00f3n forzada y sancionar a los responsables. Tambi\u00e9n destac\u00f3 la importancia de otorgar a las v\u00edctimas y sus familias el derecho a un estatus legal y a una tarjeta de refugiado que les garantice protecci\u00f3n y personalidad jur\u00eddica.<\/span><\/p>\n<p><span dir=\"auto\">En un caso espec\u00edfico, la declaraci\u00f3n pidi\u00f3 revelar la verdad sobre la desaparici\u00f3n de Khalil Ahmed Ibrih, las circunstancias y razones detr\u00e1s de su desaparici\u00f3n en Argel, identificar su paradero, indemnizar a su familia y procesar a los responsables de su desaparici\u00f3n dentro de la direcci\u00f3n del Polisario y las instituciones de seguridad argelinas.<\/span><\/p>\n<p><span dir=\"auto\">La coalici\u00f3n concluy\u00f3 su declaraci\u00f3n enfatizando la necesidad de concienciar sobre los peligros de la desaparici\u00f3n forzada y sus efectos devastadores en la cohesi\u00f3n comunitaria. Inst\u00f3 a denunciar estas violaciones, apoyar a las familias de las v\u00edctimas y visibilizar su sufrimiento para fortalecer su resiliencia y participaci\u00f3n en los esfuerzos internacionales para combatir este fen\u00f3meno, especialmente en zonas controladas por actores no estatales.<\/span><\/p>\n<\/div>\n","protected":false},"excerpt":{"rendered":"<p>La Coalici\u00f3n de ONG Saharauis acus\u00f3 al Frente Polisario de abusos sistem\u00e1ticos, asesinatos, torturas y desapariciones forzadas contra saharauis en los campamentos de Tinduf, y responsabiliz\u00f3 a los sucesivos gobiernos argelinos de proteger a la organizaci\u00f3n y encubrir sus \u00abcr\u00edmenes\u00bb, que calific\u00f3 de graves. La coalici\u00f3n formul\u00f3 estas acusaciones en un comunicado emitido con motivo &hellip;<\/p>\n","protected":false},"author":1,"featured_media":2018,"comment_status":"open","ping_status":"open","sticky":false,"template":"","format":"standard","meta":{"footnotes":""},"categories":[24],"tags":[],"class_list":["post-2017","post","type-post","status-publish","format-standard","has-post-thumbnail","hentry","category-politica"],"jetpack_featured_media_url":"https:\/\/canaripress.com\/es\/wp-content\/uploads\/sites\/2\/2025\/09\/\u0627\u0644\u0628\u0648\u0644\u064a\u0633\u0627\u0631\u064a\u0648-\u0648\u0627\u0644\u062c\u0632\u0627\u0626\u0631.webp","_links":{"self":[{"href":"https:\/\/canaripress.com\/es\/wp-json\/wp\/v2\/posts\/2017","targetHints":{"allow":["GET"]}}],"collection":[{"href":"https:\/\/canaripress.com\/es\/wp-json\/wp\/v2\/posts"}],"about":[{"href":"https:\/\/canaripress.com\/es\/wp-json\/wp\/v2\/types\/post"}],"author":[{"embeddable":true,"href":"https:\/\/canaripress.com\/es\/wp-json\/wp\/v2\/users\/1"}],"replies":[{"embeddable":true,"href":"https:\/\/canaripress.com\/es\/wp-json\/wp\/v2\/comments?post=2017"}],"version-history":[{"count":1,"href":"https:\/\/canaripress.com\/es\/wp-json\/wp\/v2\/posts\/2017\/revisions"}],"predecessor-version":[{"id":2019,"href":"https:\/\/canaripress.com\/es\/wp-json\/wp\/v2\/posts\/2017\/revisions\/2019"}],"wp:featuredmedia":[{"embeddable":true,"href":"https:\/\/canaripress.com\/es\/wp-json\/wp\/v2\/media\/2018"}],"wp:attachment":[{"href":"https:\/\/canaripress.com\/es\/wp-json\/wp\/v2\/media?parent=2017"}],"wp:term":[{"taxonomy":"category","embeddable":true,"href":"https:\/\/canaripress.com\/es\/wp-json\/wp\/v2\/categories?post=2017"},{"taxonomy":"post_tag","embeddable":true,"href":"https:\/\/canaripress.com\/es\/wp-json\/wp\/v2\/tags?post=2017"}],"curies":[{"name":"wp","href":"https:\/\/api.w.org\/{rel}","templated":true}]}}