{"id":2026,"date":"2025-10-03T03:33:09","date_gmt":"2025-10-03T01:33:09","guid":{"rendered":"https:\/\/canaripress.com\/es\/?p=2026"},"modified":"2025-10-03T03:35:40","modified_gmt":"2025-10-03T01:35:40","slug":"el-sahara-marroqui-incluido-en-los-nuevos-acuerdos-agricolas-entre-marruecos-y-la-union-europea","status":"publish","type":"post","link":"https:\/\/canaripress.com\/es\/2025\/10\/03\/el-sahara-marroqui-incluido-en-los-nuevos-acuerdos-agricolas-entre-marruecos-y-la-union-europea\/","title":{"rendered":"El S\u00e1hara marroqu\u00ed incluido en los nuevos acuerdos agr\u00edcolas entre Marruecos y la Uni\u00f3n Europea"},"content":{"rendered":"<p><strong>El acuerdo agr\u00edcola Marruecos-UE modificado confirma la aplicaci\u00f3n a las Provincias del Sur de las tarifas preferenciales otorgadas por la Uni\u00f3n en virtud del Acuerdo de Asociaci\u00f3n con Marruecos, afirma Nasser Bourita<\/strong><\/p>\n<p><strong><em>\u201cEl Reino de Marruecos y la Uni\u00f3n Europea acaban de concluir con \u00e9xito, en un esp\u00edritu de asociaci\u00f3n y compromiso, las negociaciones relativas a la modificaci\u00f3n del acuerdo agr\u00edcola que vincula a ambas partes\u201d, afirm\u00f3, este jueves, el ministro de Asuntos Exteriores, Cooperaci\u00f3n Africana y Marroqu\u00edes Residentes en el Extranjero, Nasser Bourita.\u00a0<\/em><\/strong><\/p>\n<p>En una declaraci\u00f3n\u00a0 el dia 02-10-2025 en Rabat, el ministro precis\u00f3 que \u201cse firmar\u00e1 pr\u00f3ximamente en Bruselas\u201d y que, a la espera de que concluyan los procedimientos internos, \u201cel acuerdo se aplicar\u00e1 provisionalmente desde el momento de su firma\u201d.<\/p>\n<p>Este acuerdo, subray\u00f3, \u201caporta las aclaraciones necesarias, en el respeto de los fundamentos nacionales del Reino\u201d, Se enmarca en la continuidad y \u201cla filosof\u00eda del canje de notas firmado entre ambas partes en 2018\u201d, al que \u201cla econom\u00eda general del nuevo texto sigue siendo fiel\u201d, a\u00f1adi\u00f3.<\/p>\n<div class=\"ad-slot oat oat-visible oat-top hidden-phone\" data-mark=\"AD\">\n<div id=\"zone_208299\" data-google-query-id=\"CJfWk7rvhpADFbNSHQkdY5kcNg\">\n<div id=\"google_ads_iframe_\/22713685100\/Atalayar_OA\/intext_3_desktop_0__container__\"><\/div>\n<\/div>\n<\/div>\n<p><strong>El ministro indic\u00f3, a este respecto, que \u201cel acuerdo confirma la aplicaci\u00f3n a las Provincias del Sur de las tarifas preferenciales otorgadas por la UE en virtud del Acuerdo de Asociaci\u00f3n con Marruecos\u201d,<\/strong>\u00a0antes de explicar que, en general, las condiciones de acceso al mercado europeo de los productos del Norte se aplicar\u00e1n a los productos del S\u00e1hara marroqu\u00ed\u00bb.<\/p>\n<p><strong>Igualmente, precis\u00f3 el titular de Exteriores, el texto introduce ajustes t\u00e9cnicos relacionados con la informaci\u00f3n al consumidor sobre el origen de los productos.<\/strong> De hecho, explic\u00f3 Bourita, se colocar\u00e1n en los productos agr\u00edcolas etiquetas que mencionen las regiones de producci\u00f3n en el Sur del Reino -\u00abLaay\u00fan-Sakia El Hamra\u00bb y \u00abDajla-Ued Eddahab\u00bb.<\/p>\n<p>Por otra parte, el texto recuerda la posici\u00f3n formulada por la Uni\u00f3n Europa en 2019 sobre la cuesti\u00f3n del S\u00e1hara marroqu\u00ed, en la que la UE valora positivamente los serios y cre\u00edbles esfuerzos de Marruecos. Tambi\u00e9n se refiere a las posiciones nacionales posteriores de numerosos Estados miembros de la UE, expresando su apoyo a la iniciativa marroqu\u00ed de autonom\u00eda, como parte de la din\u00e1mica impulsada por Su Majestad el Rey Mohammed VI, que Dios le asista, subray\u00f3.<\/p>\n<p><strong>Bourita agreg\u00f3: \u201cPor supuesto, este no es un acuerdo pol\u00edtico, sino un acuerdo sectorial, comercial y operativo. Sin embargo, env\u00eda se\u00f1ales fuertes y claras\u201d.<\/strong><\/p>\n<p>En este sentido, el ministro resalt\u00f3 la visi\u00f3n del rey Mohamed VI, gracias a la cual \u201cel S\u00e1hara marroqu\u00ed se ha convertido en una zona de desarrollo, conexi\u00f3n y prosperidad, que se confirma como polo de estabilidad y desarrollo regional\u201d.\u00a0\u00a0<strong>Esta din\u00e1mica explica, prosigui\u00f3 Bourita, \u201cel inter\u00e9s de las grandes potencias mundiales y regionales en las actividades econ\u00f3micas en el S\u00e1hara marroqu\u00ed y su voluntad de fomentar el comercio y la inversi\u00f3n en la regi\u00f3n, para convertir el S\u00e1hara en un v\u00ednculo entre Europa y \u00c1frica, entre el Mediterr\u00e1neo y el Atl\u00e1ntico\u201d.<\/strong><\/p>\n<p>El ministro cit\u00f3, por ejemplo, \u201cla declaraci\u00f3n firme de Estados Unidos la semana pasada\u201d, el \u201cForo Econ\u00f3mico Marruecos-Francia, previsto en Dajla el 9 de octubre\u201d y \u201cla acci\u00f3n planificada por la agencia brit\u00e1nica UK Export Finance\u00bb.<\/p>\n<p>Asimismo, el Acuerdo con la UE \u00abaporta una contribuci\u00f3n cualitativa a nivel nacional\u00bb, contribuyendo al PIB agr\u00edcola y a la creaci\u00f3n y el mantenimiento del empleo, especialmente en la regi\u00f3n del S\u00e1hara marroqu\u00ed, a\u00f1adi\u00f3 el ministro.<\/p>\n<p>\u00abNaturalmente, este Acuerdo refuerza la Asociaci\u00f3n Estrat\u00e9gica antigua y s\u00f3lida entre Marruecos y la UE\u00bb, reafirm\u00f3 Bourita, enfatizando que\u00a0<strong>Marruecos es un socio fiable y cre\u00edble, con el que la UE mantiene la mayor parte de sus intercambios comerciales en \u00c1frica y el mundo \u00e1rabe,\u00a0<\/strong>con un valor anual superior a los 60 mil millones de euros, incluyendo productos industriales, equipos y productos agr\u00edcolas.<\/p>\n<p><strong>Adem\u00e1s, al mismo que subraya que \u201cel Rey siempre ha deseado que la Asociaci\u00f3n Marruecos-UE se desarrolle mediante acciones comunes y concretas\u201d, Bourita indic\u00f3 que los sectores comercial y agr\u00edcola son sin duda importantes, debido a su papel en la econom\u00eda del Reino, pero nuestra Asociaci\u00f3n [con la Uni\u00f3n europea] tambi\u00e9n se extiende a una amplia gama de \u00e1mbitos: pol\u00edtico, econ\u00f3mico, social y medioambiental, as\u00ed como a los sectores de la migraci\u00f3n y la movilidad, la seguridad, la tecnolog\u00eda digital y la cultura\u201d.<\/strong><\/p>\n<p>Por \u00faltimo, en un momento en que el contexto regional es complejo y las crisis se est\u00e1n volviendo estructurales<strong>, este progreso gradual permite a Marruecos y a la UE abordar su futuro com\u00fan con serenidad y vislumbrar un camino ambicioso y prometedor, sostuvo el ministro.<\/strong><\/p>\n<p>\u201cAhora estamos en condiciones de desplegar todo nuestro potencial existente, ya sea preparando citas conjuntas o impulsando nuestros marcos pol\u00edticos, como el Consejo de Asociaci\u00f3n, y sentando las bases de una asociaci\u00f3n estrat\u00e9gica a\u00fan m\u00e1s profunda, que guiar\u00e1 nuestras relaciones en los pr\u00f3ximos a\u00f1os\u201d, concluy\u00f3 Bourita.<\/p>\n","protected":false},"excerpt":{"rendered":"<p>El acuerdo agr\u00edcola Marruecos-UE modificado confirma la aplicaci\u00f3n a las Provincias del Sur de las tarifas preferenciales otorgadas por la Uni\u00f3n en virtud del Acuerdo de Asociaci\u00f3n con Marruecos, afirma Nasser Bourita \u201cEl Reino de Marruecos y la Uni\u00f3n Europea acaban de concluir con \u00e9xito, en un esp\u00edritu de asociaci\u00f3n y compromiso, las negociaciones relativas &hellip;<\/p>\n","protected":false},"author":1,"featured_media":2027,"comment_status":"open","ping_status":"open","sticky":false,"template":"","format":"standard","meta":{"footnotes":""},"categories":[41,43,24],"tags":[],"class_list":["post-2026","post","type-post","status-publish","format-standard","has-post-thumbnail","hentry","category-agrecultura","category-economia","category-politica"],"jetpack_featured_media_url":"https:\/\/canaripress.com\/es\/wp-content\/uploads\/sites\/2\/2025\/10\/images.jpeg","_links":{"self":[{"href":"https:\/\/canaripress.com\/es\/wp-json\/wp\/v2\/posts\/2026","targetHints":{"allow":["GET"]}}],"collection":[{"href":"https:\/\/canaripress.com\/es\/wp-json\/wp\/v2\/posts"}],"about":[{"href":"https:\/\/canaripress.com\/es\/wp-json\/wp\/v2\/types\/post"}],"author":[{"embeddable":true,"href":"https:\/\/canaripress.com\/es\/wp-json\/wp\/v2\/users\/1"}],"replies":[{"embeddable":true,"href":"https:\/\/canaripress.com\/es\/wp-json\/wp\/v2\/comments?post=2026"}],"version-history":[{"count":3,"href":"https:\/\/canaripress.com\/es\/wp-json\/wp\/v2\/posts\/2026\/revisions"}],"predecessor-version":[{"id":2030,"href":"https:\/\/canaripress.com\/es\/wp-json\/wp\/v2\/posts\/2026\/revisions\/2030"}],"wp:featuredmedia":[{"embeddable":true,"href":"https:\/\/canaripress.com\/es\/wp-json\/wp\/v2\/media\/2027"}],"wp:attachment":[{"href":"https:\/\/canaripress.com\/es\/wp-json\/wp\/v2\/media?parent=2026"}],"wp:term":[{"taxonomy":"category","embeddable":true,"href":"https:\/\/canaripress.com\/es\/wp-json\/wp\/v2\/categories?post=2026"},{"taxonomy":"post_tag","embeddable":true,"href":"https:\/\/canaripress.com\/es\/wp-json\/wp\/v2\/tags?post=2026"}],"curies":[{"name":"wp","href":"https:\/\/api.w.org\/{rel}","templated":true}]}}