{"id":2043,"date":"2025-11-17T17:58:45","date_gmt":"2025-11-17T16:58:45","guid":{"rendered":"https:\/\/canaripress.com\/es\/?p=2043"},"modified":"2025-11-17T17:59:37","modified_gmt":"2025-11-17T16:59:37","slug":"una-ceremonia-para-conmemorar-el-50-aniversario-de-la-triunfal-marcha-verde-y-el-70-aniversario-del-glorioso-dia-de-la-independencia-organizada-por-la-asociacion-plateada-de-artes-culinarias-afac-y","status":"publish","type":"post","link":"https:\/\/canaripress.com\/es\/2025\/11\/17\/una-ceremonia-para-conmemorar-el-50-aniversario-de-la-triunfal-marcha-verde-y-el-70-aniversario-del-glorioso-dia-de-la-independencia-organizada-por-la-asociacion-plateada-de-artes-culinarias-afac-y\/","title":{"rendered":"Una ceremonia para conmemorar el 50 aniversario de la triunfal Marcha Verde y el 70 aniversario del glorioso D\u00eda de la Independencia, organizada por la Asociaci\u00f3n Plateada de Artes Culinarias (AFAC) y la Asociaci\u00f3n Ra\u00edces Marroqu\u00edes en Canarias."},"content":{"rendered":"<p>&nbsp;<\/p>\n<p><img loading=\"lazy\" decoding=\"async\" class=\"alignnone wp-image-2047 size-full\" src=\"https:\/\/canaripress.com\/es\/wp-content\/uploads\/sites\/2\/2025\/11\/WhatsApp-Image-2025-11-16-a-09.10.14_8a25c85e.jpg\" alt=\"\" width=\"534\" height=\"746\" srcset=\"https:\/\/canaripress.com\/es\/wp-content\/uploads\/sites\/2\/2025\/11\/WhatsApp-Image-2025-11-16-a-09.10.14_8a25c85e.jpg 534w, https:\/\/canaripress.com\/es\/wp-content\/uploads\/sites\/2\/2025\/11\/WhatsApp-Image-2025-11-16-a-09.10.14_8a25c85e-215x300.jpg 215w\" sizes=\"auto, (max-width: 534px) 100vw, 534px\" \/><img loading=\"lazy\" decoding=\"async\" class=\"alignnone wp-image-2048 size-large\" src=\"https:\/\/canaripress.com\/es\/wp-content\/uploads\/sites\/2\/2025\/11\/WhatsApp-Image-2025-11-17-a-09.07.09_6d32fffc-1024x768.jpg\" alt=\"\" width=\"1024\" height=\"768\" srcset=\"https:\/\/canaripress.com\/es\/wp-content\/uploads\/sites\/2\/2025\/11\/WhatsApp-Image-2025-11-17-a-09.07.09_6d32fffc-1024x768.jpg 1024w, https:\/\/canaripress.com\/es\/wp-content\/uploads\/sites\/2\/2025\/11\/WhatsApp-Image-2025-11-17-a-09.07.09_6d32fffc-300x225.jpg 300w, https:\/\/canaripress.com\/es\/wp-content\/uploads\/sites\/2\/2025\/11\/WhatsApp-Image-2025-11-17-a-09.07.09_6d32fffc-768x576.jpg 768w, https:\/\/canaripress.com\/es\/wp-content\/uploads\/sites\/2\/2025\/11\/WhatsApp-Image-2025-11-17-a-09.07.09_6d32fffc-1536x1152.jpg 1536w, https:\/\/canaripress.com\/es\/wp-content\/uploads\/sites\/2\/2025\/11\/WhatsApp-Image-2025-11-17-a-09.07.09_6d32fffc.jpg 1600w\" sizes=\"auto, (max-width: 1024px) 100vw, 1024px\" \/><\/p>\n<p><span dir=\"auto\">Para conmemorar el 50 aniversario de la triunfal Marcha Verde y el 70 aniversario del glorioso D\u00eda de la Independencia, y en un ambiente rebosante de alegr\u00eda y orgullo nacional, la Asociaci\u00f3n Plateada de Artes Culinarias (AFAC), afiliada a la Federaci\u00f3n Marroqu\u00ed de Artes Culinarias (FMAC), en colaboraci\u00f3n con la Asociaci\u00f3n Ra\u00edces Marroqu\u00edes de las Islas Canarias, organiz\u00f3 un evento social y cultural el 15 de noviembre de 2025 en la ciudad de Tias, Lanzarote, Islas Canarias, bajo el lema \u00abUn d\u00eda de convivencia y diversi\u00f3n\u00bb, que incluy\u00f3 un almuerzo y una velada art\u00edstica para ni\u00f1os no acompa\u00f1ados.<\/span><\/p>\n<p><span dir=\"auto\">Al evento asistieron destacadas personalidades del municipio de Tias, incluido el alcalde, as\u00ed como miembros de la comunidad banglades\u00ed y varios visitantes de pa\u00edses africanos. Esto le confiri\u00f3 un car\u00e1cter internacional, reflejando la diversidad cultural y un esp\u00edritu de apertura. Tambi\u00e9n estuvo presente un grupo de chefs marroqu\u00edes, entre ellos la chef Khadija Ben Sedira, el chef Rachid Jawad, el chef Hassan Adoukrim y la chef Houria Rabbani. Representantes de diversas organizaciones comunitarias y culturales tambi\u00e9n asistieron, junto con miembros de la comunidad marroqu\u00ed que acudieron para expresar su orgullo por la victoria de su naci\u00f3n y la justicia de su causa. Los chefs prepararon con maestr\u00eda varios platos marroqu\u00edes, como cusc\u00fas, dulces y t\u00e9.<\/span><\/p>\n<p><span dir=\"auto\">La ceremonia se caracteriz\u00f3 por un ambiente nacional sincero, ya que la sala reson\u00f3 con himnos y canciones marroqu\u00edes, que los asistentes corearon con un entusiasmo sin igual, ondeando banderas marroqu\u00edes y entonando lemas de unidad y patriotismo.<\/span><\/p>\n<p><span dir=\"auto\">La velada comenz\u00f3 con vers\u00edculos del Sagrado Cor\u00e1n y la interpretaci\u00f3n del himno nacional. Los asistentes e invitados disfrutaron con entusiasmo del t\u00e9 y los dulces marroqu\u00edes, as\u00ed como de platos como el cusc\u00fas, entre otros.<\/span><\/p>\n<p><span dir=\"auto\">La reciente resoluci\u00f3n de la ONU, que reafirm\u00f3 la justicia de la causa del S\u00e1hara marroqu\u00ed y el reconocimiento por parte de la comunidad internacional de la iniciativa de autonom\u00eda como una soluci\u00f3n realista, seria y sostenible a la disputa regional sobre las provincias del sur del Reino, constituy\u00f3 tambi\u00e9n una importante ocasi\u00f3n nacional para la comunidad marroqu\u00ed residente en las Islas Canarias, que celebr\u00f3 lo que se consider\u00f3 una victoria hist\u00f3rica para la diplomacia marroqu\u00ed bajo el liderazgo de Su Majestad el Rey Mohammed VI.<\/span><\/p>\n<p><span dir=\"auto\">El evento tambi\u00e9n incluy\u00f3 un homenaje a varias figuras prominentes, junto con un grupo de marroqu\u00edes y extranjeros patriotas que demostraron un sincero amor por el Reino y una gran lealtad a sus valores e integridad territorial. El momento del homenaje fue emotivo y reflej\u00f3 el esp\u00edritu de lealtad y aprecio hacia todos aquellos que contribuyen a enaltecer el nombre de Marruecos dentro y fuera del pa\u00eds.<\/span><\/p>\n<p><span dir=\"auto\">En este contexto, el activista comunitario Abdullah Al-Dheeb, encargado de la organizaci\u00f3n y presentaci\u00f3n de los distintos segmentos de la ceremonia, pronunci\u00f3 un emotivo discurso en el que expres\u00f3 su amor por Marruecos y su orgullo de pertenecer a este pa\u00eds, se\u00f1alando que este evento representa un momento de orgullo y honor para cada marroqu\u00ed. Afirm\u00f3 que la alegr\u00eda fue inmensa y el \u00e9xito super\u00f3 todas las expectativas, ya que la sala se llen\u00f3 a su m\u00e1xima capacidad, lo que refleja el profundo amor de la comunidad por su patria y su compromiso con sus problem\u00e1ticas.<\/span><\/p>\n<p><span dir=\"auto\">En un discurso pronunciado por el chef Rachid Jawad, presidente de la Asociaci\u00f3n de Artes Culinarias Silver, destac\u00f3 que este evento hist\u00f3rico refleja la culminaci\u00f3n de una larga trayectoria de esfuerzos diplom\u00e1ticos liderados con sabidur\u00eda y visi\u00f3n de futuro por Su Majestad el Rey Mohammed VI. En su alocuci\u00f3n, afirm\u00f3:<\/span><\/p>\n<p><span dir=\"auto\">\u201cMe honra estar hoy ante ustedes en este glorioso momento hist\u00f3rico, tras la reciente resoluci\u00f3n de la ONU que reafirm\u00f3 la justicia de la cuesti\u00f3n del S\u00e1hara Occidental y reconoci\u00f3 que la iniciativa de autonom\u00eda presentada por Marruecos es la soluci\u00f3n realista, seria y sostenible a este conflicto regional de larga data. Quiz\u00e1s esta gran victoria diplom\u00e1tica no se habr\u00eda logrado sin la visi\u00f3n perspicaz y la sabidur\u00eda equilibrada de Su Majestad el Rey Mohammed VI, que Dios le conceda la victoria, quien hizo de la defensa de la unidad de la patria un deber sagrado y de la diplomacia discreta una herramienta eficaz para consolidar la posici\u00f3n de Marruecos en el mundo.\u201d<\/span><\/p>\n<p><span dir=\"auto\">Tambi\u00e9n destac\u00f3 el papel prominente desempe\u00f1ado por el Ministro de Asuntos Exteriores, Cooperaci\u00f3n Africana y Marroqu\u00edes Residentes en el Extranjero, Sr. Nasser Bourita, por su gran perspicacia pol\u00edtica, y la firme defensa brindada por el Embajador Omar Hilale en las Naciones Unidas, resaltando que lo logrado es fruto de la competencia marroqu\u00ed arraigada en los valores de responsabilidad y compromiso con el derecho internacional.<\/span><\/p>\n<p><span dir=\"auto\">A\u00f1adi\u00f3 que esta decisi\u00f3n no es solo una victoria pol\u00edtica, sino tambi\u00e9n una victoria para la justicia y la verdad, y un mensaje al mundo de que Marruecos ha elegido el camino de la paz y el desarrollo en lugar del conflicto y la divisi\u00f3n, destacando que la comunidad marroqu\u00ed en Europa vive este momento con orgullo y honor, al ver los frutos del camino diplom\u00e1tico que contin\u00faa lo que el difunto rey Hassan II, que Dios tenga misericordia de \u00e9l, inici\u00f3 en la Marcha Verde.<\/span><\/p>\n<p><span dir=\"auto\">Por su parte, Khalid Al-Ariss Al-Tijani, presidente de la Asociaci\u00f3n Ra\u00edces Marroqu\u00edes en Lanzarote, declar\u00f3 al margen de la ceremonia que este evento refleja la profunda cohesi\u00f3n entre la comunidad marroqu\u00ed y su patria, se\u00f1alando que la Asociaci\u00f3n Ra\u00edces Marroqu\u00edes en Canarias ha logrado unir a las personas en torno a los valores del amor a la patria y el trabajo por su reputaci\u00f3n. A\u00f1adi\u00f3 que el papel de la sociedad civil en Europa se ha vuelto esencial hoy en d\u00eda para transmitir la verdadera imagen de Marruecos y sus victorias diplom\u00e1ticas.<\/span><\/p>\n<p><span dir=\"auto\">El Sr. Al-Hussein Jawad, representante de la Asociaci\u00f3n de la Plata en Espa\u00f1a, expres\u00f3 en su discurso su orgullo por los logros alcanzados, recordando que lo que sucede hoy es una continuaci\u00f3n del camino de liberaci\u00f3n liderado por el difunto Rey Hassan II con la Marcha Verde, cuando Marruecos liber\u00f3 su S\u00e1hara de forma pac\u00edfica y segura, y que hoy el Rey Mohammed VI contin\u00faa ese mismo camino con una sofisticada diplomacia y una visi\u00f3n estrat\u00e9gica que han dado como resultado este gran reconocimiento internacional. A\u00f1adi\u00f3 que \u00abla victoria de hoy es la culminaci\u00f3n de un largo camino de construcci\u00f3n y autoconfianza, lo que impulsa a los marroqu\u00edes en el extranjero a salir a celebrar con orgullo y honor\u00bb.<\/span><\/p>\n<p><span dir=\"auto\">La ceremonia concluy\u00f3 con la lectura de un telegrama de felicitaci\u00f3n, lealtad y devoci\u00f3n al Trono Supremo, en un ambiente de alegr\u00eda y unidad. Los asistentes manifestaron su orgullo por la patria y su fidelidad al glorioso trono alauita, subrayando que Marruecos, bajo el liderazgo de Su Majestad el Rey Mohammed VI, contin\u00faa su firme camino hacia la unidad y la prosperidad. Los discursos y declaraciones coincidieron un\u00e1nimemente en que esta victoria diplom\u00e1tica es una victoria para la verdad, para la unidad y para la visi\u00f3n visionaria del nuevo Marruecos: un pa\u00eds de paz, di\u00e1logo y convivencia.<\/span><\/p>\n<p><span dir=\"auto\">Entre aplausos e himnos nacionales, los asistentes abandonaron la sala con el coraz\u00f3n lleno de esperanza y orgullo, repitiendo que Marruecos, desde T\u00e1nger hasta Lagouira, permanecer\u00e1 unido, y que la comunidad marroqu\u00ed en todo el mundo seguir\u00e1 siendo una voz leal a la patria y una expresi\u00f3n de su eterno amor por ella.<\/span><\/p>\n<p><span dir=\"auto\">El programa de la demostraci\u00f3n fue el siguiente:<\/span><\/p>\n<p><span dir=\"auto\">D\u00eda 1: Recepci\u00f3n e inicio de la interacci\u00f3n<\/span><\/p>\n<p><span dir=\"auto\">El primer d\u00eda fue testigo de:<\/span><\/p>\n<p><span dir=\"auto\">Damos la bienvenida a participantes e invitados.<\/span><\/p>\n<p><span dir=\"auto\">Registrar la asistencia y distribuir el programa general.<\/span><\/p>\n<p><span dir=\"auto\">Presentar a los participantes a los organizadores y los objetivos de la actividad.<\/span><\/p>\n<p><span dir=\"auto\">Crear un ambiente inicial para que las comunidades se conozcan y se comuniquen.<\/span><\/p>\n<p><span dir=\"auto\">Segundo d\u00eda: Programa cultural, social y de entretenimiento<\/span><\/p>\n<p><span dir=\"auto\">Aspecto cultural<\/span><\/p>\n<p><span dir=\"auto\">Los eventos del segundo d\u00eda comenzaron con la recitaci\u00f3n de vers\u00edculos del Sagrado Cor\u00e1n, seguida de:<\/span><\/p>\n<p><span dir=\"auto\">Discurso de bienvenida en nombre de las dos asociaciones organizadoras.<\/span><\/p>\n<p><span dir=\"auto\">Escucha el himno nacional marroqu\u00ed.<\/span><\/p>\n<p><span dir=\"auto\">Presentaciones y debates sobre los valores de la convivencia, la tolerancia y la aceptaci\u00f3n de la diferencia.<\/span><\/p>\n<p><span dir=\"auto\">Durante los actos, el Sr. Abdullah Al-Deeb, vicepresidente de la Asociaci\u00f3n Ra\u00edces Marroqu\u00edes en las Islas Canarias, pronunci\u00f3 un discurso oficial en el que destac\u00f3 la importancia de las actividades con prop\u00f3sito para fortalecer los lazos entre las comunidades y potenciar la presencia de la cultura marroqu\u00ed en el extranjero.<\/span><\/p>\n<p><span dir=\"auto\">aspecto social<\/span><\/p>\n<p><span dir=\"auto\">Inclu\u00eda:<\/span><\/p>\n<p><span dir=\"auto\">Un almuerzo tradicional marroqu\u00ed (platos de cusc\u00fas) bajo la supervisi\u00f3n<\/span><br \/>\n<span dir=\"auto\">de la chef Khadija Ben Sedira, embajadora de la cocina marroqu\u00ed en las Islas Canarias.<\/span><\/p>\n<p><span dir=\"auto\">Actividades recreativas y competiciones dirigidas a diferentes grupos.<\/span><\/p>\n<p><span dir=\"auto\">Organizar reuniones directas entre los participantes para intercambiar experiencias y enriquecer el di\u00e1logo cultural.<\/span><\/p>\n<p><span dir=\"auto\">Segmentos de homenaje<\/span><\/p>\n<p><span dir=\"auto\">La manifestaci\u00f3n fue testigo de momentos de aprecio y reconocimiento, entre ellos:<\/span><\/p>\n<p><span dir=\"auto\">Un homenaje a los participantes y organizadores.<\/span><\/p>\n<p><span dir=\"auto\">La Asociaci\u00f3n Ra\u00edces Marroqu\u00edes de las Islas Canarias entrega un certificado de agradecimiento a la chef Khadija Ben Sedira.<\/span><\/p>\n<p><span dir=\"auto\">El se\u00f1or Mohamed Harrous, uno de los l\u00edderes comunitarios, fue homenajeado por la Asociaci\u00f3n Silver de Artes Culinarias.<\/span><\/p>\n<p><span dir=\"auto\">el p\u00fablico<\/span><\/p>\n<p><span dir=\"auto\">El evento cont\u00f3 con la participaci\u00f3n y distinci\u00f3n de varias entidades, entre las que destacan:<\/span><\/p>\n<p><span dir=\"auto\">M\u00e1s de 90 miembros de la comunidad marroqu\u00ed.<\/span><\/p>\n<p><span dir=\"auto\">Miembros de la comunidad banglades\u00ed.<\/span><\/p>\n<p><span dir=\"auto\">Participantes de diversos pa\u00edses africanos.<\/span><\/p>\n<p><span dir=\"auto\">Tambi\u00e9n presentes:<\/span><\/p>\n<p><span dir=\"auto\">El alcalde del municipio de Tias-Lanzarote, acompa\u00f1ado por algunos miembros de su equipo.<\/span><\/p>\n<p><span dir=\"auto\">Funcionarios y personal de los albergues.<\/span><\/p>\n<p><span dir=\"auto\">Actividades comunitarias de diversas islas.<\/span><\/p>\n<p><span dir=\"auto\">Invitados especiales:<\/span><\/p>\n<p><span dir=\"auto\">Chef Khadija Ben Sedira<\/span><\/p>\n<p><span dir=\"auto\">El chef Hassan Adoukrim<\/span><\/p>\n<p><span dir=\"auto\">El chef Rachid Jawad, presidente de la Asociaci\u00f3n Silver para las Artes Culinarias,<\/span><br \/>\n<span dir=\"auto\">jefe de la oficina sur de FMAC y<\/span><br \/>\n<span dir=\"auto\">director del Festival de Artes Culinarias de Dakhla.<\/span><\/p>\n<p><span dir=\"auto\">El profesor \u201cRabani Houria\u201d es un experto en el arte de la confiter\u00eda.<\/span><\/p>\n<p><span dir=\"auto\">Clausura del evento<\/span><\/p>\n<p><span dir=\"auto\">La \u201cJornada de Convivencia y Alegr\u00eda\u201d concluy\u00f3 con un emotivo momento nacional, durante el cual el Sr. Al-Hussain Jawad ley\u00f3 un telegrama de lealtad y devoci\u00f3n a Su Majestad el Rey Mohammed VI, que Dios le conceda la victoria, en presencia de todos los participantes, quienes expresaron su firme compromiso con los principios de la naci\u00f3n marroqu\u00ed y su unidad territorial.<\/span><\/p>\n<p><span dir=\"auto\">Este momento fue muy apreciado por su simbolismo nacional y espiritual, que refleja la conexi\u00f3n de la comunidad marroqu\u00ed con su patria y su lealtad al glorioso trono alauita.<\/span><\/p>\n<p><span dir=\"auto\">El evento fue un rotundo \u00e9xito, tanto por su organizaci\u00f3n y participaci\u00f3n como por los mensajes humanitarios y culturales que transmiti\u00f3. Constituy\u00f3 una oportunidad para promover los valores de ciudadan\u00eda y apertura, fortalecer los lazos entre las distintas comunidades y destacar el influyente papel que desempe\u00f1an las asociaciones marroqu\u00edes en el extranjero.<\/span><br \/>\n<span dir=\"auto\">Ambas asociaciones esperan organizar iniciativas similares en el futuro para consolidar a\u00fan m\u00e1s una cultura de convivencia y unidad humana.<\/span><\/p>\n<p><img loading=\"lazy\" decoding=\"async\" class=\"alignnone size-medium wp-image-10559\" src=\"https:\/\/i0.wp.com\/canaripress.com\/wp-content\/uploads\/2025\/11\/WhatsApp-Image-2025-11-16-a-09.10.08_1aee5a6d.jpg?resize=300%2C169&amp;ssl=1\" sizes=\"auto, (max-width: 300px) 100vw, 300px\" srcset=\"https:\/\/i0.wp.com\/canaripress.com\/wp-content\/uploads\/2025\/11\/WhatsApp-Image-2025-11-16-a-09.10.08_1aee5a6d.jpg?resize=300%2C169&amp;ssl=1 300w, https:\/\/i0.wp.com\/canaripress.com\/wp-content\/uploads\/2025\/11\/WhatsApp-Image-2025-11-16-a-09.10.08_1aee5a6d.jpg?resize=1024%2C576&amp;ssl=1 1024w, https:\/\/i0.wp.com\/canaripress.com\/wp-content\/uploads\/2025\/11\/WhatsApp-Image-2025-11-16-a-09.10.08_1aee5a6d.jpg?resize=768%2C432&amp;ssl=1 768w, https:\/\/i0.wp.com\/canaripress.com\/wp-content\/uploads\/2025\/11\/WhatsApp-Image-2025-11-16-a-09.10.08_1aee5a6d.jpg?resize=1536%2C864&amp;ssl=1 1536w, https:\/\/i0.wp.com\/canaripress.com\/wp-content\/uploads\/2025\/11\/WhatsApp-Image-2025-11-16-a-09.10.08_1aee5a6d.jpg?resize=390%2C220&amp;ssl=1 390w, https:\/\/i0.wp.com\/canaripress.com\/wp-content\/uploads\/2025\/11\/WhatsApp-Image-2025-11-16-a-09.10.08_1aee5a6d.jpg?w=1600&amp;ssl=1 1600w, https:\/\/i0.wp.com\/canaripress.com\/wp-content\/uploads\/2025\/11\/WhatsApp-Image-2025-11-16-a-09.10.08_1aee5a6d.jpg?w=1416&amp;ssl=1 1416w\" alt=\"\" width=\"300\" height=\"169\" data-recalc-dims=\"1\" \/>\u00a0<img loading=\"lazy\" decoding=\"async\" class=\"alignnone size-medium wp-image-10560\" src=\"https:\/\/i0.wp.com\/canaripress.com\/wp-content\/uploads\/2025\/11\/WhatsApp-Image-2025-11-16-a-09.10.08_6113f60e.jpg?resize=300%2C169&amp;ssl=1\" sizes=\"auto, (max-width: 300px) 100vw, 300px\" srcset=\"https:\/\/i0.wp.com\/canaripress.com\/wp-content\/uploads\/2025\/11\/WhatsApp-Image-2025-11-16-a-09.10.08_6113f60e.jpg?resize=300%2C169&amp;ssl=1 300w, https:\/\/i0.wp.com\/canaripress.com\/wp-content\/uploads\/2025\/11\/WhatsApp-Image-2025-11-16-a-09.10.08_6113f60e.jpg?resize=1024%2C576&amp;ssl=1 1024w, https:\/\/i0.wp.com\/canaripress.com\/wp-content\/uploads\/2025\/11\/WhatsApp-Image-2025-11-16-a-09.10.08_6113f60e.jpg?resize=768%2C432&amp;ssl=1 768w, https:\/\/i0.wp.com\/canaripress.com\/wp-content\/uploads\/2025\/11\/WhatsApp-Image-2025-11-16-a-09.10.08_6113f60e.jpg?resize=1536%2C864&amp;ssl=1 1536w, https:\/\/i0.wp.com\/canaripress.com\/wp-content\/uploads\/2025\/11\/WhatsApp-Image-2025-11-16-a-09.10.08_6113f60e.jpg?resize=390%2C220&amp;ssl=1 390w, https:\/\/i0.wp.com\/canaripress.com\/wp-content\/uploads\/2025\/11\/WhatsApp-Image-2025-11-16-a-09.10.08_6113f60e.jpg?w=1600&amp;ssl=1 1600w, https:\/\/i0.wp.com\/canaripress.com\/wp-content\/uploads\/2025\/11\/WhatsApp-Image-2025-11-16-a-09.10.08_6113f60e.jpg?w=1416&amp;ssl=1 1416w\" alt=\"\" width=\"300\" height=\"169\" data-recalc-dims=\"1\" \/><img loading=\"lazy\" decoding=\"async\" class=\"alignnone size-medium wp-image-10565\" src=\"https:\/\/i0.wp.com\/canaripress.com\/wp-content\/uploads\/2025\/11\/WhatsApp-Image-2025-11-16-a-09.10.12_2a59a792.jpg?resize=225%2C300&amp;ssl=1\" sizes=\"auto, (max-width: 225px) 100vw, 225px\" srcset=\"https:\/\/i0.wp.com\/canaripress.com\/wp-content\/uploads\/2025\/11\/WhatsApp-Image-2025-11-16-a-09.10.12_2a59a792.jpg?resize=225%2C300&amp;ssl=1 225w, https:\/\/i0.wp.com\/canaripress.com\/wp-content\/uploads\/2025\/11\/WhatsApp-Image-2025-11-16-a-09.10.12_2a59a792.jpg?resize=768%2C1024&amp;ssl=1 768w, https:\/\/i0.wp.com\/canaripress.com\/wp-content\/uploads\/2025\/11\/WhatsApp-Image-2025-11-16-a-09.10.12_2a59a792.jpg?w=960&amp;ssl=1 960w\" alt=\"\" width=\"225\" height=\"300\" data-recalc-dims=\"1\" \/><img loading=\"lazy\" decoding=\"async\" class=\"alignnone size-medium wp-image-10561\" src=\"https:\/\/i0.wp.com\/canaripress.com\/wp-content\/uploads\/2025\/11\/WhatsApp-Image-2025-11-16-a-09.10.09_a53a7a61.jpg?resize=300%2C225&amp;ssl=1\" sizes=\"auto, (max-width: 300px) 100vw, 300px\" srcset=\"https:\/\/i0.wp.com\/canaripress.com\/wp-content\/uploads\/2025\/11\/WhatsApp-Image-2025-11-16-a-09.10.09_a53a7a61.jpg?resize=300%2C225&amp;ssl=1 300w, https:\/\/i0.wp.com\/canaripress.com\/wp-content\/uploads\/2025\/11\/WhatsApp-Image-2025-11-16-a-09.10.09_a53a7a61.jpg?resize=1024%2C768&amp;ssl=1 1024w, https:\/\/i0.wp.com\/canaripress.com\/wp-content\/uploads\/2025\/11\/WhatsApp-Image-2025-11-16-a-09.10.09_a53a7a61.jpg?resize=768%2C576&amp;ssl=1 768w, https:\/\/i0.wp.com\/canaripress.com\/wp-content\/uploads\/2025\/11\/WhatsApp-Image-2025-11-16-a-09.10.09_a53a7a61.jpg?w=1280&amp;ssl=1 1280w\" alt=\"\" width=\"300\" height=\"225\" data-recalc-dims=\"1\" \/>\u00a0<img loading=\"lazy\" decoding=\"async\" class=\"alignnone size-medium wp-image-10562\" src=\"https:\/\/i0.wp.com\/canaripress.com\/wp-content\/uploads\/2025\/11\/WhatsApp-Image-2025-11-16-a-09.10.10_1bb61a40.jpg?resize=300%2C225&amp;ssl=1\" sizes=\"auto, (max-width: 300px) 100vw, 300px\" srcset=\"https:\/\/i0.wp.com\/canaripress.com\/wp-content\/uploads\/2025\/11\/WhatsApp-Image-2025-11-16-a-09.10.10_1bb61a40.jpg?resize=300%2C225&amp;ssl=1 300w, https:\/\/i0.wp.com\/canaripress.com\/wp-content\/uploads\/2025\/11\/WhatsApp-Image-2025-11-16-a-09.10.10_1bb61a40.jpg?resize=1024%2C768&amp;ssl=1 1024w, https:\/\/i0.wp.com\/canaripress.com\/wp-content\/uploads\/2025\/11\/WhatsApp-Image-2025-11-16-a-09.10.10_1bb61a40.jpg?resize=768%2C576&amp;ssl=1 768w, https:\/\/i0.wp.com\/canaripress.com\/wp-content\/uploads\/2025\/11\/WhatsApp-Image-2025-11-16-a-09.10.10_1bb61a40.jpg?resize=1536%2C1152&amp;ssl=1 1536w, https:\/\/i0.wp.com\/canaripress.com\/wp-content\/uploads\/2025\/11\/WhatsApp-Image-2025-11-16-a-09.10.10_1bb61a40.jpg?w=1600&amp;ssl=1 1600w, https:\/\/i0.wp.com\/canaripress.com\/wp-content\/uploads\/2025\/11\/WhatsApp-Image-2025-11-16-a-09.10.10_1bb61a40.jpg?w=1416&amp;ssl=1 1416w\" alt=\"\" width=\"300\" height=\"225\" data-recalc-dims=\"1\" \/><img loading=\"lazy\" decoding=\"async\" class=\"alignnone wp-image-10564\" src=\"https:\/\/i0.wp.com\/canaripress.com\/wp-content\/uploads\/2025\/11\/WhatsApp-Image-2025-11-16-a-09.10.11_976a76ef.jpg?resize=335%2C251&amp;ssl=1\" sizes=\"auto, (max-width: 335px) 100vw, 335px\" srcset=\"https:\/\/i0.wp.com\/canaripress.com\/wp-content\/uploads\/2025\/11\/WhatsApp-Image-2025-11-16-a-09.10.11_976a76ef.jpg?resize=300%2C225&amp;ssl=1 300w, https:\/\/i0.wp.com\/canaripress.com\/wp-content\/uploads\/2025\/11\/WhatsApp-Image-2025-11-16-a-09.10.11_976a76ef.jpg?resize=1024%2C768&amp;ssl=1 1024w, https:\/\/i0.wp.com\/canaripress.com\/wp-content\/uploads\/2025\/11\/WhatsApp-Image-2025-11-16-a-09.10.11_976a76ef.jpg?resize=768%2C576&amp;ssl=1 768w, https:\/\/i0.wp.com\/canaripress.com\/wp-content\/uploads\/2025\/11\/WhatsApp-Image-2025-11-16-a-09.10.11_976a76ef.jpg?w=1280&amp;ssl=1 1280w\" alt=\"\" width=\"335\" height=\"251\" data-recalc-dims=\"1\" \/><\/p>\n<p><img loading=\"lazy\" decoding=\"async\" class=\"alignnone size-medium wp-image-10563\" src=\"https:\/\/i0.wp.com\/canaripress.com\/wp-content\/uploads\/2025\/11\/WhatsApp-Image-2025-11-16-a-09.10.10_53da6423.jpg?resize=225%2C300&amp;ssl=1\" sizes=\"auto, (max-width: 225px) 100vw, 225px\" srcset=\"https:\/\/i0.wp.com\/canaripress.com\/wp-content\/uploads\/2025\/11\/WhatsApp-Image-2025-11-16-a-09.10.10_53da6423.jpg?resize=225%2C300&amp;ssl=1 225w, https:\/\/i0.wp.com\/canaripress.com\/wp-content\/uploads\/2025\/11\/WhatsApp-Image-2025-11-16-a-09.10.10_53da6423.jpg?resize=768%2C1024&amp;ssl=1 768w, https:\/\/i0.wp.com\/canaripress.com\/wp-content\/uploads\/2025\/11\/WhatsApp-Image-2025-11-16-a-09.10.10_53da6423.jpg?w=960&amp;ssl=1 960w\" alt=\"\" width=\"225\" height=\"300\" data-recalc-dims=\"1\" \/> \u00a0\u00a0\u00a0<img loading=\"lazy\" decoding=\"async\" class=\"alignnone size-medium wp-image-10567\" src=\"https:\/\/i0.wp.com\/canaripress.com\/wp-content\/uploads\/2025\/11\/WhatsApp-Image-2025-11-16-a-09.10.16_9acfee0d.jpg?resize=300%2C225&amp;ssl=1\" sizes=\"auto, (max-width: 300px) 100vw, 300px\" srcset=\"https:\/\/i0.wp.com\/canaripress.com\/wp-content\/uploads\/2025\/11\/WhatsApp-Image-2025-11-16-a-09.10.16_9acfee0d.jpg?resize=300%2C225&amp;ssl=1 300w, https:\/\/i0.wp.com\/canaripress.com\/wp-content\/uploads\/2025\/11\/WhatsApp-Image-2025-11-16-a-09.10.16_9acfee0d.jpg?resize=1024%2C768&amp;ssl=1 1024w, https:\/\/i0.wp.com\/canaripress.com\/wp-content\/uploads\/2025\/11\/WhatsApp-Image-2025-11-16-a-09.10.16_9acfee0d.jpg?resize=768%2C576&amp;ssl=1 768w, https:\/\/i0.wp.com\/canaripress.com\/wp-content\/uploads\/2025\/11\/WhatsApp-Image-2025-11-16-a-09.10.16_9acfee0d.jpg?resize=1536%2C1152&amp;ssl=1 1536w, https:\/\/i0.wp.com\/canaripress.com\/wp-content\/uploads\/2025\/11\/WhatsApp-Image-2025-11-16-a-09.10.16_9acfee0d.jpg?w=2000&amp;ssl=1 2000w, https:\/\/i0.wp.com\/canaripress.com\/wp-content\/uploads\/2025\/11\/WhatsApp-Image-2025-11-16-a-09.10.16_9acfee0d.jpg?w=1416&amp;ssl=1 1416w\" alt=\"\" width=\"300\" height=\"225\" data-recalc-dims=\"1\" \/><img loading=\"lazy\" decoding=\"async\" class=\"alignnone size-medium wp-image-10573\" src=\"https:\/\/i0.wp.com\/canaripress.com\/wp-content\/uploads\/2025\/11\/WhatsApp-Image-2025-11-17-a-09.07.08_a018ba85.jpg?resize=300%2C225&amp;ssl=1\" sizes=\"auto, (max-width: 300px) 100vw, 300px\" srcset=\"https:\/\/i0.wp.com\/canaripress.com\/wp-content\/uploads\/2025\/11\/WhatsApp-Image-2025-11-17-a-09.07.08_a018ba85.jpg?resize=300%2C225&amp;ssl=1 300w, https:\/\/i0.wp.com\/canaripress.com\/wp-content\/uploads\/2025\/11\/WhatsApp-Image-2025-11-17-a-09.07.08_a018ba85.jpg?resize=1024%2C768&amp;ssl=1 1024w, https:\/\/i0.wp.com\/canaripress.com\/wp-content\/uploads\/2025\/11\/WhatsApp-Image-2025-11-17-a-09.07.08_a018ba85.jpg?resize=768%2C576&amp;ssl=1 768w, https:\/\/i0.wp.com\/canaripress.com\/wp-content\/uploads\/2025\/11\/WhatsApp-Image-2025-11-17-a-09.07.08_a018ba85.jpg?resize=1536%2C1152&amp;ssl=1 1536w, https:\/\/i0.wp.com\/canaripress.com\/wp-content\/uploads\/2025\/11\/WhatsApp-Image-2025-11-17-a-09.07.08_a018ba85.jpg?w=1600&amp;ssl=1 1600w, https:\/\/i0.wp.com\/canaripress.com\/wp-content\/uploads\/2025\/11\/WhatsApp-Image-2025-11-17-a-09.07.08_a018ba85.jpg?w=1416&amp;ssl=1 1416w\" alt=\"\" width=\"300\" height=\"225\" data-recalc-dims=\"1\" \/><img loading=\"lazy\" decoding=\"async\" class=\"alignnone size-medium wp-image-10572\" src=\"https:\/\/i0.wp.com\/canaripress.com\/wp-content\/uploads\/2025\/11\/WhatsApp-Image-2025-11-17-a-09.07.08_6056197a.jpg?resize=300%2C225&amp;ssl=1\" sizes=\"auto, (max-width: 300px) 100vw, 300px\" srcset=\"https:\/\/i0.wp.com\/canaripress.com\/wp-content\/uploads\/2025\/11\/WhatsApp-Image-2025-11-17-a-09.07.08_6056197a.jpg?resize=300%2C225&amp;ssl=1 300w, https:\/\/i0.wp.com\/canaripress.com\/wp-content\/uploads\/2025\/11\/WhatsApp-Image-2025-11-17-a-09.07.08_6056197a.jpg?resize=1024%2C768&amp;ssl=1 1024w, https:\/\/i0.wp.com\/canaripress.com\/wp-content\/uploads\/2025\/11\/WhatsApp-Image-2025-11-17-a-09.07.08_6056197a.jpg?resize=768%2C576&amp;ssl=1 768w, https:\/\/i0.wp.com\/canaripress.com\/wp-content\/uploads\/2025\/11\/WhatsApp-Image-2025-11-17-a-09.07.08_6056197a.jpg?resize=1536%2C1152&amp;ssl=1 1536w, https:\/\/i0.wp.com\/canaripress.com\/wp-content\/uploads\/2025\/11\/WhatsApp-Image-2025-11-17-a-09.07.08_6056197a.jpg?w=1600&amp;ssl=1 1600w, https:\/\/i0.wp.com\/canaripress.com\/wp-content\/uploads\/2025\/11\/WhatsApp-Image-2025-11-17-a-09.07.08_6056197a.jpg?w=1416&amp;ssl=1 1416w\" alt=\"\" width=\"300\" height=\"225\" data-recalc-dims=\"1\" \/><\/p>\n<p><img loading=\"lazy\" decoding=\"async\" class=\"alignnone size-medium wp-image-10568\" src=\"https:\/\/i0.wp.com\/canaripress.com\/wp-content\/uploads\/2025\/11\/WhatsApp-Image-2025-11-16-a-09.10.16_458ca719.jpg?resize=300%2C225&amp;ssl=1\" sizes=\"auto, (max-width: 300px) 100vw, 300px\" srcset=\"https:\/\/i0.wp.com\/canaripress.com\/wp-content\/uploads\/2025\/11\/WhatsApp-Image-2025-11-16-a-09.10.16_458ca719.jpg?resize=300%2C225&amp;ssl=1 300w, https:\/\/i0.wp.com\/canaripress.com\/wp-content\/uploads\/2025\/11\/WhatsApp-Image-2025-11-16-a-09.10.16_458ca719.jpg?resize=1024%2C768&amp;ssl=1 1024w, https:\/\/i0.wp.com\/canaripress.com\/wp-content\/uploads\/2025\/11\/WhatsApp-Image-2025-11-16-a-09.10.16_458ca719.jpg?resize=768%2C576&amp;ssl=1 768w, https:\/\/i0.wp.com\/canaripress.com\/wp-content\/uploads\/2025\/11\/WhatsApp-Image-2025-11-16-a-09.10.16_458ca719.jpg?resize=1536%2C1152&amp;ssl=1 1536w, https:\/\/i0.wp.com\/canaripress.com\/wp-content\/uploads\/2025\/11\/WhatsApp-Image-2025-11-16-a-09.10.16_458ca719.jpg?w=2000&amp;ssl=1 2000w, https:\/\/i0.wp.com\/canaripress.com\/wp-content\/uploads\/2025\/11\/WhatsApp-Image-2025-11-16-a-09.10.16_458ca719.jpg?w=1416&amp;ssl=1 1416w\" alt=\"\" width=\"300\" height=\"225\" data-recalc-dims=\"1\" \/><img loading=\"lazy\" decoding=\"async\" class=\"alignnone size-medium wp-image-10575\" src=\"https:\/\/i0.wp.com\/canaripress.com\/wp-content\/uploads\/2025\/11\/WhatsApp-Image-2025-11-17-a-12.13.39_6345bbc9.jpg?resize=300%2C200&amp;ssl=1\" sizes=\"auto, (max-width: 300px) 100vw, 300px\" srcset=\"https:\/\/i0.wp.com\/canaripress.com\/wp-content\/uploads\/2025\/11\/WhatsApp-Image-2025-11-17-a-12.13.39_6345bbc9.jpg?resize=300%2C200&amp;ssl=1 300w, https:\/\/i0.wp.com\/canaripress.com\/wp-content\/uploads\/2025\/11\/WhatsApp-Image-2025-11-17-a-12.13.39_6345bbc9.jpg?resize=1024%2C683&amp;ssl=1 1024w, https:\/\/i0.wp.com\/canaripress.com\/wp-content\/uploads\/2025\/11\/WhatsApp-Image-2025-11-17-a-12.13.39_6345bbc9.jpg?resize=768%2C512&amp;ssl=1 768w, https:\/\/i0.wp.com\/canaripress.com\/wp-content\/uploads\/2025\/11\/WhatsApp-Image-2025-11-17-a-12.13.39_6345bbc9.jpg?resize=1536%2C1024&amp;ssl=1 1536w, https:\/\/i0.wp.com\/canaripress.com\/wp-content\/uploads\/2025\/11\/WhatsApp-Image-2025-11-17-a-12.13.39_6345bbc9.jpg?w=1560&amp;ssl=1 1560w, https:\/\/i0.wp.com\/canaripress.com\/wp-content\/uploads\/2025\/11\/WhatsApp-Image-2025-11-17-a-12.13.39_6345bbc9.jpg?w=1416&amp;ssl=1 1416w\" alt=\"\" width=\"300\" height=\"200\" data-recalc-dims=\"1\" \/><\/p>\n<p><img loading=\"lazy\" decoding=\"async\" class=\"alignnone size-medium wp-image-10574\" src=\"https:\/\/i0.wp.com\/canaripress.com\/wp-content\/uploads\/2025\/11\/WhatsApp-Image-2025-11-17-a-12.13.38_e99ac573.jpg?resize=300%2C182&amp;ssl=1\" sizes=\"auto, (max-width: 300px) 100vw, 300px\" srcset=\"https:\/\/i0.wp.com\/canaripress.com\/wp-content\/uploads\/2025\/11\/WhatsApp-Image-2025-11-17-a-12.13.38_e99ac573.jpg?resize=300%2C182&amp;ssl=1 300w, https:\/\/i0.wp.com\/canaripress.com\/wp-content\/uploads\/2025\/11\/WhatsApp-Image-2025-11-17-a-12.13.38_e99ac573.jpg?resize=1024%2C620&amp;ssl=1 1024w, https:\/\/i0.wp.com\/canaripress.com\/wp-content\/uploads\/2025\/11\/WhatsApp-Image-2025-11-17-a-12.13.38_e99ac573.jpg?resize=768%2C465&amp;ssl=1 768w, https:\/\/i0.wp.com\/canaripress.com\/wp-content\/uploads\/2025\/11\/WhatsApp-Image-2025-11-17-a-12.13.38_e99ac573.jpg?resize=780%2C470&amp;ssl=1 780w, https:\/\/i0.wp.com\/canaripress.com\/wp-content\/uploads\/2025\/11\/WhatsApp-Image-2025-11-17-a-12.13.38_e99ac573.jpg?w=1437&amp;ssl=1 1437w\" alt=\"\" width=\"300\" height=\"182\" data-recalc-dims=\"1\" \/><img loading=\"lazy\" decoding=\"async\" class=\"alignnone size-medium wp-image-10578\" src=\"https:\/\/i0.wp.com\/canaripress.com\/wp-content\/uploads\/2025\/11\/WhatsApp-Image-2025-11-17-a-12.13.38_3d08d504.jpg?resize=300%2C200&amp;ssl=1\" sizes=\"auto, (max-width: 300px) 100vw, 300px\" srcset=\"https:\/\/i0.wp.com\/canaripress.com\/wp-content\/uploads\/2025\/11\/WhatsApp-Image-2025-11-17-a-12.13.38_3d08d504.jpg?resize=300%2C200&amp;ssl=1 300w, https:\/\/i0.wp.com\/canaripress.com\/wp-content\/uploads\/2025\/11\/WhatsApp-Image-2025-11-17-a-12.13.38_3d08d504.jpg?resize=1024%2C683&amp;ssl=1 1024w, https:\/\/i0.wp.com\/canaripress.com\/wp-content\/uploads\/2025\/11\/WhatsApp-Image-2025-11-17-a-12.13.38_3d08d504.jpg?resize=768%2C512&amp;ssl=1 768w, https:\/\/i0.wp.com\/canaripress.com\/wp-content\/uploads\/2025\/11\/WhatsApp-Image-2025-11-17-a-12.13.38_3d08d504.jpg?resize=1536%2C1024&amp;ssl=1 1536w, https:\/\/i0.wp.com\/canaripress.com\/wp-content\/uploads\/2025\/11\/WhatsApp-Image-2025-11-17-a-12.13.38_3d08d504.jpg?w=1560&amp;ssl=1 1560w, https:\/\/i0.wp.com\/canaripress.com\/wp-content\/uploads\/2025\/11\/WhatsApp-Image-2025-11-17-a-12.13.38_3d08d504.jpg?w=1416&amp;ssl=1 1416w\" alt=\"\" width=\"300\" height=\"200\" data-recalc-dims=\"1\" \/><\/p>\n<p><img loading=\"lazy\" decoding=\"async\" class=\"alignnone size-medium wp-image-10577\" src=\"https:\/\/i0.wp.com\/canaripress.com\/wp-content\/uploads\/2025\/11\/WhatsApp-Image-2025-11-17-a-09.07.09_f157bdfe.jpg?resize=300%2C225&amp;ssl=1\" sizes=\"auto, (max-width: 300px) 100vw, 300px\" srcset=\"https:\/\/i0.wp.com\/canaripress.com\/wp-content\/uploads\/2025\/11\/WhatsApp-Image-2025-11-17-a-09.07.09_f157bdfe.jpg?resize=300%2C225&amp;ssl=1 300w, https:\/\/i0.wp.com\/canaripress.com\/wp-content\/uploads\/2025\/11\/WhatsApp-Image-2025-11-17-a-09.07.09_f157bdfe.jpg?resize=1024%2C768&amp;ssl=1 1024w, https:\/\/i0.wp.com\/canaripress.com\/wp-content\/uploads\/2025\/11\/WhatsApp-Image-2025-11-17-a-09.07.09_f157bdfe.jpg?resize=768%2C576&amp;ssl=1 768w, https:\/\/i0.wp.com\/canaripress.com\/wp-content\/uploads\/2025\/11\/WhatsApp-Image-2025-11-17-a-09.07.09_f157bdfe.jpg?resize=1536%2C1152&amp;ssl=1 1536w, https:\/\/i0.wp.com\/canaripress.com\/wp-content\/uploads\/2025\/11\/WhatsApp-Image-2025-11-17-a-09.07.09_f157bdfe.jpg?w=1600&amp;ssl=1 1600w, https:\/\/i0.wp.com\/canaripress.com\/wp-content\/uploads\/2025\/11\/WhatsApp-Image-2025-11-17-a-09.07.09_f157bdfe.jpg?w=1416&amp;ssl=1 1416w\" alt=\"\" width=\"300\" height=\"225\" data-recalc-dims=\"1\" \/><\/p>\n","protected":false},"excerpt":{"rendered":"<p>&nbsp; Para conmemorar el 50 aniversario de la triunfal Marcha Verde y el 70 aniversario del glorioso D\u00eda de la Independencia, y en un ambiente rebosante de alegr\u00eda y orgullo nacional, la Asociaci\u00f3n Plateada de Artes Culinarias (AFAC), afiliada a la Federaci\u00f3n Marroqu\u00ed de Artes Culinarias (FMAC), en colaboraci\u00f3n con la Asociaci\u00f3n Ra\u00edces Marroqu\u00edes de &hellip;<\/p>\n","protected":false},"author":1,"featured_media":2046,"comment_status":"open","ping_status":"open","sticky":false,"template":"","format":"standard","meta":{"footnotes":""},"categories":[27,28,24],"tags":[],"class_list":["post-2043","post","type-post","status-publish","format-standard","has-post-thumbnail","hentry","category-cultura","category-marroquies-del-mundo","category-politica"],"jetpack_featured_media_url":"https:\/\/canaripress.com\/es\/wp-content\/uploads\/sites\/2\/2025\/11\/WhatsApp-Image-2025-11-17-a-12.13.41_11818708.jpg","_links":{"self":[{"href":"https:\/\/canaripress.com\/es\/wp-json\/wp\/v2\/posts\/2043","targetHints":{"allow":["GET"]}}],"collection":[{"href":"https:\/\/canaripress.com\/es\/wp-json\/wp\/v2\/posts"}],"about":[{"href":"https:\/\/canaripress.com\/es\/wp-json\/wp\/v2\/types\/post"}],"author":[{"embeddable":true,"href":"https:\/\/canaripress.com\/es\/wp-json\/wp\/v2\/users\/1"}],"replies":[{"embeddable":true,"href":"https:\/\/canaripress.com\/es\/wp-json\/wp\/v2\/comments?post=2043"}],"version-history":[{"count":1,"href":"https:\/\/canaripress.com\/es\/wp-json\/wp\/v2\/posts\/2043\/revisions"}],"predecessor-version":[{"id":2049,"href":"https:\/\/canaripress.com\/es\/wp-json\/wp\/v2\/posts\/2043\/revisions\/2049"}],"wp:featuredmedia":[{"embeddable":true,"href":"https:\/\/canaripress.com\/es\/wp-json\/wp\/v2\/media\/2046"}],"wp:attachment":[{"href":"https:\/\/canaripress.com\/es\/wp-json\/wp\/v2\/media?parent=2043"}],"wp:term":[{"taxonomy":"category","embeddable":true,"href":"https:\/\/canaripress.com\/es\/wp-json\/wp\/v2\/categories?post=2043"},{"taxonomy":"post_tag","embeddable":true,"href":"https:\/\/canaripress.com\/es\/wp-json\/wp\/v2\/tags?post=2043"}],"curies":[{"name":"wp","href":"https:\/\/api.w.org\/{rel}","templated":true}]}}