{"id":2055,"date":"2025-12-05T17:39:30","date_gmt":"2025-12-05T16:39:30","guid":{"rendered":"https:\/\/canaripress.com\/es\/?p=2055"},"modified":"2025-12-05T17:39:30","modified_gmt":"2025-12-05T16:39:30","slug":"paises-bajos-anuncia-su-apoyo-a-la-autonomia-en-el-sahara-marroqui","status":"publish","type":"post","link":"https:\/\/canaripress.com\/es\/2025\/12\/05\/paises-bajos-anuncia-su-apoyo-a-la-autonomia-en-el-sahara-marroqui\/","title":{"rendered":"Pa\u00edses Bajos anuncia su apoyo a la autonom\u00eda en el S\u00e1hara marroqu\u00ed."},"content":{"rendered":"<div class=\"featured-area\">\n<div class=\"featured-area-inner\">\n<figure class=\"single-featured-image\"><\/figure>\n<\/div>\n<\/div>\n<div class=\"entry-content entry clearfix\">\n<figure class=\"figure-heading-post\"><figcaption class=\"thump-decription entry-thumb-caption\"><\/figcaption><\/figure>\n<p><img decoding=\"async\" src=\"https:\/\/i0.wp.com\/i1.hespress.com\/wp-content\/uploads\/2025\/12\/bourita-maroc-hollande-2.jpeg?w=708&amp;ssl=1\" alt=\"Pa\u00edses Bajos anuncia su apoyo a la autonom\u00eda en el S\u00e1hara.\" data-recalc-dims=\"1\" \/><\/p>\n<div class=\"article-content\">\n<p><span dir=\"auto\">En el marco de la din\u00e1mica internacional lanzada por el Rey Mohammed VI en apoyo de la soberan\u00eda de Marruecos sobre su S\u00e1hara y del plan de autonom\u00eda, los Pa\u00edses Bajos afirmaron que \u201cuna aut\u00e9ntica autonom\u00eda bajo soberan\u00eda marroqu\u00ed es la soluci\u00f3n m\u00e1s realista para poner fin definitivamente a este conflicto regional\u201d.<\/span><\/p>\n<p><img loading=\"lazy\" decoding=\"async\" class=\"alignnone size-full wp-image-1666564\" src=\"https:\/\/i0.wp.com\/i1.hespress.com\/wp-content\/uploads\/2025\/12\/bourita-maroc-hollande-1.jpeg?resize=708%2C472&amp;ssl=1\" sizes=\"auto, ( max-width : 100px ) 100px ,( max-width : 200px ) 200px ,( max-width : 300px ) 300px ,( max-width : 400px ) 400px ,( max-width : 500px ) 500px ,800px\" srcset=\"https:\/\/i1.hespress.com\/wp-content\/uploads\/2025\/12\/bourita-maroc-hollande-1-768x512.jpeg 768w, https:\/\/i1.hespress.com\/wp-content\/uploads\/resize\/100\/2025\/12\/bourita-maroc-hollande-1.jpeg 100w, https:\/\/i1.hespress.com\/wp-content\/uploads\/resize\/200\/2025\/12\/bourita-maroc-hollande-1.jpeg 200w, https:\/\/i1.hespress.com\/wp-content\/uploads\/resize\/300\/2025\/12\/bourita-maroc-hollande-1.jpeg 300w, https:\/\/i1.hespress.com\/wp-content\/uploads\/resize\/400\/2025\/12\/bourita-maroc-hollande-1.jpeg 400w, https:\/\/i1.hespress.com\/wp-content\/uploads\/resize\/500\/2025\/12\/bourita-maroc-hollande-1.jpeg 500w, https:\/\/i1.hespress.com\/wp-content\/uploads\/2025\/12\/bourita-maroc-hollande-1.jpeg 800w\" alt=\"\" width=\"708\" height=\"472\" data-recalc-dims=\"1\" \/><\/p>\n<p><span dir=\"auto\">Esta posici\u00f3n fue expresada en la declaraci\u00f3n conjunta adoptada hoy, viernes 5 de diciembre de 2025, en La Haya, por el Ministro de Asuntos Exteriores, Cooperaci\u00f3n Africana y Marroqu\u00edes Residentes en el Extranjero, Nasser Bourita, y el Ministro de Asuntos Exteriores, Ministro de Asilo y Migraci\u00f3n de los Pa\u00edses Bajos, David van Wel, tras una reuni\u00f3n entre ambas partes.<\/span><\/p>\n<div id=\"div-gpt-ad-1608049251753-0\" data-google-query-id=\"CNLRg7_rppEDFUpIHQkdMPkoqA\">\n<div id=\"google_ads_iframe_\/153418548\/pave_article_mobile_hespress_0__container__\"><\/div>\n<\/div>\n<p><img loading=\"lazy\" decoding=\"async\" class=\"alignnone size-full wp-image-1666563\" src=\"https:\/\/i0.wp.com\/i1.hespress.com\/wp-content\/uploads\/2025\/12\/bourita-maroc-hollande.jpeg?resize=708%2C472&amp;ssl=1\" sizes=\"auto, ( max-width : 100px ) 100px ,( max-width : 200px ) 200px ,( max-width : 300px ) 300px ,( max-width : 400px ) 400px ,( max-width : 500px ) 500px ,800px\" srcset=\"https:\/\/i1.hespress.com\/wp-content\/uploads\/2025\/12\/bourita-maroc-hollande-768x512.jpeg 768w, https:\/\/i1.hespress.com\/wp-content\/uploads\/resize\/100\/2025\/12\/bourita-maroc-hollande.jpeg 100w, https:\/\/i1.hespress.com\/wp-content\/uploads\/resize\/200\/2025\/12\/bourita-maroc-hollande.jpeg 200w, https:\/\/i1.hespress.com\/wp-content\/uploads\/resize\/300\/2025\/12\/bourita-maroc-hollande.jpeg 300w, https:\/\/i1.hespress.com\/wp-content\/uploads\/resize\/400\/2025\/12\/bourita-maroc-hollande.jpeg 400w, https:\/\/i1.hespress.com\/wp-content\/uploads\/resize\/500\/2025\/12\/bourita-maroc-hollande.jpeg 500w, https:\/\/i1.hespress.com\/wp-content\/uploads\/2025\/12\/bourita-maroc-hollande.jpeg 800w\" alt=\"\" width=\"708\" height=\"472\" data-recalc-dims=\"1\" \/><\/p>\n<p><span dir=\"auto\">La declaraci\u00f3n conjunta tambi\u00e9n se\u00f1al\u00f3 que los Pa\u00edses Bajos acogieron con benepl\u00e1cito la adopci\u00f3n por el Consejo de Seguridad de las Naciones Unidas de la Resoluci\u00f3n 2797 y expresaron su pleno apoyo a los esfuerzos del Secretario General y su Enviado Personal para facilitar y llevar a cabo negociaciones basadas en la iniciativa de autonom\u00eda marroqu\u00ed, con el objetivo de alcanzar una soluci\u00f3n justa, duradera y mutuamente aceptable, como se recomienda en las resoluciones pertinentes del Consejo de Seguridad.<\/span><\/p>\n<h3 class=\"wp-block-heading\"><span dir=\"auto\">Rabat y La Haya elevan sus relaciones a una asociaci\u00f3n estrat\u00e9gica<\/span><\/h3>\n<p><span dir=\"auto\">En el contexto de este acercamiento cada vez m\u00e1s acelerado, Marruecos y los Pa\u00edses Bajos celebraron el impulso sin precedentes de sus relaciones bilaterales y anunciaron en\u00a0\u00a0<\/span><strong><span dir=\"auto\">una declaraci\u00f3n conjunta<\/span><\/strong><span dir=\"auto\">\u00a0\u00a0su decisi\u00f3n de trabajar para\u00a0\u00a0<\/span><strong><span dir=\"auto\">elevar su cooperaci\u00f3n al nivel de asociaci\u00f3n estrat\u00e9gica<\/span><\/strong><span dir=\"auto\">\u00a0.<\/span><br \/>\n<span dir=\"auto\">Esta declaraci\u00f3n se produjo tras una visita de trabajo del ministro de Asuntos Exteriores marroqu\u00ed,\u00a0\u00a0<\/span><strong><span dir=\"auto\">Nasser Bourita,<\/span><\/strong><span dir=\"auto\">\u00a0\u00a0a La Haya por invitaci\u00f3n de su hom\u00f3logo neerland\u00e9s,\u00a0\u00a0<\/span><strong><span dir=\"auto\">David van Wel<\/span><\/strong><span dir=\"auto\">\u00a0.<\/span><\/p>\n<h3 class=\"wp-block-heading\"><span dir=\"auto\">Una asociaci\u00f3n basada en la confianza y los intereses compartidos<\/span><\/h3>\n<p><span dir=\"auto\">Ambas partes reafirmaron la calidad y profundidad de la asociaci\u00f3n, cimentada en\u00a0\u00a0<\/span><strong><span dir=\"auto\">la amistad y la confianza mutua, y en apoyo de los intereses estrat\u00e9gicos de ambos pa\u00edses<\/span><\/strong><span dir=\"auto\">\u00a0. Acordaron fortalecer la regularidad del di\u00e1logo pol\u00edtico, intensificar las visitas de alto nivel e implementar la Hoja de Ruta (2022) y el Plan de Acci\u00f3n (2021), con renovaci\u00f3n en 2026 para profundizar la cooperaci\u00f3n.<\/span><\/p>\n<h3 class=\"wp-block-heading\"><span dir=\"auto\">Cooperaci\u00f3n que abarca la econom\u00eda, la seguridad, la agricultura, la energ\u00eda limpia y el hidr\u00f3geno verde.<\/span><\/h3>\n<p><span dir=\"auto\">Marruecos y los Pa\u00edses Bajos reafirmaron su compromiso de\u00a0\u00a0<\/span><strong><span dir=\"auto\">ampliar la cooperaci\u00f3n bilateral en los \u00e1mbitos de la econom\u00eda, la agricultura, la seguridad, la ciencia, la cultura y la migraci\u00f3n<\/span><\/strong><span dir=\"auto\">\u00a0, con especial atenci\u00f3n a:<\/span><\/p>\n<ul class=\"wp-block-list\">\n<li><strong><span dir=\"auto\">Energ\u00eda renovable e hidr\u00f3geno verde<\/span><\/strong><\/li>\n<li><strong><span dir=\"auto\">Gesti\u00f3n del agua y las infraestructuras<\/span><\/strong><\/li>\n<li><strong><span dir=\"auto\">Comercio e inversiones<\/span><\/strong><\/li>\n<li><strong><span dir=\"auto\">Agricultura y seguridad alimentaria<\/span><\/strong><\/li>\n<\/ul>\n<p><span dir=\"auto\">Este enfoque refleja\u00a0\u00a0<\/span><strong><span dir=\"auto\">una visi\u00f3n compartida de una futura econom\u00eda verde<\/span><\/strong><span dir=\"auto\">\u00a0y coloca a ambos pa\u00edses en una posici\u00f3n avanzada a nivel internacional en el campo de la energ\u00eda limpia.<\/span><\/p>\n<h3 class=\"wp-block-heading\"><span dir=\"auto\">Cooperaci\u00f3n deportiva de cara al Mundial 2030<\/span><\/h3>\n<p><span dir=\"auto\">Entre los puntos que destacan la solidez de la confianza mutua, los Pa\u00edses Bajos renovaron\u00a0\u00a0<\/span><strong><span dir=\"auto\">su firme inter\u00e9s en cooperar con Marruecos en la preparaci\u00f3n para la Copa Mundial de 2030.<\/span><\/strong><span dir=\"auto\">\u00a0Este inter\u00e9s refleja el aprecio de los socios europeos por la infraestructura marroqu\u00ed y la transformaci\u00f3n deportiva en curso en el Reino.<\/span><\/p>\n<h3 class=\"wp-block-heading\"><span dir=\"auto\">Marruecos: una potencia regional que est\u00e1 transformando el equilibrio de poder en la regi\u00f3n<\/span><\/h3>\n<p><span dir=\"auto\">Al apoyar la autonom\u00eda y fortalecer su alianza econ\u00f3mica y pol\u00edtica con Marruecos, los Pa\u00edses Bajos se suman a\u00a0\u00a0<\/span><strong><span dir=\"auto\">una nueva tendencia internacional que reconoce el papel del Reino como potencia regional que avanza con firmeza y confianza<\/span><\/strong><span dir=\"auto\">\u00a0.<\/span><br \/>\n<span dir=\"auto\">Esta es una prueba m\u00e1s de que\u00a0\u00a0<\/span><strong><span dir=\"auto\">el S\u00e1hara es marroqu\u00ed\u2026 por su legitimidad, por la fuerza de la realidad y por el apoyo de sus socios.<\/span><\/strong><\/p>\n<p><span dir=\"auto\">Es evidente que el apoyo holand\u00e9s no es s\u00f3lo una postura pol\u00edtica pasajera, sino\u00a0\u00a0<\/span><strong><span dir=\"auto\">parte de una visi\u00f3n estrat\u00e9gica a largo plazo<\/span><\/strong><span dir=\"auto\">\u00a0\u00a0que refleja intereses y alianzas comunes basadas en la estabilidad, el pragmatismo y el respeto a la soberan\u00eda nacional.<\/span><\/p>\n<p><span dir=\"auto\">Con la expansi\u00f3n del reconocimiento internacional de la iniciativa marroqu\u00ed y el crecimiento de futuras asociaciones, Marruecos\u00a0<\/span><\/p>\n<\/div>\n<\/div>\n","protected":false},"excerpt":{"rendered":"<p>En el marco de la din\u00e1mica internacional lanzada por el Rey Mohammed VI en apoyo de la soberan\u00eda de Marruecos sobre su S\u00e1hara y del plan de autonom\u00eda, los Pa\u00edses Bajos afirmaron que \u201cuna aut\u00e9ntica autonom\u00eda bajo soberan\u00eda marroqu\u00ed es la soluci\u00f3n m\u00e1s realista para poner fin definitivamente a este conflicto regional\u201d. Esta posici\u00f3n fue &hellip;<\/p>\n","protected":false},"author":1,"featured_media":2056,"comment_status":"open","ping_status":"open","sticky":false,"template":"","format":"standard","meta":{"footnotes":""},"categories":[26,24],"tags":[],"class_list":["post-2055","post","type-post","status-publish","format-standard","has-post-thumbnail","hentry","category-mundo","category-politica"],"jetpack_featured_media_url":"https:\/\/canaripress.com\/es\/wp-content\/uploads\/sites\/2\/2025\/12\/ea717976-bca0-482c-9d73-b89b8651f1cd.webp","_links":{"self":[{"href":"https:\/\/canaripress.com\/es\/wp-json\/wp\/v2\/posts\/2055","targetHints":{"allow":["GET"]}}],"collection":[{"href":"https:\/\/canaripress.com\/es\/wp-json\/wp\/v2\/posts"}],"about":[{"href":"https:\/\/canaripress.com\/es\/wp-json\/wp\/v2\/types\/post"}],"author":[{"embeddable":true,"href":"https:\/\/canaripress.com\/es\/wp-json\/wp\/v2\/users\/1"}],"replies":[{"embeddable":true,"href":"https:\/\/canaripress.com\/es\/wp-json\/wp\/v2\/comments?post=2055"}],"version-history":[{"count":1,"href":"https:\/\/canaripress.com\/es\/wp-json\/wp\/v2\/posts\/2055\/revisions"}],"predecessor-version":[{"id":2057,"href":"https:\/\/canaripress.com\/es\/wp-json\/wp\/v2\/posts\/2055\/revisions\/2057"}],"wp:featuredmedia":[{"embeddable":true,"href":"https:\/\/canaripress.com\/es\/wp-json\/wp\/v2\/media\/2056"}],"wp:attachment":[{"href":"https:\/\/canaripress.com\/es\/wp-json\/wp\/v2\/media?parent=2055"}],"wp:term":[{"taxonomy":"category","embeddable":true,"href":"https:\/\/canaripress.com\/es\/wp-json\/wp\/v2\/categories?post=2055"},{"taxonomy":"post_tag","embeddable":true,"href":"https:\/\/canaripress.com\/es\/wp-json\/wp\/v2\/tags?post=2055"}],"curies":[{"name":"wp","href":"https:\/\/api.w.org\/{rel}","templated":true}]}}