{"id":2064,"date":"2026-02-11T23:23:09","date_gmt":"2026-02-11T22:23:09","guid":{"rendered":"https:\/\/canaripress.com\/es\/?p=2064"},"modified":"2026-02-11T23:23:09","modified_gmt":"2026-02-11T22:23:09","slug":"marruecos-elegido-para-el-consejo-de-paz-y-seguridad-por-un-periodo-de-dos-anos","status":"publish","type":"post","link":"https:\/\/canaripress.com\/es\/2026\/02\/11\/marruecos-elegido-para-el-consejo-de-paz-y-seguridad-por-un-periodo-de-dos-anos\/","title":{"rendered":"Marruecos elegido para el Consejo de Paz y Seguridad por un per\u00edodo de dos a\u00f1os"},"content":{"rendered":"<div class=\"xdj266r x14z9mp xat24cr x1lziwak x1vvkbs x126k92a\">\n<div dir=\"auto\">Marruecos fue elegido, este mi\u00e9rcoles en Ad\u00eds Abeba, en la primera vuelta, para un mandato de dos a\u00f1os en el Consejo de Paz y Seguridad (CPS) de la Uni\u00f3n Africana (UA). El Reino obtuvo m\u00e1s de dos tercios de los votos (34 votos) en esta elecci\u00f3n, que se celebr\u00f3 en el marco de la 48.\u00aa sesi\u00f3n ordinaria del Consejo Ejecutivo de la Uni\u00f3n Africana.<\/div>\n<div dir=\"auto\"><\/div>\n<div dir=\"auto\">Desde su regreso a la Uni\u00f3n Africana en 2017, el Reino ha ocupado dos veces un puesto en este \u00f3rgano, respectivamente por un mandato de tres a\u00f1os (2022-2025) y otro de dos a\u00f1os (2018-2020), durante los cuales Marruecos ha contribuido de manera constructiva a la mejora de los m\u00e9todos de trabajo y al establecimiento de buenas pr\u00e1cticas, en colaboraci\u00f3n con los dem\u00e1s Estados miembros del CPS, en el marco de un enfoque responsable e inclusivo. El Consejo de Paz y Seguridad (CPS) es el \u00f3rgano decisorio permanente de la Uni\u00f3n Africana para la prevenci\u00f3n, gesti\u00f3n y resoluci\u00f3n de conflictos en el continente.<\/div>\n<div dir=\"auto\"><\/div>\n<\/div>\n<div class=\"x14z9mp xat24cr x1lziwak x1vvkbs xtlvy1s x126k92a\">\n<div dir=\"auto\">Marruecos participa en los trabajos de la 48.\u00aa sesi\u00f3n ordinaria del Consejo Ejecutivo de la Uni\u00f3n Africana con una delegaci\u00f3n encabezada por el ministro de Asuntos Exteriores, Cooperaci\u00f3n Africana y Marroqu\u00edes Residentes en el Extranjero, el Sr. Nasser Bourita. Esta sesi\u00f3n se celebra como preludio de la 39.\u00aa cumbre de jefes de Estado y de Gobierno de la Uni\u00f3n Africana, prevista para los d\u00edas 14 y 15 de febrero.<\/div>\n<\/div>\n","protected":false},"excerpt":{"rendered":"<p>Marruecos fue elegido, este mi\u00e9rcoles en Ad\u00eds Abeba, en la primera vuelta, para un mandato de dos a\u00f1os en el Consejo de Paz y Seguridad (CPS) de la Uni\u00f3n Africana (UA). El Reino obtuvo m\u00e1s de dos tercios de los votos (34 votos) en esta elecci\u00f3n, que se celebr\u00f3 en el marco de la 48.\u00aa &hellip;<\/p>\n","protected":false},"author":1,"featured_media":2065,"comment_status":"open","ping_status":"open","sticky":false,"template":"","format":"standard","meta":{"footnotes":""},"categories":[28,26,24],"tags":[],"class_list":["post-2064","post","type-post","status-publish","format-standard","has-post-thumbnail","hentry","category-marroquies-del-mundo","category-mundo","category-politica"],"jetpack_featured_media_url":"https:\/\/canaripress.com\/es\/wp-content\/uploads\/sites\/2\/2026\/02\/632353827_1455928852761764_7691003353431315152_n.jpg","_links":{"self":[{"href":"https:\/\/canaripress.com\/es\/wp-json\/wp\/v2\/posts\/2064","targetHints":{"allow":["GET"]}}],"collection":[{"href":"https:\/\/canaripress.com\/es\/wp-json\/wp\/v2\/posts"}],"about":[{"href":"https:\/\/canaripress.com\/es\/wp-json\/wp\/v2\/types\/post"}],"author":[{"embeddable":true,"href":"https:\/\/canaripress.com\/es\/wp-json\/wp\/v2\/users\/1"}],"replies":[{"embeddable":true,"href":"https:\/\/canaripress.com\/es\/wp-json\/wp\/v2\/comments?post=2064"}],"version-history":[{"count":1,"href":"https:\/\/canaripress.com\/es\/wp-json\/wp\/v2\/posts\/2064\/revisions"}],"predecessor-version":[{"id":2066,"href":"https:\/\/canaripress.com\/es\/wp-json\/wp\/v2\/posts\/2064\/revisions\/2066"}],"wp:featuredmedia":[{"embeddable":true,"href":"https:\/\/canaripress.com\/es\/wp-json\/wp\/v2\/media\/2065"}],"wp:attachment":[{"href":"https:\/\/canaripress.com\/es\/wp-json\/wp\/v2\/media?parent=2064"}],"wp:term":[{"taxonomy":"category","embeddable":true,"href":"https:\/\/canaripress.com\/es\/wp-json\/wp\/v2\/categories?post=2064"},{"taxonomy":"post_tag","embeddable":true,"href":"https:\/\/canaripress.com\/es\/wp-json\/wp\/v2\/tags?post=2064"}],"curies":[{"name":"wp","href":"https:\/\/api.w.org\/{rel}","templated":true}]}}